{"id":9613,"count":1,"description":"","link":"https:\/\/emlaktuel.com\/?tag=propa-vista-ceosu-can-resit-ozcicek","name":"Propa Vista CEO'su Can Re\u015fit \u00d6z\u00e7i\u00e7ek","slug":"propa-vista-ceosu-can-resit-ozcicek","taxonomy":"post_tag","meta":[],"_links":{"self":[{"href":"https:\/\/emlaktuel.com\/index.php?rest_route=\/wp\/v2\/tags\/9613"}],"collection":[{"href":"https:\/\/emlaktuel.com\/index.php?rest_route=\/wp\/v2\/tags"}],"about":[{"href":"https:\/\/emlaktuel.com\/index.php?rest_route=\/wp\/v2\/taxonomies\/post_tag"}],"wp:post_type":[{"href":"https:\/\/emlaktuel.com\/index.php?rest_route=%2Fwp%2Fv2%2Fposts&tags=9613"}],"curies":[{"name":"wp","href":"https:\/\/api.w.org\/{rel}","templated":true}]}}