{"id":3547,"count":1,"description":"","link":"https:\/\/emlaktuel.com\/?tag=avmlerde-kira-kavgasi-cikti","name":"AVM\u2019lerde kira kavgas\u0131 \u00e7\u0131kt\u0131!","slug":"avmlerde-kira-kavgasi-cikti","taxonomy":"post_tag","meta":[],"_links":{"self":[{"href":"https:\/\/emlaktuel.com\/index.php?rest_route=\/wp\/v2\/tags\/3547"}],"collection":[{"href":"https:\/\/emlaktuel.com\/index.php?rest_route=\/wp\/v2\/tags"}],"about":[{"href":"https:\/\/emlaktuel.com\/index.php?rest_route=\/wp\/v2\/taxonomies\/post_tag"}],"wp:post_type":[{"href":"https:\/\/emlaktuel.com\/index.php?rest_route=%2Fwp%2Fv2%2Fposts&tags=3547"}],"curies":[{"name":"wp","href":"https:\/\/api.w.org\/{rel}","templated":true}]}}