{"id":9955,"date":"2017-01-08T09:57:32","date_gmt":"2017-01-08T06:57:32","guid":{"rendered":"http:\/\/emlaktuel.com\/?p=9955"},"modified":"2018-07-05T15:42:49","modified_gmt":"2018-07-05T12:42:49","slug":"istanbulda-kar-40-santimetreyi-buldu","status":"publish","type":"post","link":"https:\/\/emlaktuel.com\/?p=9955","title":{"rendered":"\u0130stanbul&#8217;da kar 40 santimetreyi buldu"},"content":{"rendered":"<div class=\"hz_top_post\">\n<div class=\"hz_title_and_meta\">\n<div class=\"hz_title\">\n<h1>\u0130stanbul&#8217;da ak\u015fam saatlerinden itibaren etkili olan kar ya\u011f\u0131\u015f\u0131 nedeniyle \u0130stanbul&#8217;un baz\u0131 b\u00f6lgelerinde kar kal\u0131nl\u0131\u011f\u0131 40 santimetreye ula\u015ft\u0131.<\/h1>\n<\/div>\n<\/div>\n<\/div>\n<div class=\"hz_main_post_content\">\n<div class=\"big_post_content\">\n<p>B\u00fcy\u00fck\u015fehir Belediyesinden yap\u0131lan a\u00e7\u0131klamaya g\u00f6re, kenti ak\u015fam saatlerinde etkisi alt\u0131na alan kar f\u0131rt\u0131nas\u0131, \u00c7atalca, Silivri, B\u00fcy\u00fck\u00e7ekmece, Avc\u0131lar, Esenyurt, Ba\u015fak\u015fehir, Arnavutk\u00f6y, Mahmutbey ba\u015fta olmak \u00fczere il genelinde etkili oldu.Kar kal\u0131nl\u0131klar\u0131 07.00 itibar\u0131yla Be\u015fikta\u015f, \u00dcsk\u00fcdar, Kad\u0131k\u00f6y, Bak\u0131rk\u00f6y&#8217;de 8-13 santimetre, Ey\u00fcp, Kartal, \u015ei\u015fli, Ata\u015fehir ve Maltepe&#8217;de 15-20 santimetre, Ka\u011f\u0131thane, Ba\u015fak\u015fehir, Beylikd\u00fcz\u00fc, \u00dcmraniye ve \u00c7ekmek\u00f6y&#8217;de 20-25 santimetre, Beykoz, Esenyurt, B\u00fcy\u00fck\u00e7ekmece, Arnavutk\u00f6y, \u00c7atalca ve Aydos&#8217;ta 35-40 santimetre olarak \u00f6l\u00e7\u00fcld\u00fc.B\u00fcy\u00fck\u015fehir Belediyesi, geceden itibaren bin 347 ara\u00e7 ve i\u015f makinesiyle 9 b\u00f6lgede \u00fc\u00e7 vardiya halinde 7 bin personelle g\u00f6rev yapt\u0131.\u0130l genelinde f\u0131rt\u0131na ve kuvvetli ya\u011f\u0131\u015f nedeniyle AKOM WhatsApp ihbar hatt\u0131na gelen m\u00fcracaatlar, Beyaz Masa ekipleri taraf\u0131ndan y\u00f6nlendirildi.Metrob\u00fcs seferleri art\u0131r\u0131l\u0131rken, metro 06.00&#8217;ya, marmaray 01.00&#8217;e kadar hizmet verdi.Mahmutbey gi\u015feler ve B\u00fcy\u00fck\u00e7ekmece b\u00f6lgesine 7 Mobil b\u00fcfe g\u00f6nderilerek kumanya da\u011f\u0131t\u0131ld\u0131.B\u00f6lge trafik ekipleri TEM otoyolu Selimpa\u015fa ayr\u0131m\u0131ndan trafik ak\u0131\u015f\u0131n\u0131 D100 istikametine y\u00f6nlendirirken at\u0131k y\u00f6netim ekipleri de \u0130stanbul geneli ana yollarda bulunan \u00fcst ge\u00e7itlerde ve metrob\u00fcs \u00fcst ge\u00e7i\u015flerinde tuzlama \u00e7al\u0131\u015fmalar\u0131 yapt\u0131.Karayollar\u0131 ve Yol Bak\u0131m Daire Ba\u015fkanl\u0131\u011f\u0131na ba\u011fl\u0131 kar k\u00fcreme ekipleri de s\u00f6z konusu \u00e7al\u0131\u015fmalar kaps\u0131m\u0131nda 26 bin 264 ton tuz ve 10 ton sol\u00fcsyon kulland\u0131.\u00a0Zeytinburnu Spor Salonunda 741 evsiz vatanda\u015f da belediye ekiplerince misafir edilerek ihtiya\u00e7lar\u0131 gideriliyor.<\/p>\n<\/div>\n<div class=\"big_post_content\">\n<div id='gallery-1' class='gallery galleryid-9955 gallery-columns-3 gallery-size-thumbnail'><figure class='gallery-item'>\n\t\t\t<div class='gallery-icon landscape'>\n\t\t\t\t<a href='https:\/\/emlaktuel.com\/?attachment_id=9977'><img width=\"150\" height=\"150\" src=\"https:\/\/emlaktuel.com\/wp-content\/uploads\/2017\/01\/istanbulda-kar-40-santimetreyi-buldu-150x150.jpg\" class=\"attachment-thumbnail size-thumbnail\" alt=\"\" loading=\"lazy\" \/><\/a>\n\t\t\t<\/div><\/figure><figure class='gallery-item'>\n\t\t\t<div class='gallery-icon landscape'>\n\t\t\t\t<a href='https:\/\/emlaktuel.com\/?attachment_id=9978'><img width=\"150\" height=\"150\" src=\"https:\/\/emlaktuel.com\/wp-content\/uploads\/2017\/01\/istanbulda-kar-40-santimetreyi-buldu-150x150.jpg\" class=\"attachment-thumbnail size-thumbnail\" alt=\"\" loading=\"lazy\" \/><\/a>\n\t\t\t<\/div><\/figure>\n\t\t<\/div>\n\n<\/div>\n<\/div>\n","protected":false},"excerpt":{"rendered":"<p>\u0130stanbul&#8217;da ak\u015fam saatlerinden itibaren etkili olan kar ya\u011f\u0131\u015f\u0131 nedeniyle \u0130stanbul&#8217;un baz\u0131 b\u00f6lgelerinde kar kal\u0131nl\u0131\u011f\u0131 40 santimetreye ula\u015ft\u0131. B\u00fcy\u00fck\u015fehir Belediyesinden yap\u0131lan a\u00e7\u0131klamaya g\u00f6re, kenti ak\u015fam saatlerinde etkisi alt\u0131na alan kar f\u0131rt\u0131nas\u0131, \u00c7atalca, Silivri, B\u00fcy\u00fck\u00e7ekmece, Avc\u0131lar, Esenyurt, Ba\u015fak\u015fehir, Arnavutk\u00f6y, Mahmutbey ba\u015fta olmak \u00fczere il genelinde etkili oldu.Kar kal\u0131nl\u0131klar\u0131 07.00 itibar\u0131yla Be\u015fikta\u015f, \u00dcsk\u00fcdar, Kad\u0131k\u00f6y, Bak\u0131rk\u00f6y&#8217;de 8-13 santimetre, Ey\u00fcp, [&hellip;]<\/p>\n","protected":false},"author":1,"featured_media":0,"comment_status":"open","ping_status":"open","sticky":false,"template":"","format":"standard","meta":{"ngg_post_thumbnail":0},"categories":[97,5388],"tags":[903,180,73,6101,6091,6103,6102,894,4607],"_links":{"self":[{"href":"https:\/\/emlaktuel.com\/index.php?rest_route=\/wp\/v2\/posts\/9955"}],"collection":[{"href":"https:\/\/emlaktuel.com\/index.php?rest_route=\/wp\/v2\/posts"}],"about":[{"href":"https:\/\/emlaktuel.com\/index.php?rest_route=\/wp\/v2\/types\/post"}],"author":[{"embeddable":true,"href":"https:\/\/emlaktuel.com\/index.php?rest_route=\/wp\/v2\/users\/1"}],"replies":[{"embeddable":true,"href":"https:\/\/emlaktuel.com\/index.php?rest_route=%2Fwp%2Fv2%2Fcomments&post=9955"}],"version-history":[{"count":2,"href":"https:\/\/emlaktuel.com\/index.php?rest_route=\/wp\/v2\/posts\/9955\/revisions"}],"predecessor-version":[{"id":9983,"href":"https:\/\/emlaktuel.com\/index.php?rest_route=\/wp\/v2\/posts\/9955\/revisions\/9983"}],"wp:attachment":[{"href":"https:\/\/emlaktuel.com\/index.php?rest_route=%2Fwp%2Fv2%2Fmedia&parent=9955"}],"wp:term":[{"taxonomy":"category","embeddable":true,"href":"https:\/\/emlaktuel.com\/index.php?rest_route=%2Fwp%2Fv2%2Fcategories&post=9955"},{"taxonomy":"post_tag","embeddable":true,"href":"https:\/\/emlaktuel.com\/index.php?rest_route=%2Fwp%2Fv2%2Ftags&post=9955"}],"curies":[{"name":"wp","href":"https:\/\/api.w.org\/{rel}","templated":true}]}}