{"id":9936,"date":"2017-01-07T23:56:31","date_gmt":"2017-01-07T20:56:31","guid":{"rendered":"http:\/\/emlaktuel.com\/?p=9936"},"modified":"2018-07-05T15:42:25","modified_gmt":"2018-07-05T12:42:25","slug":"apartman-yoneticileri-haberiniz-var-mi","status":"publish","type":"post","link":"https:\/\/emlaktuel.com\/?p=9936","title":{"rendered":"Apartman y\u00f6neticileri haberiniz var m\u0131?"},"content":{"rendered":"<h1 class=\"name post-title entry-title\"><\/h1>\n<div class=\"entry\">\n<div class=\"share-post\">\n<p><img loading=\"lazy\" class=\"alignnone size-medium wp-image-3300\" src=\"http:\/\/emlaktuel.com\/wp-content\/uploads\/2016\/07\/page_kredi-cekeceklere-faiz-indirimi-mujdesi_599069228-300x150.jpg\" alt=\"page_kredi-cekeceklere-faiz-indirimi-mujdesi_599069228\" width=\"300\" height=\"150\" \/><\/p>\n<p>Apartman g\u00f6revlisi emeklili\u011fini istedi\u011finde k\u0131dem tazminat\u0131 nas\u0131l hesaplan\u0131r?<\/p>\n<\/div>\n<p>Nas\u0131l m\u0131? Apartman g\u00f6revliniz size 25 y\u0131l hizmet etti. \u201cBen emeklili\u011fimi istiyorum,\u201d diye y\u00f6neticiye m\u00fcracaat\u0131n\u0131 yapt\u0131. Y\u00f6netici de emeklilik istemini kabul etti. 25 y\u0131l \u00fczerinden k\u0131dem tazminat\u0131n\u0131 hesaplay\u0131p, miktar\u0131 bildirdi. Apartman toplant\u0131s\u0131nda da kat maliklerine durumu izah etti. \u015eimdi burada dural\u0131m ve i\u015fin p\u00fcf noktas\u0131na gelelim. 25 y\u0131l\u0131n kar\u015f\u0131l\u0131\u011f\u0131 k\u0131dem tazminat\u0131 d\u0131\u015f\u0131nda, il\u00e2ve \u00f6demelere gelince;<\/p>\n<p>&nbsp;<\/p>\n<p>1. Apartman\u0131n kap\u0131c\u0131 dairesinde oturdu mu, oturdu. Y\u0131ll\u0131k rayi\u00e7 bedeli hesaplanacak, diyelim ayl\u0131k 250 \u20ba 12 ayla \u00e7arp\u0131lacak, y\u0131ll\u0131k art\u0131\u015flar hesaplan\u0131p, 25 y\u0131lla tekrar \u00e7arp\u0131lacak, \u00e7\u0131kan miktar\u0131 da k\u0131dem tazminat\u0131na il\u00e2ve edilecek.<\/p>\n<p>2. Yak\u0131t gideri: Apartman haliyle genel giderlerden, kap\u0131c\u0131n\u0131n yak\u0131t giderlerini her ay \u00f6dedi, \u00f6denen bu miktarlarda k\u0131dem tazminat\u0131na il\u00e2ve edilecek.<\/p>\n<p>3. Ayn\u0131 durum su ve elektrik i\u00e7inde ge\u00e7erli olup, netice itibari ile;<\/p>\n<p>25 y\u0131ll\u0131k k\u0131dem tazminat\u0131,<\/p>\n<p>+ bedava! oturdu\u011fu evin kiras\u0131,<\/p>\n<p>+ su bedeli,<\/p>\n<p>+ yak\u0131t gideri,<\/p>\n<p>+ elektrik gideri.<\/p>\n<p>A\u00e7\u0131k\u00e7as\u0131, bir s\u00f6zle\u015fme yoksa, apartman y\u00f6netimi, apartman g\u00f6revlisine yukar\u0131daki t\u00fcm mebla\u011flar\u0131, k\u0131dem tazminat\u0131na il\u00e2ve etmesi gerekir. (1475 say\u0131l\u0131 kanun maddesi. 14, Yarg\u0131tay 9.HD. 25.06.1996 tarih, 1996\/3107, K.1996\/14356 say\u0131l\u0131 karar\u0131)<\/p>\n<p>&nbsp;<\/p>\n<p>Kap\u0131c\u0131n\u0131z ile yapaca\u011f\u0131n\u0131z i\u015f s\u00f6zle\u015fmesinde, kira dahil, giderleri \u00f6demesi y\u00f6n\u00fcnde antla\u015fma yapm\u0131\u015fsan\u0131z mesele yok, yapmam\u0131\u015f iseniz s\u00fcrprizlere haz\u0131r olmal\u0131s\u0131n\u0131z. \u201cHem bedava oturdu, bir de kira m\u0131 verece\u011fim, elektri\u011fini, suyunu, yak\u0131t\u0131n\u0131 \u00f6dedik. \u00dcst\u00fcne \u00fcstl\u00fck onlar\u0131 da m\u0131 \u00f6deyece\u011fiz?\u201d diye hay\u0131flanmak ge\u00e7erli de\u011fildir. \u00c7are nedir? \u0130\u015f s\u00f6zle\u015fmesini kurallara uygun yapmakt\u0131r. Kanun koyucular ya bu ek \u00f6demeleri kald\u0131r\u0131p, yerine apartman g\u00f6revlilerinin hayat standard\u0131n\u0131 y\u00fckseltecek maa\u015f belirleyecek, ayr\u0131ca g\u00fcne\u015f g\u00f6rmez dairelerden kurtaracak, insanca ya\u015fama ko\u015fullar\u0131 sa\u011flaman\u0131n yollar\u0131 aranacakt\u0131r.<\/p>\n<p>Apartman y\u00f6neticileri \u015fimdiden k\u0131dem tazminat\u0131 ve il\u00e2ve \u00f6demeler i\u00e7in, fon olu\u015fturmaya ba\u015flarlarsa, kar\u015f\u0131la\u015facaklar\u0131 s\u00fcrprizleri hafifletmi\u015f olurlar. Hani ya demedi demeyin..! Evet kanun her ne kadar 1996 y\u0131l\u0131nda \u00e7\u0131km\u0131\u015fsa da, haks\u0131z zenginle\u015fmeye neden olmaktad\u0131r. Y\u00fcr\u00fcrl\u00fckte olan bu kanundan; apartman y\u00f6neticilerinin ka\u00e7\u0131n\u0131n haberi vard\u0131r? bilemeyiz\u2026 Bu kanun \u00e7\u00f6z\u00fcms\u00fczl\u00fck getirdi\u011fi gibi, k\u00f6rd\u00fc\u011f\u00fcme sebep olmaktad\u0131r. Ne diyelim kanunun kesti\u011fi parmak ac\u0131tmaz m\u0131, ac\u0131t\u0131r m\u0131? karar okuyucunundur.<\/p>\n<p>&nbsp;<\/p>\n<div class=\"sharedaddy sd-sharing-enabled\"><\/div>\n<\/div>\n","protected":false},"excerpt":{"rendered":"<p>Apartman g\u00f6revlisi emeklili\u011fini istedi\u011finde k\u0131dem tazminat\u0131 nas\u0131l hesaplan\u0131r? Nas\u0131l m\u0131? Apartman g\u00f6revliniz size 25 y\u0131l hizmet etti. \u201cBen emeklili\u011fimi istiyorum,\u201d diye y\u00f6neticiye m\u00fcracaat\u0131n\u0131 yapt\u0131. Y\u00f6netici de emeklilik istemini kabul etti. 25 y\u0131l \u00fczerinden k\u0131dem tazminat\u0131n\u0131 hesaplay\u0131p, miktar\u0131 bildirdi. Apartman toplant\u0131s\u0131nda da kat maliklerine durumu izah etti. \u015eimdi burada dural\u0131m ve i\u015fin p\u00fcf noktas\u0131na gelelim. 25 [&hellip;]<\/p>\n","protected":false},"author":1,"featured_media":3300,"comment_status":"open","ping_status":"open","sticky":false,"template":"","format":"standard","meta":{"ngg_post_thumbnail":0},"categories":[5221,97,5388],"tags":[11233,180,6092,6093,10653,11118,11349],"_links":{"self":[{"href":"https:\/\/emlaktuel.com\/index.php?rest_route=\/wp\/v2\/posts\/9936"}],"collection":[{"href":"https:\/\/emlaktuel.com\/index.php?rest_route=\/wp\/v2\/posts"}],"about":[{"href":"https:\/\/emlaktuel.com\/index.php?rest_route=\/wp\/v2\/types\/post"}],"author":[{"embeddable":true,"href":"https:\/\/emlaktuel.com\/index.php?rest_route=\/wp\/v2\/users\/1"}],"replies":[{"embeddable":true,"href":"https:\/\/emlaktuel.com\/index.php?rest_route=%2Fwp%2Fv2%2Fcomments&post=9936"}],"version-history":[{"count":1,"href":"https:\/\/emlaktuel.com\/index.php?rest_route=\/wp\/v2\/posts\/9936\/revisions"}],"predecessor-version":[{"id":9937,"href":"https:\/\/emlaktuel.com\/index.php?rest_route=\/wp\/v2\/posts\/9936\/revisions\/9937"}],"wp:featuredmedia":[{"embeddable":true,"href":"https:\/\/emlaktuel.com\/index.php?rest_route=\/wp\/v2\/media\/3300"}],"wp:attachment":[{"href":"https:\/\/emlaktuel.com\/index.php?rest_route=%2Fwp%2Fv2%2Fmedia&parent=9936"}],"wp:term":[{"taxonomy":"category","embeddable":true,"href":"https:\/\/emlaktuel.com\/index.php?rest_route=%2Fwp%2Fv2%2Fcategories&post=9936"},{"taxonomy":"post_tag","embeddable":true,"href":"https:\/\/emlaktuel.com\/index.php?rest_route=%2Fwp%2Fv2%2Ftags&post=9936"}],"curies":[{"name":"wp","href":"https:\/\/api.w.org\/{rel}","templated":true}]}}