{"id":9924,"date":"2017-01-07T01:49:05","date_gmt":"2017-01-06T22:49:05","guid":{"rendered":"http:\/\/emlaktuel.com\/?p=9924"},"modified":"2018-07-05T15:42:14","modified_gmt":"2018-07-05T12:42:14","slug":"atlantik-flyda-yeni-yilin-ilk-firsatlari","status":"publish","type":"post","link":"https:\/\/emlaktuel.com\/?p=9924","title":{"rendered":"Atlantik Fly&#8217;da yeni y\u0131l\u0131n ilk f\u0131rsatlar\u0131!"},"content":{"rendered":"<h1 class=\"news-detail-title selectionShareable\"><img loading=\"lazy\" class=\"alignnone  wp-image-9925\" src=\"http:\/\/emlaktuel.com\/wp-content\/uploads\/2017\/01\/NzMzNDA5MT-atlantik-flyda-yeni-yilin-ilk-avantajlari-300x192.jpg\" alt=\"atlantik fly\" width=\"500\" height=\"267\" \/><\/h1>\n<h1 class=\"news-detail-title selectionShareable\">\u0130stanbul\u2019da markal\u0131 ve nitelikli konut projeleri \u00fcreten Atlantik Yap\u0131, Fly projesinde y\u0131l\u0131n ilk avantajlar\u0131n\u0131 yat\u0131r\u0131mc\u0131lara sunuyor. Atlantik Fly\u2019da 2+1 daireler 265 bin TL\u2019den ba\u015flang\u0131\u00e7 g\u00f6steriyor.<\/h1>\n<p>&nbsp;<\/p>\n<div>\n<p>\u0130stanbul\u2019da markal\u0131 ve nitelikli konut projeleri \u00fcreten Atlantik Yap\u0131, Fly projesinde y\u0131l\u0131n ilk avantajlar\u0131n\u0131 yat\u0131r\u0131mc\u0131lara sunuyor. T\u00fcketici ihtiya\u00e7lar\u0131na y\u00f6nelik y\u00fcksek standartlarda konforlu bir ya\u015fam hedeflenen<b> Atlantik Fly<\/b>\u2019da 2+1 daireler 265 bin TL\u2019den ba\u015flang\u0131\u00e7 g\u00f6steriyor.<\/p>\n<p>Life projesinin ard\u0131ndan markal\u0131 konut sekt\u00f6r\u00fcnde sembol niteli\u011fi ta\u015f\u0131yacak bir projeye daha imza atan Atlantik Yap\u0131, konut al\u0131c\u0131lar\u0131na yat\u0131r\u0131m de\u011feri y\u00fcksek bir proje sunuyor. Pendik \u2018te, ula\u015f\u0131m ve sosyal ya\u015fam alanlar\u0131n\u0131n bulundu\u011fu b\u00f6lgenin merkezinde konumlanan<b> Atlantik Fly<\/b>, y\u00fcksek standartlarda ya\u015fam vadeden \u00f6zellikleriyle yat\u0131r\u0131mc\u0131lar\u0131n \u00f6ncelikli tercihi olmaya devam ediyor.<\/p>\n<p>Pendik b\u00f6lgesine ve proje donat\u0131lar\u0131na k\u0131yasla fiyatlar son derece ekonomik seviyelerde tutulurken, 2+1 dairelerin fiyatlar\u0131 265 bin TL\u2019den ba\u015flang\u0131\u00e7 g\u00f6steriyor. Lansman \u00f6ncesi y\u00fczde 25 pe\u015fin, 40 ay 0 faiz \u00f6deme se\u00e7ene\u011finin de yer ald\u0131\u011f\u0131 projede vade avantaj\u0131 yat\u0131r\u0131mc\u0131lara sunuluyor.<\/p>\n<p>Markal\u0131 projelerle b\u00f6lgeye de\u011fer kazand\u0131rd\u0131klar\u0131n\u0131 belirten \u00a0Atlantik Yap\u0131\u00a0 Sat\u0131\u015f ve Pazarlama M\u00fcd\u00fcr\u00fc Engin Tortumlu,\u2018\u2018Yat\u0131r\u0131mc\u0131n\u0131n b\u00fcy\u00fck ilgi g\u00f6sterdi\u011fi \u201clife\u201d projemizden sonra \u015fimdi de \u201cfly\u201d projemizi ayn\u0131 lokasyonda hayata ge\u00e7iriyoruz. Lansman \u00f6ncesi avantajl\u0131 fiyatlar ile uygun vade se\u00e7eneklerini k\u0131sa s\u00fcreli\u011fine yat\u0131r\u0131mc\u0131ya sunuyoruz. Konut al\u0131c\u0131lar\u0131n\u0131, kazan\u00e7 vadeden<b> Atlantik Fly<\/b> projemizi g\u00f6rmeye sat\u0131\u015f ofisine bekliyoruz\u2019\u2019 dedi.<\/p>\n<h2>ZENG\u0130N PEYZAJIYLA D\u0130KKAT \u00c7EK\u0130YOR<\/h2>\n<p>Kalite ve konfora \u00f6nem veren ailelerin taleplerine cevap verecek \u015fekilde tasarlanan 140 dairelik projenin 5\u2019inci kattan sonraki t\u00fcm daireleri deniz manzaras\u0131 hakim.<\/p>\n<p>Projede; 1+1, 2+1 ve 3+1 daire se\u00e7enekleri yer al\u0131rken farkl\u0131 beklentileri kar\u015f\u0131lamak i\u00e7in de 2+1 daireler kendi i\u00e7inde 5 farkl\u0131 tipte yat\u0131r\u0131mc\u0131lara sunuluyor.<\/p>\n<p>Projede daire b\u00fcy\u00fckl\u00fckleri 68 ile 142 metrekare aras\u0131nda de\u011fi\u015fiklik g\u00f6steriyor. Y\u00fczde 70\u2019i peyzaj ve ye\u015fil alanlara ayr\u0131larak yat\u0131r\u0131mc\u0131lara ferah bir ya\u015fam alan\u0131 olu\u015fturan<b> Atlantik Fly<\/b>, sa\u011flad\u0131\u011f\u0131 ayr\u0131cal\u0131klarla b\u00f6lgede konut al\u0131c\u0131lar\u0131n\u0131n dikkatini \u00e7ekiyor.<\/p>\n<h2>ULA\u015eIM A\u011eI \u0130LE \u00c7EVR\u0130L\u0130 B\u0130R B\u00d6LGEDE KONUMLANIYOR<\/h2>\n<p>Gayrimenkul yat\u0131r\u0131mc\u0131lar\u0131n\u0131n g\u00f6zde noktalar\u0131 aras\u0131nda yer alan proje lokasyonuyla da dikkat \u00e7ekiyor.<\/p>\n<p>Anadolu yakas\u0131nda ula\u015f\u0131m akslar\u0131na yak\u0131n bir b\u00f6lgede konumlanan<b> Atlantik Fly<\/b>; Uluslararas\u0131 Sabiha G\u00f6k\u00e7en Havaliman\u0131na 1,5 kilometre, D-100 Karayoluna 2 kilometre, TEM Otoyoluna 3 kilometre, Y\u00fcksek H\u0131zl\u0131 Tren\u2019e 2,5 kilometre, \u0130stanbul Deniz Otob\u00fcslerine 3,5 kilometre ve Metro\u2019ya 700 metrelik bir mesafede yer al\u0131yor. Ayr\u0131ca Okan \u00dcniversitesi, Sabanc\u0131 \u00dcniversitesi gibi T\u00fcrkiye\u2019nin \u00f6nde gelen y\u00fcksek\u00f6\u011frenim kurumlar\u0131n\u0131n yak\u0131n\u0131nda konumlanan proje \u00f6\u011frenciler i\u00e7in de b\u00fcy\u00fck avantaj sa\u011fl\u0131yor.<\/p>\n<p>\u0130n\u015fa \u00e7al\u0131\u015fmalar\u0131n\u0131n devam etti\u011fi<b> Atlantik Fly<\/b>\u2019da teslimler 2019 y\u0131l\u0131n\u0131n Nisan ay\u0131nda yap\u0131lacak.<\/p>\n<p>444 76 61<\/p>\n<p><a href=\"http:\/\/atlantikfly.com\/\">http:\/\/atlantikfly.com\/<\/a><\/p>\n<\/div>\n","protected":false},"excerpt":{"rendered":"<p>\u0130stanbul\u2019da markal\u0131 ve nitelikli konut projeleri \u00fcreten Atlantik Yap\u0131, Fly projesinde y\u0131l\u0131n ilk avantajlar\u0131n\u0131 yat\u0131r\u0131mc\u0131lara sunuyor. Atlantik Fly\u2019da 2+1 daireler 265 bin TL\u2019den ba\u015flang\u0131\u00e7 g\u00f6steriyor. &nbsp; \u0130stanbul\u2019da markal\u0131 ve nitelikli konut projeleri \u00fcreten Atlantik Yap\u0131, Fly projesinde y\u0131l\u0131n ilk avantajlar\u0131n\u0131 yat\u0131r\u0131mc\u0131lara sunuyor. T\u00fcketici ihtiya\u00e7lar\u0131na y\u00f6nelik y\u00fcksek standartlarda konforlu bir ya\u015fam hedeflenen Atlantik Fly\u2019da 2+1 daireler [&hellip;]<\/p>\n","protected":false},"author":1,"featured_media":9925,"comment_status":"open","ping_status":"open","sticky":false,"template":"","format":"standard","meta":{"ngg_post_thumbnail":0},"categories":[5219,5388],"tags":[11618,6084,6085,11407,11423,4721,80,1551,11403,11225,106],"_links":{"self":[{"href":"https:\/\/emlaktuel.com\/index.php?rest_route=\/wp\/v2\/posts\/9924"}],"collection":[{"href":"https:\/\/emlaktuel.com\/index.php?rest_route=\/wp\/v2\/posts"}],"about":[{"href":"https:\/\/emlaktuel.com\/index.php?rest_route=\/wp\/v2\/types\/post"}],"author":[{"embeddable":true,"href":"https:\/\/emlaktuel.com\/index.php?rest_route=\/wp\/v2\/users\/1"}],"replies":[{"embeddable":true,"href":"https:\/\/emlaktuel.com\/index.php?rest_route=%2Fwp%2Fv2%2Fcomments&post=9924"}],"version-history":[{"count":1,"href":"https:\/\/emlaktuel.com\/index.php?rest_route=\/wp\/v2\/posts\/9924\/revisions"}],"predecessor-version":[{"id":9926,"href":"https:\/\/emlaktuel.com\/index.php?rest_route=\/wp\/v2\/posts\/9924\/revisions\/9926"}],"wp:featuredmedia":[{"embeddable":true,"href":"https:\/\/emlaktuel.com\/index.php?rest_route=\/wp\/v2\/media\/9925"}],"wp:attachment":[{"href":"https:\/\/emlaktuel.com\/index.php?rest_route=%2Fwp%2Fv2%2Fmedia&parent=9924"}],"wp:term":[{"taxonomy":"category","embeddable":true,"href":"https:\/\/emlaktuel.com\/index.php?rest_route=%2Fwp%2Fv2%2Fcategories&post=9924"},{"taxonomy":"post_tag","embeddable":true,"href":"https:\/\/emlaktuel.com\/index.php?rest_route=%2Fwp%2Fv2%2Ftags&post=9924"}],"curies":[{"name":"wp","href":"https:\/\/api.w.org\/{rel}","templated":true}]}}