{"id":9883,"date":"2017-01-07T00:48:50","date_gmt":"2017-01-06T21:48:50","guid":{"rendered":"http:\/\/emlaktuel.com\/?p=9883"},"modified":"2018-07-05T15:41:43","modified_gmt":"2018-07-05T12:41:43","slug":"federer-19luk-zvereve-yenildi","status":"publish","type":"post","link":"https:\/\/emlaktuel.com\/?p=9883","title":{"rendered":"Federer, 19&#8217;luk Zverev&#8217;e yenildi"},"content":{"rendered":"<p><img loading=\"lazy\" src=\"http:\/\/ia.sabah.com.tr\/4a3ce7\/650\/344\/0\/58\/729\/444?u=http:\/\/i.sabah.com.tr\/sbh\/2017\/01\/04\/1483537573837.jpg\" alt=\"Federer, 19'luk Zverev'e yenildi\" width=\"650\" height=\"344\" \/><\/p>\n<div class=\"txt\">\n<div class=\"txtIn\">\n<article id=\"contextual\" class=\"selectionShareable\">\n<h2>Eski d\u00fcnya 1 numaralar\u0131ndan \u0130svi\u00e7reli tenis\u00e7i Roger Federer, Hopman Kupas\u0131&#8217;nda kar\u015f\u0131la\u015ft\u0131\u011f\u0131 19 ya\u015f\u0131ndaki Alman Alexander Zverev&#8217;e 2-1 ma\u011flup oldu.<\/h2>\n<p>Avustralya&#8217;n\u0131n Perth kentinde d\u00fczenlenen ve \u00fclke tak\u0131mlar\u0131n\u0131n m\u00fccadele etti\u011fi Hopman Kupas\u0131&#8217;nda Almanya ile \u0130svi\u00e7re aras\u0131nda tek erkekler ma\u00e7\u0131 yap\u0131ld\u0131.<\/p>\n<p>D\u00fcnya s\u0131ralamas\u0131nda 24&#8217;\u00fcnc\u00fcl\u00fckte bulunan Zverev, tek erkeklerde 17 grand slam \u015fampiyonlu\u011funa sahip Federer&#8217;i 2 saat 30 dakika s\u00fcren ve t\u00fcm setleri &#8220;tie-break&#8221;e giden m\u00fccadelede 7-6, 6-7 ve 7-6&#8217;l\u0131k sonu\u00e7larla 2-1 ma\u011flup etti.<\/p>\n<p>Son y\u0131llarda bir\u00e7ok sakatl\u0131k sorunu ya\u015fayan 35 ya\u015f\u0131ndaki Federer, ge\u00e7en y\u0131l temmuz ay\u0131nda uzun bir rehabilitasyon s\u00fcrecine ihtiya\u00e7 duymas\u0131 gerek\u00e7esiyle sezonun kalan\u0131nda m\u00fccadele edemeyece\u011fini a\u00e7\u0131klam\u0131\u015ft\u0131.<\/p>\n<p>Yakla\u015f\u0131k 6 ay kortlardan uzak kalan ve d\u00fcnya s\u0131ralamas\u0131nda 16&#8217;nc\u0131 basama\u011fa kadar gerileyen \u0130svi\u00e7reli sporcu, sakatl\u0131k s\u00fcrecinin ard\u0131ndan Hopman Kupas\u0131&#8217;nda \u00e7\u0131kt\u0131\u011f\u0131 ilk ma\u00e7\u0131nda B\u00fcy\u00fck Britanyal\u0131 Dan Evans&#8217;\u0131 yenmi\u015fti. Federer, partneri Belinda Bencic ile kar\u0131\u015f\u0131k \u00e7iftler ma\u00e7\u0131n\u0131 da kazanmay\u0131 ba\u015farm\u0131\u015ft\u0131.<\/p>\n<\/article>\n<\/div>\n<\/div>\n","protected":false},"excerpt":{"rendered":"<p>Eski d\u00fcnya 1 numaralar\u0131ndan \u0130svi\u00e7reli tenis\u00e7i Roger Federer, Hopman Kupas\u0131&#8217;nda kar\u015f\u0131la\u015ft\u0131\u011f\u0131 19 ya\u015f\u0131ndaki Alman Alexander Zverev&#8217;e 2-1 ma\u011flup oldu. Avustralya&#8217;n\u0131n Perth kentinde d\u00fczenlenen ve \u00fclke tak\u0131mlar\u0131n\u0131n m\u00fccadele etti\u011fi Hopman Kupas\u0131&#8217;nda Almanya ile \u0130svi\u00e7re aras\u0131nda tek erkekler ma\u00e7\u0131 yap\u0131ld\u0131. D\u00fcnya s\u0131ralamas\u0131nda 24&#8217;\u00fcnc\u00fcl\u00fckte bulunan Zverev, tek erkeklerde 17 grand slam \u015fampiyonlu\u011funa sahip Federer&#8217;i 2 saat 30 dakika [&hellip;]<\/p>\n","protected":false},"author":1,"featured_media":9884,"comment_status":"open","ping_status":"open","sticky":false,"template":"","format":"standard","meta":{"ngg_post_thumbnail":0},"categories":[5214],"tags":[11590,258,6057,6058,11216,6059,11213],"_links":{"self":[{"href":"https:\/\/emlaktuel.com\/index.php?rest_route=\/wp\/v2\/posts\/9883"}],"collection":[{"href":"https:\/\/emlaktuel.com\/index.php?rest_route=\/wp\/v2\/posts"}],"about":[{"href":"https:\/\/emlaktuel.com\/index.php?rest_route=\/wp\/v2\/types\/post"}],"author":[{"embeddable":true,"href":"https:\/\/emlaktuel.com\/index.php?rest_route=\/wp\/v2\/users\/1"}],"replies":[{"embeddable":true,"href":"https:\/\/emlaktuel.com\/index.php?rest_route=%2Fwp%2Fv2%2Fcomments&post=9883"}],"version-history":[{"count":1,"href":"https:\/\/emlaktuel.com\/index.php?rest_route=\/wp\/v2\/posts\/9883\/revisions"}],"predecessor-version":[{"id":9885,"href":"https:\/\/emlaktuel.com\/index.php?rest_route=\/wp\/v2\/posts\/9883\/revisions\/9885"}],"wp:featuredmedia":[{"embeddable":true,"href":"https:\/\/emlaktuel.com\/index.php?rest_route=\/wp\/v2\/media\/9884"}],"wp:attachment":[{"href":"https:\/\/emlaktuel.com\/index.php?rest_route=%2Fwp%2Fv2%2Fmedia&parent=9883"}],"wp:term":[{"taxonomy":"category","embeddable":true,"href":"https:\/\/emlaktuel.com\/index.php?rest_route=%2Fwp%2Fv2%2Fcategories&post=9883"},{"taxonomy":"post_tag","embeddable":true,"href":"https:\/\/emlaktuel.com\/index.php?rest_route=%2Fwp%2Fv2%2Ftags&post=9883"}],"curies":[{"name":"wp","href":"https:\/\/api.w.org\/{rel}","templated":true}]}}