{"id":9879,"date":"2017-01-07T00:44:44","date_gmt":"2017-01-06T21:44:44","guid":{"rendered":"http:\/\/emlaktuel.com\/?p=9879"},"modified":"2018-07-05T15:41:40","modified_gmt":"2018-07-05T12:41:40","slug":"beklenen-transfer-mehmet-ekici-fenerbahceye-geliyor","status":"publish","type":"post","link":"https:\/\/emlaktuel.com\/?p=9879","title":{"rendered":"Beklenen transfer Mehmet Ekici, Fenerbah\u00e7e&#8217;ye geliyor"},"content":{"rendered":"<p><img loading=\"lazy\" class=\"alignnone  wp-image-9880\" src=\"http:\/\/emlaktuel.com\/wp-content\/uploads\/2017\/01\/ekici_7265-300x169.jpg\" alt=\"mehmet ekici\" width=\"472\" height=\"257\" \/><\/p>\n<div class=\"txt\">\n<div class=\"txtIn\">\n<article id=\"contextual\" class=\"selectionShareable\">Transfer d\u00f6neminin en \u00e7ok konu\u015fulan takas\u0131nda sona gelindi. Fenerbah\u00e7e ve Trabzonspor aras\u0131ndaki son p\u00fcr\u00fczler giderildi ve transferde resmi a\u00e7\u0131klama beklenmeye koyuldu.<\/p>\n<p>Fenerbah\u00e7e&#8217;nin orta sahas\u0131na transfer etmek istedi\u011fi Mehmet Ekici i\u00e7in Trabzonspor&#8217;la anla\u015fmaya vard\u0131\u011f\u0131 belirtildi. Oyuncu ile de anla\u015fan Fenerbah\u00e7e&#8217;nin son p\u00fcr\u00fczlerin giderilmesinin ard\u0131ndan resmi a\u00e7\u0131klamay\u0131 yapaca\u011f\u0131 ifade edildi.<\/p>\n<p><img loading=\"lazy\" class=\"alignnone  wp-image-9881\" src=\"http:\/\/emlaktuel.com\/wp-content\/uploads\/2017\/01\/3_hd1-1-300x159.jpg\" alt=\"3_hd1-1\" width=\"474\" height=\"212\" \/><\/p>\n<p>Fenerbah\u00e7e&#8217;nin Mehmet Ekici transferine kar\u015f\u0131l\u0131k 500 bin Euro&#8217;ya ilaveten Aatif&#8217;in bonservisini verece\u011fi konu\u015fuluyordu. Antalya kamp\u0131n\u0131n kadrosuna al\u0131nmayan Aatif&#8217;\u0131n da Trabzonspor&#8217;la anla\u015ft\u0131\u011f\u0131 ve ligin ikinci yar\u0131s\u0131nda Trabzonspor formas\u0131 giymeye &#8216;evet&#8217; dedi\u011fi vurguland\u0131.<\/p>\n<p>Transferde gelinen son noktada Fenerbah\u00e7e ve Trabzonspor, Mehmet Ekici-Aatif takas\u0131nda anla\u015ft\u0131. Resmi a\u00e7\u0131klama bekleniyor. \u00d6te yandan Fenerbah\u00e7e&#8217;nin bir orta saha transfer daha yapmas\u0131 bekleniyor.<\/p>\n<\/article>\n<\/div>\n<\/div>\n","protected":false},"excerpt":{"rendered":"<p>Transfer d\u00f6neminin en \u00e7ok konu\u015fulan takas\u0131nda sona gelindi. Fenerbah\u00e7e ve Trabzonspor aras\u0131ndaki son p\u00fcr\u00fczler giderildi ve transferde resmi a\u00e7\u0131klama beklenmeye koyuldu. Fenerbah\u00e7e&#8217;nin orta sahas\u0131na transfer etmek istedi\u011fi Mehmet Ekici i\u00e7in Trabzonspor&#8217;la anla\u015fmaya vard\u0131\u011f\u0131 belirtildi. Oyuncu ile de anla\u015fan Fenerbah\u00e7e&#8217;nin son p\u00fcr\u00fczlerin giderilmesinin ard\u0131ndan resmi a\u00e7\u0131klamay\u0131 yapaca\u011f\u0131 ifade edildi. Fenerbah\u00e7e&#8217;nin Mehmet Ekici transferine kar\u015f\u0131l\u0131k 500 bin [&hellip;]<\/p>\n","protected":false},"author":1,"featured_media":9880,"comment_status":"open","ping_status":"open","sticky":false,"template":"","format":"standard","meta":{"ngg_post_thumbnail":0},"categories":[5214],"tags":[613,2564,6053,6054,6056,6055,11336,11622],"_links":{"self":[{"href":"https:\/\/emlaktuel.com\/index.php?rest_route=\/wp\/v2\/posts\/9879"}],"collection":[{"href":"https:\/\/emlaktuel.com\/index.php?rest_route=\/wp\/v2\/posts"}],"about":[{"href":"https:\/\/emlaktuel.com\/index.php?rest_route=\/wp\/v2\/types\/post"}],"author":[{"embeddable":true,"href":"https:\/\/emlaktuel.com\/index.php?rest_route=\/wp\/v2\/users\/1"}],"replies":[{"embeddable":true,"href":"https:\/\/emlaktuel.com\/index.php?rest_route=%2Fwp%2Fv2%2Fcomments&post=9879"}],"version-history":[{"count":1,"href":"https:\/\/emlaktuel.com\/index.php?rest_route=\/wp\/v2\/posts\/9879\/revisions"}],"predecessor-version":[{"id":9882,"href":"https:\/\/emlaktuel.com\/index.php?rest_route=\/wp\/v2\/posts\/9879\/revisions\/9882"}],"wp:featuredmedia":[{"embeddable":true,"href":"https:\/\/emlaktuel.com\/index.php?rest_route=\/wp\/v2\/media\/9880"}],"wp:attachment":[{"href":"https:\/\/emlaktuel.com\/index.php?rest_route=%2Fwp%2Fv2%2Fmedia&parent=9879"}],"wp:term":[{"taxonomy":"category","embeddable":true,"href":"https:\/\/emlaktuel.com\/index.php?rest_route=%2Fwp%2Fv2%2Fcategories&post=9879"},{"taxonomy":"post_tag","embeddable":true,"href":"https:\/\/emlaktuel.com\/index.php?rest_route=%2Fwp%2Fv2%2Ftags&post=9879"}],"curies":[{"name":"wp","href":"https:\/\/api.w.org\/{rel}","templated":true}]}}