{"id":9873,"date":"2017-01-07T00:32:31","date_gmt":"2017-01-06T21:32:31","guid":{"rendered":"http:\/\/emlaktuel.com\/?p=9873"},"modified":"2018-07-05T15:41:36","modified_gmt":"2018-07-05T12:41:36","slug":"fenerbahce-taraftari-sehit-polisi-unutmadi","status":"publish","type":"post","link":"https:\/\/emlaktuel.com\/?p=9873","title":{"rendered":"Fenerbah\u00e7e taraftar\u0131 \u015fehit polisi unutmad\u0131"},"content":{"rendered":"<div class=\"newsInfo\">\n<div class=\"image\"><img loading=\"lazy\" class=\"alignnone  wp-image-9874\" src=\"http:\/\/emlaktuel.com\/wp-content\/uploads\/2017\/01\/675-300x169.jpg\" alt=\"\u015fehit polis\" width=\"508\" height=\"236\" \/><\/div>\n<\/div>\n<div class=\"txt\">\n<div class=\"txtIn\">\n<article id=\"contextual\" class=\"selectionShareable\">\n<h2>Fenerbah\u00e7e ile EA7 Milano Armani aras\u0131nda \u015fu dakikalarda oynanan Euroleague ma\u00e7\u0131nda Fenerbah\u00e7e taraftar\u0131 ma\u00e7 \u00f6ncesi duyguland\u0131ran bir \u00e7al\u0131\u015fma yapt\u0131<\/h2>\n<p>T\u00fcrkiye 1 g\u00fcnd\u00fcr \u0130zmir&#8217;de ger\u00e7ekle\u015fen hain sald\u0131r\u0131 sonucu kahramanca \u015fehit olan \u015fehit trafik polisi Fethi Sekin&#8217;i konu\u015fuyor.<\/p>\n<p>Fenerbah\u00e7e trib\u00fcn\u00fc de Milano Armani ma\u00e7\u0131 \u00f6ncesi \u015eehit polisin aziz hat\u0131ras\u0131na binaen onun foto\u011fraf\u0131n\u0131 trib\u00fcnlerde kald\u0131rd\u0131.<\/p>\n<\/article>\n<\/div>\n<\/div>\n","protected":false},"excerpt":{"rendered":"<p>Fenerbah\u00e7e ile EA7 Milano Armani aras\u0131nda \u015fu dakikalarda oynanan Euroleague ma\u00e7\u0131nda Fenerbah\u00e7e taraftar\u0131 ma\u00e7 \u00f6ncesi duyguland\u0131ran bir \u00e7al\u0131\u015fma yapt\u0131 T\u00fcrkiye 1 g\u00fcnd\u00fcr \u0130zmir&#8217;de ger\u00e7ekle\u015fen hain sald\u0131r\u0131 sonucu kahramanca \u015fehit olan \u015fehit trafik polisi Fethi Sekin&#8217;i konu\u015fuyor. Fenerbah\u00e7e trib\u00fcn\u00fc de Milano Armani ma\u00e7\u0131 \u00f6ncesi \u015eehit polisin aziz hat\u0131ras\u0131na binaen onun foto\u011fraf\u0131n\u0131 trib\u00fcnlerde kald\u0131rd\u0131.<\/p>\n","protected":false},"author":1,"featured_media":9874,"comment_status":"open","ping_status":"open","sticky":false,"template":"","format":"standard","meta":{"ngg_post_thumbnail":0},"categories":[5214],"tags":[2564,6052,6050,91,6051,115,316],"_links":{"self":[{"href":"https:\/\/emlaktuel.com\/index.php?rest_route=\/wp\/v2\/posts\/9873"}],"collection":[{"href":"https:\/\/emlaktuel.com\/index.php?rest_route=\/wp\/v2\/posts"}],"about":[{"href":"https:\/\/emlaktuel.com\/index.php?rest_route=\/wp\/v2\/types\/post"}],"author":[{"embeddable":true,"href":"https:\/\/emlaktuel.com\/index.php?rest_route=\/wp\/v2\/users\/1"}],"replies":[{"embeddable":true,"href":"https:\/\/emlaktuel.com\/index.php?rest_route=%2Fwp%2Fv2%2Fcomments&post=9873"}],"version-history":[{"count":1,"href":"https:\/\/emlaktuel.com\/index.php?rest_route=\/wp\/v2\/posts\/9873\/revisions"}],"predecessor-version":[{"id":9875,"href":"https:\/\/emlaktuel.com\/index.php?rest_route=\/wp\/v2\/posts\/9873\/revisions\/9875"}],"wp:featuredmedia":[{"embeddable":true,"href":"https:\/\/emlaktuel.com\/index.php?rest_route=\/wp\/v2\/media\/9874"}],"wp:attachment":[{"href":"https:\/\/emlaktuel.com\/index.php?rest_route=%2Fwp%2Fv2%2Fmedia&parent=9873"}],"wp:term":[{"taxonomy":"category","embeddable":true,"href":"https:\/\/emlaktuel.com\/index.php?rest_route=%2Fwp%2Fv2%2Fcategories&post=9873"},{"taxonomy":"post_tag","embeddable":true,"href":"https:\/\/emlaktuel.com\/index.php?rest_route=%2Fwp%2Fv2%2Ftags&post=9873"}],"curies":[{"name":"wp","href":"https:\/\/api.w.org\/{rel}","templated":true}]}}