{"id":9869,"date":"2017-01-07T00:29:44","date_gmt":"2017-01-06T21:29:44","guid":{"rendered":"http:\/\/emlaktuel.com\/?p=9869"},"modified":"2018-07-05T15:41:33","modified_gmt":"2018-07-05T12:41:33","slug":"besiktasa-6-stoper-geliyor","status":"publish","type":"post","link":"https:\/\/emlaktuel.com\/?p=9869","title":{"rendered":"Be\u015fikta\u015f&#8217;a 6. stoper geliyor"},"content":{"rendered":"<p><img loading=\"lazy\" class=\"alignnone  wp-image-9870\" src=\"http:\/\/emlaktuel.com\/wp-content\/uploads\/2017\/01\/1_hd1-300x159.jpg\" alt=\"spor\" width=\"447\" height=\"201\" \/><\/p>\n<div class=\"txt\">\n<div class=\"txtIn\">\n<article id=\"contextual\" class=\"selectionShareable\">S\u00fcper Lig&#8217;in ilk yar\u0131s\u0131nda savunma hatt\u0131nda \u00f6nemli s\u0131k\u0131nt\u0131lar ya\u015fayan Be\u015fikta\u015f, stoper listesinde yer alan 5. isim Matej Mitrovic&#8217;le kadrosunu takviye ederek bir nebze olsun rahatlad\u0131.<\/p>\n<p><img loading=\"lazy\" class=\"alignnone  wp-image-9871\" src=\"http:\/\/emlaktuel.com\/wp-content\/uploads\/2017\/01\/2_hd1-300x159.jpg\" alt=\"2_hd1\" width=\"440\" height=\"233\" \/><\/p>\n<p>Fakat teknik direkt\u00f6r \u015eenol G\u00fcne\u015f&#8217;in akl\u0131 Dinamo Kiev formas\u0131 giyen bir di\u011fer H\u0131rvat stoper Domagoj Vida&#8217;da kald\u0131.<\/p>\n<p>Fanatik&#8217;in haberine g\u00f6re listede yer alan Rakitsky, Badstuber ve Massias&#8217;\u0131n y\u00fcksek maliyetleri sebebiyle vazge\u00e7en Siyah-Beyazl\u0131lar, gen\u00e7 oyuncu Mitrovic&#8217;in gelmesiyle yetinmeyerek Vida konusunu yeniden g\u00fcndemine ald\u0131.<\/p>\n<p><strong>F\u0130YAT Y\u00dcKSELT\u0130LEB\u0130L\u0130R<\/strong><\/p>\n<p>Ukrayna ekibi Dinamo Kiev&#8217;le bir kez daha temas kuran Be\u015fikta\u015f y\u00f6netimi, 7 milyon Euro&#8217;luk bonservis bedelini fazla buldu\u011fu 27 ya\u015f\u0131ndaki milli y\u0131ld\u0131z i\u00e7in bu kez olduk\u00e7a makul bir kiralama teklifi sundu. Kiev&#8217;de bu sezon 24 ma\u00e7a \u00e7\u0131kan ve 2 gol, 1 asist \u00fcreterek kalitesini konu\u015fturan stoper konusunda Ukrayna y\u00f6netiminden olumlu geri d\u00f6n\u00fc\u015f alan Be\u015fikta\u015f&#8217;\u0131n 2 milyon Euro kiralama bedeli \u00f6nerdi\u011fi \u00f6\u011frenildi. Taraflar\u0131n rakam \u00fczerindeki pazarl\u0131\u011f\u0131n\u0131n t\u00fcm h\u0131z\u0131yla s\u00fcrd\u00fc\u011f\u00fc \u00f6\u011frenilirken, Siyah-Beyazl\u0131lar&#8217;\u0131n y\u0131ld\u0131z oyuncuyu kamp d\u00f6nemine yeti\u015ftirebilmek ad\u0131na fiyatta makul bir y\u00fckseltmeye gidebilece\u011fi kaydedildi.<\/p>\n<\/article>\n<\/div>\n<\/div>\n","protected":false},"excerpt":{"rendered":"<p>S\u00fcper Lig&#8217;in ilk yar\u0131s\u0131nda savunma hatt\u0131nda \u00f6nemli s\u0131k\u0131nt\u0131lar ya\u015fayan Be\u015fikta\u015f, stoper listesinde yer alan 5. isim Matej Mitrovic&#8217;le kadrosunu takviye ederek bir nebze olsun rahatlad\u0131. Fakat teknik direkt\u00f6r \u015eenol G\u00fcne\u015f&#8217;in akl\u0131 Dinamo Kiev formas\u0131 giyen bir di\u011fer H\u0131rvat stoper Domagoj Vida&#8217;da kald\u0131. Fanatik&#8217;in haberine g\u00f6re listede yer alan Rakitsky, Badstuber ve Massias&#8217;\u0131n y\u00fcksek maliyetleri sebebiyle [&hellip;]<\/p>\n","protected":false},"author":1,"featured_media":9871,"comment_status":"open","ping_status":"open","sticky":false,"template":"","format":"standard","meta":{"ngg_post_thumbnail":0},"categories":[5214],"tags":[4444,6049,11165,5052,11320,5685,5158],"_links":{"self":[{"href":"https:\/\/emlaktuel.com\/index.php?rest_route=\/wp\/v2\/posts\/9869"}],"collection":[{"href":"https:\/\/emlaktuel.com\/index.php?rest_route=\/wp\/v2\/posts"}],"about":[{"href":"https:\/\/emlaktuel.com\/index.php?rest_route=\/wp\/v2\/types\/post"}],"author":[{"embeddable":true,"href":"https:\/\/emlaktuel.com\/index.php?rest_route=\/wp\/v2\/users\/1"}],"replies":[{"embeddable":true,"href":"https:\/\/emlaktuel.com\/index.php?rest_route=%2Fwp%2Fv2%2Fcomments&post=9869"}],"version-history":[{"count":1,"href":"https:\/\/emlaktuel.com\/index.php?rest_route=\/wp\/v2\/posts\/9869\/revisions"}],"predecessor-version":[{"id":9872,"href":"https:\/\/emlaktuel.com\/index.php?rest_route=\/wp\/v2\/posts\/9869\/revisions\/9872"}],"wp:featuredmedia":[{"embeddable":true,"href":"https:\/\/emlaktuel.com\/index.php?rest_route=\/wp\/v2\/media\/9871"}],"wp:attachment":[{"href":"https:\/\/emlaktuel.com\/index.php?rest_route=%2Fwp%2Fv2%2Fmedia&parent=9869"}],"wp:term":[{"taxonomy":"category","embeddable":true,"href":"https:\/\/emlaktuel.com\/index.php?rest_route=%2Fwp%2Fv2%2Fcategories&post=9869"},{"taxonomy":"post_tag","embeddable":true,"href":"https:\/\/emlaktuel.com\/index.php?rest_route=%2Fwp%2Fv2%2Ftags&post=9869"}],"curies":[{"name":"wp","href":"https:\/\/api.w.org\/{rel}","templated":true}]}}