{"id":9867,"date":"2017-01-07T00:18:53","date_gmt":"2017-01-06T21:18:53","guid":{"rendered":"http:\/\/emlaktuel.com\/?p=9867"},"modified":"2018-07-05T15:41:30","modified_gmt":"2018-07-05T12:41:30","slug":"2017-emekli-zam-oranlari","status":"publish","type":"post","link":"https:\/\/emlaktuel.com\/?p=9867","title":{"rendered":"2017 emekli zam oranlar\u0131"},"content":{"rendered":"<div class=\"mb10\">\n<h1 class=\"bg-facebook\"><img loading=\"lazy\" class=\"alignnone  wp-image-9785\" src=\"http:\/\/emlaktuel.com\/wp-content\/uploads\/2017\/01\/erken-emeklilik-2-300x200.jpg\" alt=\"erken-emeklilik-2\" width=\"477\" height=\"318\" \/><\/h1>\n<h1 class=\"bg-facebook\">Milyonlarca SSK ve Ba\u011f-Kur emeklisinin 2017&#8217;de zaml\u0131 maa\u015flar\u0131 ne kadar olacak sorusu bug\u00fcn a\u00e7\u0131klanan Aral\u0131k 2016 enflasyon rakamlar\u0131yla netle\u015fmi\u015f oldu. Buna g\u00f6re 2017&#8217;de emekli maa\u015flar\u0131na 3.73 oran\u0131nda zam beklenirken 4.73 oran\u0131nda zam yap\u0131laca\u011f\u0131 kesinle\u015fti. \u0130\u015fte haberin detaylar\u0131.<\/h1>\n<\/div>\n<div class=\"row\">\n<div class=\"col-lg-8 col-md-8 col-sm-12 col-xs-12\">\n<div class=\"mb10\">\n<div class=\"row\"><\/div>\n<div class=\"text_post_section product_page news_page\"><\/div>\n<\/div>\n<\/div>\n<\/div>\n<div id=\"detailBody\" class=\"detailp\">\n<div class=\"img_position_left\"><\/div>\n<p><strong>Milyonlarca emekli bug\u00fcn a\u00e7\u0131klanan zaml\u0131 maa\u015f oranlar\u0131n\u0131 bekliyordu. T\u00dc\u0130K taraf\u0131ndan bug\u00fcn a\u00e7\u0131klanan enflasyon rakamlar\u0131 sonras\u0131nda,\u00a0SSK ve Ba\u011f-Kur\u00a0emeklilerini yak\u0131ndan ilgilendiren zam oranlar\u0131 miktar\u0131 belirlenmi\u015f oldu.<\/strong><\/p>\n<p>Konuya ili\u015fkin son dakika T\u00dc\u0130K verileri kapsam\u0131nda a\u00e7\u0131klanan en flasyon oranlar\u0131na g\u00f6re,\u00a02017&#8217;de emekli maa\u015flar\u0131na 3.73 oran\u0131nda zam beklenirken 4.73 oran\u0131nda zam yap\u0131laca\u011f\u0131 kesinle\u015fmi\u015f oldu\u011fu kaydedildi.<\/p>\n<p>Say\u0131lar\u0131 milyonlarla ifade edilen SSK ve Ba\u011f-Kur emeklileri i\u00e7in belirlenecek zam oranlar\u0131na ili\u015fkin detaylar gelmeye ba\u015flad\u0131. Her yeni y\u0131l\u0131n Ocak ve Temmuz aylar\u0131nda bir \u00f6nceki 6 ayl\u0131k d\u00f6nemde ger\u00e7ekle\u015fen enflasyon oran\u0131 kapsam\u0131nda zam alacan emeklilerin yebni y\u0131l 2017&#8217;de alacaklar\u0131 zam oran\u0131 belirlendi.<\/p>\n<p>Aral\u0131k ay\u0131 enflasyonZam oran\u0131 3.73 beklenirken 4.73 olarak ger\u00e7ekle\u015firken, emekliye fazladan \u00f6deme , fazladan zam anlam\u0131na gelen rakamlar nas\u0131l okunmal\u0131? Yeni y\u0131l 2017&#8217;de emklinin alaca\u011f\u0131 zaml\u0131 maa\u015f oranlar\u0131 ve tutarlar\u0131 ne kadar olacak t\u00fcm ayr\u0131nt\u0131lar\u0131 haberimizden okuyabilirisniz.<\/p>\n<p>Yeni y\u0131l 2017 ocak ay\u0131n\u0131n \u00fc\u00e7\u00fcnc\u00fc g\u00fcn\u00fcnde T\u00fcrkiye \u0130statistik Kurumu&#8217;nun a\u00e7\u0131klad\u0131\u011f\u0131 2016 aral\u0131k ay\u0131na ili\u015fkin enflasyon rakamlar\u0131n\u0131n a\u00e7\u0131klanmas\u0131yla say\u0131lar\u0131 9 milyonu a\u015fan SSK ve Ba\u011f-kur emeklisinin maa\u015flar\u0131na Ocak ay\u0131nda yap\u0131lacak zam oran\u0131 belli oldu. SSK ve Ba\u011f-Kur emeklilerinin maa\u015f\u0131 y\u00fczde 4.9 oran\u0131nda zam alacaklar\u0131 ifade edildi.<\/p>\n<p>T\u00dc\u0130K verilerince a\u00e7\u0131klanan son enflasyon rakamlar\u0131 kapsam\u0131nda, Temmuz ay\u0131nda y\u00fczde 0,45 art\u0131\u015f g\u00f6steren, A\u011fustos ay\u0131nda ise bu rakam 0,29 d\u00fc\u015fm\u00fc\u015ft\u00fc. Eyl\u00fcl ay\u0131nda ise y\u00fczde 0,18, Ekim ay\u0131nda y\u00fczde 1,44, Kas\u0131m\u2019da ise y\u00fczde 0,52 ve Aral\u0131k&#8217;ta da y\u00fczde 1.64&#8217;l\u00fck y\u00fcksek art\u0131\u015fla 6 ayl\u0131k enflasyon y\u00fczde 4.73 oldu. Oysa h\u00fck\u00fcmet 2017 program\u0131nda, 6 ayl\u0131k enflasyonun 3.73 ger\u00e7ekle\u015fece\u011fini tahminlerinde bulunulmu\u015ftu.<\/p>\n<p><strong>MEMUR EMEKL\u0130S\u0130 FARK ALACAK MI?\u00a0<\/strong><\/p>\n<p>\u015eimdi en fazla merak edilen konular\u0131n ba\u015f\u0131nda ise Memur emeklisi geliyor. Memur emeklileri fark alacak m\u0131 sorusu ise merak edilirken, netle\u015fen konular aras\u0131nda&#8230;<\/p>\n<p>Yakla\u015f\u0131k 2.5 milyon memur emeklisinin maa\u015f\u0131 ise memurlar\u0131n toplu s\u00f6zle\u015fme \u015fartlar\u0131na g\u00f6re art\u0131yor. 6 ayl\u0131k enflasyon toplu s\u00f6zle\u015fme art\u0131\u015f\u0131n\u0131 ge\u00e7erse memur emeklisinin maa\u015f\u0131na, aradaki fark kadar enflasyon zamm\u0131 yap\u0131l\u0131yor. \u0130\u015fte ge\u00e7en y\u0131l\u0131n ikinci yar\u0131s\u0131nda enflasyon y\u00fczde 5&#8217;i ge\u00e7medi\u011fi i\u00e7in memur emeklisi enflasyon fark\u0131 alamayacakar\u0131 belirtildi.<\/p>\n<\/div>\n<div class=\"paddingt\"><\/div>\n","protected":false},"excerpt":{"rendered":"<p>Milyonlarca SSK ve Ba\u011f-Kur emeklisinin 2017&#8217;de zaml\u0131 maa\u015flar\u0131 ne kadar olacak sorusu bug\u00fcn a\u00e7\u0131klanan Aral\u0131k 2016 enflasyon rakamlar\u0131yla netle\u015fmi\u015f oldu. Buna g\u00f6re 2017&#8217;de emekli maa\u015flar\u0131na 3.73 oran\u0131nda zam beklenirken 4.73 oran\u0131nda zam yap\u0131laca\u011f\u0131 kesinle\u015fti. \u0130\u015fte haberin detaylar\u0131. Milyonlarca emekli bug\u00fcn a\u00e7\u0131klanan zaml\u0131 maa\u015f oranlar\u0131n\u0131 bekliyordu. T\u00dc\u0130K taraf\u0131ndan bug\u00fcn a\u00e7\u0131klanan enflasyon rakamlar\u0131 sonras\u0131nda,\u00a0SSK ve Ba\u011f-Kur\u00a0emeklilerini yak\u0131ndan [&hellip;]<\/p>\n","protected":false},"author":1,"featured_media":9212,"comment_status":"open","ping_status":"open","sticky":false,"template":"","format":"standard","meta":{"ngg_post_thumbnail":0},"categories":[5213],"tags":[11431,11466,6048,2157,6047,11105,1065,316,11108],"_links":{"self":[{"href":"https:\/\/emlaktuel.com\/index.php?rest_route=\/wp\/v2\/posts\/9867"}],"collection":[{"href":"https:\/\/emlaktuel.com\/index.php?rest_route=\/wp\/v2\/posts"}],"about":[{"href":"https:\/\/emlaktuel.com\/index.php?rest_route=\/wp\/v2\/types\/post"}],"author":[{"embeddable":true,"href":"https:\/\/emlaktuel.com\/index.php?rest_route=\/wp\/v2\/users\/1"}],"replies":[{"embeddable":true,"href":"https:\/\/emlaktuel.com\/index.php?rest_route=%2Fwp%2Fv2%2Fcomments&post=9867"}],"version-history":[{"count":1,"href":"https:\/\/emlaktuel.com\/index.php?rest_route=\/wp\/v2\/posts\/9867\/revisions"}],"predecessor-version":[{"id":9868,"href":"https:\/\/emlaktuel.com\/index.php?rest_route=\/wp\/v2\/posts\/9867\/revisions\/9868"}],"wp:featuredmedia":[{"embeddable":true,"href":"https:\/\/emlaktuel.com\/index.php?rest_route=\/wp\/v2\/media\/9212"}],"wp:attachment":[{"href":"https:\/\/emlaktuel.com\/index.php?rest_route=%2Fwp%2Fv2%2Fmedia&parent=9867"}],"wp:term":[{"taxonomy":"category","embeddable":true,"href":"https:\/\/emlaktuel.com\/index.php?rest_route=%2Fwp%2Fv2%2Fcategories&post=9867"},{"taxonomy":"post_tag","embeddable":true,"href":"https:\/\/emlaktuel.com\/index.php?rest_route=%2Fwp%2Fv2%2Ftags&post=9867"}],"curies":[{"name":"wp","href":"https:\/\/api.w.org\/{rel}","templated":true}]}}