{"id":9862,"date":"2017-01-07T00:13:27","date_gmt":"2017-01-06T21:13:27","guid":{"rendered":"http:\/\/emlaktuel.com\/?p=9862"},"modified":"2018-07-05T15:41:24","modified_gmt":"2018-07-05T12:41:24","slug":"bakan-agbal-esnafa-2017-sicil-affi-ayrintilarini-acikladi","status":"publish","type":"post","link":"https:\/\/emlaktuel.com\/?p=9862","title":{"rendered":"Bakan A\u011fbal esnafa 2017 sicil aff\u0131 ayr\u0131nt\u0131lar\u0131n\u0131 a\u00e7\u0131klad\u0131"},"content":{"rendered":"<div class=\"mb10\">\n<h1 class=\"bg-facebook\"><img loading=\"lazy\" class=\"alignnone size-medium wp-image-9308\" src=\"http:\/\/emlaktuel.com\/wp-content\/uploads\/2016\/12\/sicilafi-300x173.jpg\" alt=\"sicilafi\" width=\"300\" height=\"173\" \/><\/h1>\n<h1 class=\"bg-facebook\">2017 sicil aff\u0131 detaylar\u0131 netle\u015fti. Maliye Bakan\u0131 Naci A\u011fbal, esnafa 2017 m\u00fcjdesini verdi, esnafa sicil aff\u0131 uygulanacak a\u00e7\u0131klamas\u0131 sonras\u0131 geri say\u0131m ba\u015flad\u0131, binlerce esnaf\u0131n \u00e7ek, senet, kredi vs. gibi bor\u00e7lar\u0131ndan \u00f6t\u00fcr\u00fc uygulanacak sicil aff\u0131 i\u00e7in geri say\u0131m ba\u015flad\u0131.<\/h1>\n<\/div>\n<div class=\"row\">\n<div class=\"col-lg-8 col-md-8 col-sm-12 col-xs-12\">\n<div class=\"mb10\">\n<div class=\"row\"><\/div>\n<div class=\"text_post_section product_page news_page\"><\/div>\n<\/div>\n<\/div>\n<\/div>\n<p>&nbsp;<\/p>\n<p><strong>2017 <a href=\"http:\/\/emlaktuel.com\/?s=sicil%20aff%C4%B1\">sicil aff\u0131<\/a> kapsam\u0131nda milyonlarca esnaf\u0131n kredibilitesi y\u00fckselecek. Merakla beklenen sicil aff\u0131 yasas\u0131 \u00f6n\u00fcm\u00fczdeki hafta yasala\u015facak. Ba\u015fbakan Y\u0131ld\u0131r\u0131m gelecek hafta sicil aff\u0131n\u0131n \u00a0yasala\u015faca\u011f\u0131n\u0131 duyurmas\u0131 sonras\u0131nda, Maliye Bakan\u0131 Naci A\u011fbal, 2017 sicil aff\u0131 hakk\u0131nda \u00f6nemli bilgileri payla\u015ft\u0131.<\/strong><\/p>\n<p>Vatanda\u015fa ve esnafa 2017&#8217;nin ilk g\u00fcnlerinde <strong><a href=\"http:\/\/emlaktuel.com\/?s=sicil%20aff%C4%B1\">sicil aff\u0131 m\u00fcjdesi <\/a><\/strong>verilirken, <strong><a href=\"http:\/\/emlaktuel.com\/?s=sicil%20aff%C4%B1\">sicil aff\u0131<\/a><\/strong> ayr\u0131nt\u0131lar\u0131, hangi ki\u015fileri kapsayacak, ge\u00e7mi\u015fteki bor\u00e7lar nas\u0131l etkilenecek sorular\u0131na Maliye Bakan\u0131 A\u011fbal cevap verdi. Ba\u015fbakan Y\u0131ld\u0131r\u0131m&#8217;\u0131n son bir iki g\u00fcnd\u00fcr s\u0131k\u00e7a g\u00fcndeme getirdi\u011fi esnafa, vatanda\u015fa sicil aff\u0131 getirilmesine ili\u015fkin geri say\u0131m\u0131n s\u00fcrd\u00fc\u011f\u00fc ve gelecek hafta yasala\u015faca\u011f\u0131n\u0131 ifade etti\u011fi sicil aff\u0131nda t\u00fcm detaylar ortaya \u00e7\u0131kmaya devam ediyor.<\/p>\n<p>Konuya ili\u015fkin \u00f6nemli a\u00e7\u0131klamlaarda bulunan Maliye Bakan\u0131 Naci A\u011fbal konu\u015fmas\u0131nda, \u00e7e\u015fitli nedenlerle ge\u00e7mi\u015fe d\u00f6n\u00fck olarak \u00e7eki, senedi kar\u015f\u0131l\u0131ks\u0131z \u00e7\u0131kan vatanda\u015flara ili\u015fkin \u00f6nemli kolayl\u0131klar getirildi\u011fini,n alt\u0131n\u0131 \u00e7izerken, &#8220;Burada esnafa sicil aff\u0131 uygulanacak. Bankalar\u0131m\u0131z bu uygulamay\u0131 yapmakta arzulu, istekli.&#8221; dedi.<\/p>\n<p>TBMM Genel Kurulunda, T\u00fcrkiye Cumhuriyeti Emekli Sand\u0131\u011f\u0131 Kanunu ile Baz\u0131 Kanun ve Kanun H\u00fckm\u00fcnde Kararnamelerde De\u011fi\u015fiklik Yap\u0131lmas\u0131na Dair Kanun Tasar\u0131s\u0131 ile alakal\u0131 detaylar\u0131 h\u00fck\u00fcmet ad\u0131na kurulda anlatan Maliye Bakan\u0131 A\u011fbal ayr\u0131nt\u0131lar\u0131 milletvekilleriyle payla\u015ft\u0131. Amac\u0131n \u00fclke genelinde yat\u0131r\u0131m ortam\u0131n\u0131n iyile\u015ftirilmesi bak\u0131m\u0131ndan son bir y\u0131lda \u00f6nemli d\u00fczenlemelere bu kez sicil aff\u0131 ile destek verdiklerini vurgulayan Bakan A\u011fbal, tasar\u0131da, kamu idarelerinin ortaya \u00e7\u0131kan farkl\u0131 ihtiya\u00e7lar\u0131n\u0131 kar\u015f\u0131lamaya y\u00f6nelik yeni d\u00fczenlemelere yer verildi\u011fini a\u00e7\u0131klad\u0131.<\/p>\n<p>Bakan A\u011fbal konu\u015fmas\u0131nda, Kredi Garanti Fonu&#8217;na sa\u011flad\u0131klar\u0131 destek tutar\u0131n\u0131 2 milyar liradan 25 milyar liraya y\u00fckseltildi\u011fini vurgularken, \u00a0&#8220;B\u00f6ylelikle Kredi Garanti Fonu&#8217;nun ikincil mevzuat \u00e7er\u00e7evesinde bankalarla yapt\u0131\u011f\u0131 anla\u015fmalar \u00e7er\u00e7evesinde, bu limitleri, yani 250 milyar liral\u0131k limiti bankalara kulland\u0131rmak suretiyle, i\u015fletmelerimizin ihtiyac\u0131 oldu\u011fu hem yeni kredi taleplerinde hem de mevcut kredilerin d\u00f6nd\u00fcr\u00fclmesinde son derece \u00f6nemli bir imkan getirmektedir. \u00c7e\u015fitli nedenlerle ge\u00e7mi\u015fe d\u00f6n\u00fck olarak \u00e7eki, senedi kar\u015f\u0131l\u0131ks\u0131z \u00e7\u0131km\u0131\u015f olan vatanda\u015flar\u0131m\u0131za ili\u015fkin \u00f6nemli kolayl\u0131k getiriyoruz. Burada esnafa sicil aff\u0131 uygulanacak. Bankalar\u0131m\u0131z bu uygulamay\u0131 yapmakta arzulu, istekli.<\/p>\n<p>30 y\u0131ldan fazla s\u00fcreyle \u00e7al\u0131\u015f\u0131p da emekli olanlardan, ge\u00e7mi\u015fte emekli olanlar\u0131n emekli ikramiyelerinin hesaplanmas\u0131na ili\u015fkin meseleyi \u00e7\u00f6z\u00fcyoruz. Yapt\u0131\u011f\u0131m\u0131z bu d\u00fczenleme, esnaf\u0131m\u0131za sicil aff\u0131 d\u00fczenlemesidir. Siz, buna farkl\u0131 nedenlerle &#8216;b\u00f6yle de\u011fildir&#8217; deseniz bile bu do\u011fru de\u011fil. Bu esnaf\u0131m\u0131za getirilen bir sicil aff\u0131d\u0131r. Bu d\u00fczenleme yap\u0131l\u0131rken bankalar\u0131m\u0131z son derece olumlu, son derece yap\u0131c\u0131, bu d\u00fczenlemenin hayata ge\u00e7irilmesi halinde bu d\u00fczenlemeyi uygulamak konusunda istekli olduklar\u0131n\u0131 ifade etmi\u015flerdir. dedi<\/p>\n","protected":false},"excerpt":{"rendered":"<p>2017 sicil aff\u0131 detaylar\u0131 netle\u015fti. Maliye Bakan\u0131 Naci A\u011fbal, esnafa 2017 m\u00fcjdesini verdi, esnafa sicil aff\u0131 uygulanacak a\u00e7\u0131klamas\u0131 sonras\u0131 geri say\u0131m ba\u015flad\u0131, binlerce esnaf\u0131n \u00e7ek, senet, kredi vs. gibi bor\u00e7lar\u0131ndan \u00f6t\u00fcr\u00fc uygulanacak sicil aff\u0131 i\u00e7in geri say\u0131m ba\u015flad\u0131. &nbsp; 2017 sicil aff\u0131 kapsam\u0131nda milyonlarca esnaf\u0131n kredibilitesi y\u00fckselecek. Merakla beklenen sicil aff\u0131 yasas\u0131 \u00f6n\u00fcm\u00fczdeki hafta yasala\u015facak. [&hellip;]<\/p>\n","protected":false},"author":1,"featured_media":9308,"comment_status":"open","ping_status":"open","sticky":false,"template":"","format":"standard","meta":{"ngg_post_thumbnail":0},"categories":[5213,97],"tags":[6042,961,11253,11106,277,5778,6043,316],"_links":{"self":[{"href":"https:\/\/emlaktuel.com\/index.php?rest_route=\/wp\/v2\/posts\/9862"}],"collection":[{"href":"https:\/\/emlaktuel.com\/index.php?rest_route=\/wp\/v2\/posts"}],"about":[{"href":"https:\/\/emlaktuel.com\/index.php?rest_route=\/wp\/v2\/types\/post"}],"author":[{"embeddable":true,"href":"https:\/\/emlaktuel.com\/index.php?rest_route=\/wp\/v2\/users\/1"}],"replies":[{"embeddable":true,"href":"https:\/\/emlaktuel.com\/index.php?rest_route=%2Fwp%2Fv2%2Fcomments&post=9862"}],"version-history":[{"count":1,"href":"https:\/\/emlaktuel.com\/index.php?rest_route=\/wp\/v2\/posts\/9862\/revisions"}],"predecessor-version":[{"id":9863,"href":"https:\/\/emlaktuel.com\/index.php?rest_route=\/wp\/v2\/posts\/9862\/revisions\/9863"}],"wp:featuredmedia":[{"embeddable":true,"href":"https:\/\/emlaktuel.com\/index.php?rest_route=\/wp\/v2\/media\/9308"}],"wp:attachment":[{"href":"https:\/\/emlaktuel.com\/index.php?rest_route=%2Fwp%2Fv2%2Fmedia&parent=9862"}],"wp:term":[{"taxonomy":"category","embeddable":true,"href":"https:\/\/emlaktuel.com\/index.php?rest_route=%2Fwp%2Fv2%2Fcategories&post=9862"},{"taxonomy":"post_tag","embeddable":true,"href":"https:\/\/emlaktuel.com\/index.php?rest_route=%2Fwp%2Fv2%2Ftags&post=9862"}],"curies":[{"name":"wp","href":"https:\/\/api.w.org\/{rel}","templated":true}]}}