{"id":9784,"date":"2017-01-03T13:41:28","date_gmt":"2017-01-03T10:41:28","guid":{"rendered":"http:\/\/emlaktuel.com\/?p=9784"},"modified":"2018-07-05T15:40:14","modified_gmt":"2018-07-05T12:40:14","slug":"erken-emeklilikte-son-durum-eyt-2017-haberleri","status":"publish","type":"post","link":"https:\/\/emlaktuel.com\/?p=9784","title":{"rendered":"Erken emeklilikte son durum. EYT 2017 haberleri"},"content":{"rendered":"<div class=\"mb10\">\n<h1 class=\"news-title\"><img loading=\"lazy\" class=\"alignnone size-medium wp-image-9785\" src=\"http:\/\/emlaktuel.com\/wp-content\/uploads\/2017\/01\/erken-emeklilik-2-300x200.jpg\" alt=\"erken-emeklilik-2\" width=\"300\" height=\"200\" \/><\/h1>\n<h1 class=\"news-title\">Milyonlar\u0131n hayali olan erken emekli olmak, 2017 y\u0131l\u0131n\u0131n ilk g\u00fcnlerinde <a href=\"http:\/\/emlaktuel.com\">emeklik<\/a> bekleyenler i\u00e7in bir ad\u0131m at\u0131lacak m\u0131 at\u0131lmayacak m\u0131? sigorta s\u00fcresi ve prim i\u00e7in g\u00fcn say\u0131s\u0131n\u0131 dolduranlar\u0131 yak\u0131ndan ilgilendiren yeni \u00e7al\u0131\u015fma yolda. Nas\u0131l erken emekli olunur sorusu en \u00e7ok aranan konu ba\u015fl\u0131klar\u0131nda. Milyonlarca erken emekli olmak isteyen adaylar\u0131n ya\u015f\u0131 beklemeksizin y\u0131lda y\u00fczde 5 d\u00fc\u015f\u00fck maa\u015fla erken emekli olabilecek.<\/h1>\n<\/div>\n<div class=\"row\">\n<div class=\"col-lg-8 col-md-8 col-sm-12 col-xs-12\">\n<div class=\"mb10\">\n<div class=\"row\"><\/div>\n<div class=\"text_post_section product_page news_page\">\n<div class=\"product_preview\">\n<div class=\"qv_preview product_item\">\n<div><\/div>\n<\/div>\n<\/div>\n<div class=\"page_theme\">\n<div class=\"f_right event_info paddingt\"><\/div>\n<\/div>\n<div id=\"detailBody\" class=\"detailp\">\n<div class=\"img_position_left\">\n<div class=\"row\">\n<div id=\"reklam\" class=\"col-md-12\"><\/div>\n<\/div>\n<\/div>\n<p><strong>2017&#8217;nin ilk g\u00fcnleri yava\u015f yava\u015f geride kalmaya ba\u015flarken, <a href=\"http:\/\/emlaktuel.com\">erken emekli<\/a> olmay\u0131 bekleyen milyonlar bu form\u00fcl\u00fcn h\u00fck\u00fcmet taraf\u0131ndan hayata ge\u00e7irilmesi, programa al\u0131nmas\u0131 i\u00e7in b\u00fcy\u00fck beklenti halinde. <a href=\"http:\/\/emlaktuel.com\">Erken emeklilik<\/a> i\u00e7in \u00e7al\u0131\u015fmalar ne durumda, \u00e7al\u0131\u015fanlara erken emeklili\u011fin yolunu a\u00e7acak d\u00fczenleme hakk\u0131nda son dakika geli\u015fmesi ve en son durum bilgileri.<\/strong><\/p>\n<p>Hen\u00fcz yeni y\u0131l 2017&#8217;ye gireli ilk g\u00fcnler&#8230; Ocak ay\u0131 ve \u015eubat ay\u0131ndaki siyasi geli\u015fmelerin b\u00fcy\u00fck \u00f6nem kazanmaya devam etti\u011fi \u015fu g\u00fcnlerde, kendi konusunu merak eden milyonlarca erken emeklilik bekleyenler bir haber, bir geli\u015fme beklentisi i\u00e7inde sab\u0131rs\u0131zlan\u0131yor. Milyonlarca \u00e7al\u0131\u015fan erken emeklilik yolu g\u00f6zlerken, 2017&#8217;de EYT i\u00e7in nas\u0131l bir ad\u0131m at\u0131lacak \u015fimdiden olduk\u00e7a by\u00fck bir merak konusu olmu\u015f durumda.<\/p>\n<p>2017 y\u0131l\u0131na girilmesiyle birlikte hemen ilk g\u00fcnler itibariyle, emekli olmak isteyenlerin y\u00fcz\u00fcn\u00fc g\u00fcld\u00fcrecek emeklilikte yeni \u00e7al\u0131\u015fmalara ba\u015flanmas\u0131 beklentisi vatanda\u015fta bulunurken, siyasi cephede y\u0131l sonu aral\u0131k ay\u0131nda ge\u00e7en hareketlilik ve ufak tefek yasalar nedeniyle daha \u00e7ok b\u00fct\u00e7e ve zaml\u0131 tarifelere ili\u015fkin komisyonlardan ge\u00e7en yasalar \u00e7\u0131kart\u0131ld\u0131. Emekliler i\u00e7in \u00a0ise malum bir seneden fazla beklenen promosyon paralar\u0131 i\u00e7in resmi a\u00e7\u0131klama Ba\u015fbakan Binali Y\u0131ld\u0131r\u0131m taarf\u0131ndan y\u0131l\u0131n son g\u00fcn\u00fcnde kamuoyuna duyurulmu\u015ftu. Potaya hen\u00fcz erken emeklilik EYT girmi\u015f de\u011fil. Bekleyi\u015f bir miktar daha s\u00fcrecek gibi.<\/p>\n<p>Zira emeklilik yolu g\u00f6zleyen milyonlarca \u00e7al\u0131\u015fan i\u00e7in sigorta s\u00fcresi ve prim g\u00fcn say\u0131s\u0131n\u0131 dolduranlar i\u00e7in yeni bir \u00e7al\u0131\u015fman\u0131n yap\u0131laca\u011f\u0131 ifade ediliyor. Emekli adaylar\u0131 ya\u015f\u0131 beklemeden y\u0131lda y\u00fczde 5 d\u00fc\u015f\u00fck maa\u015fla erken emekli olabilmelerin yolu a\u00e7\u0131lacak.<\/p>\n<p>2017 baharda yap\u0131lmas\u0131 \u00f6ng\u00f6r\u00fclen referandum \u00f6ncesi erken emeklilik bekleyenler EYT&#8217;lilerin g\u00f6z\u00fc kula\u011f\u0131 \u00c7al\u0131\u015fma ve Sosyal G\u00fcvenlik Bakanl\u0131\u011f\u0131 taraf\u0131ndan yap\u0131lacak yeni a\u00e7\u0131klamalara \u00e7evrilecek.<\/p>\n<p>Di\u011fer tarftan \u00dclkemizde sigortal\u0131 olarak \u00e7al\u0131\u015fan ki\u015filer Sosyal G\u00fcvenlik Kurumu\u2018 na (SGK) belirli miktarlarda prim \u00f6deyerek emekli olmaya hak kazanabiliyorlar.<\/p>\n<p>Y\u0131pranmayla 5 y\u0131la kadar erken emekli olmak m\u00fcmk\u00fcn. A\u011f\u0131r ve y\u0131prat\u0131c\u0131 i\u015flerde \u00e7al\u0131\u015fan i\u015f\u00e7i ve memura ilave prim hakk\u0131 veriliyor. Bu, emekli olunacak prim say\u0131s\u0131n\u0131 art\u0131r\u0131rken, emekli olunacak ya\u015f\u0131 \u00f6ne \u00e7ekiyor.<\/p>\n<p>Bir \u00f6rnek vermek gerekirse; Toplamda 20 y\u0131l \u00e7al\u0131\u015fm\u0131\u015f bir ki\u015fi y\u0131pranmayla 25 y\u0131l \u00e7al\u0131\u015fm\u0131\u015f say\u0131larak 5 y\u0131l erken emekli olma hakk\u0131 elde edebiliyor. \u00c7al\u0131\u015ft\u0131\u011f\u0131n\u0131z i\u015fin bu kapsamda olup olmad\u0131\u011f\u0131 konusunda SGK\u2019ya sorup mutlaka blgi almak \u015fart.<\/p>\n<p>Son g\u00fcnlerde 2016&#8217;n\u0131n dalgal\u0131 ve yo\u011fun bir g\u00fcndemle ge\u00e7mesi, \u00f6zellikle son g\u00fcnlerde ter\u00f6r eylemlerine hedef al\u0131nan \u00fclkemizde yeni anayasa \u00e7al\u0131\u015fmalar\u0131 ve ciddi bir\u00a0siyasi yo\u011funluk bulunuyor. Normal g\u00fcndeme dair yeniliklerin, erken emeklilik t\u00fcr\u00fcnden \u00e7al\u0131\u015fmalar\u0131n bir m\u00fcddet daha \u015eimdi g\u00f6zler siyasi ve ekonomik yo\u011funluklar\u0131n yani g\u00fcndemin rahatlamas\u0131 sonras\u0131nda 2017&#8217;nin gelecek g\u00fcnlerinde ve aylar\u0131nda ba\u015flayabilecek bir emeklilik \u00e7al\u0131\u015fmalar\u0131 kapsam\u0131nda \u00e7\u0131kacak sonu\u00e7lara odaklan\u0131labilecek. \u00d6te yandan halen \u00e7al\u0131\u015fmas\u0131 s\u00fcren Ba\u015fkanl\u0131k sistemine ge\u00e7i\u015fte referanduma kadar yap\u0131lacak olan \u00e7al\u0131\u015fmalarda erken emeklili\u011fin yolu bo\u015falt\u0131lm\u0131\u015f olacak.<\/p>\n<\/div>\n<div class=\"paddingt\"><\/div>\n<div class=\"clearfix\"><\/div>\n<div class=\"row\">\n<div id=\"reklam\" class=\"col-md-12\"><ins class=\"adsbygoogle\" data-ad-format=\"autorelaxed\" data-ad-client=\"ca-pub-7298464182617618\" data-ad-slot=\"1602273831\" data-adsbygoogle-status=\"done\"><ins id=\"aswift_2_expand\"><ins id=\"aswift_2_anchor\"><iframe id=\"aswift_2\" name=\"aswift_2\" width=\"650\" height=\"390\" frameborder=\"0\" marginwidth=\"0\" marginheight=\"0\" scrolling=\"no\" allowfullscreen=\"allowfullscreen\" data-mce-fragment=\"1\"><\/iframe><\/ins><\/ins><\/ins><\/div>\n<\/div>\n<\/div>\n<\/div>\n<\/div>\n<\/div>\n","protected":false},"excerpt":{"rendered":"<p>Milyonlar\u0131n hayali olan erken emekli olmak, 2017 y\u0131l\u0131n\u0131n ilk g\u00fcnlerinde emeklik bekleyenler i\u00e7in bir ad\u0131m at\u0131lacak m\u0131 at\u0131lmayacak m\u0131? sigorta s\u00fcresi ve prim i\u00e7in g\u00fcn say\u0131s\u0131n\u0131 dolduranlar\u0131 yak\u0131ndan ilgilendiren yeni \u00e7al\u0131\u015fma yolda. Nas\u0131l erken emekli olunur sorusu en \u00e7ok aranan konu ba\u015fl\u0131klar\u0131nda. Milyonlarca erken emekli olmak isteyen adaylar\u0131n ya\u015f\u0131 beklemeksizin y\u0131lda y\u00fczde 5 d\u00fc\u015f\u00fck maa\u015fla [&hellip;]<\/p>\n","protected":false},"author":1,"featured_media":9785,"comment_status":"open","ping_status":"open","sticky":false,"template":"","format":"standard","meta":{"ngg_post_thumbnail":0},"categories":[5213],"tags":[505,5603,6013,6015,6014,2699,11458,7659,11123,11454],"_links":{"self":[{"href":"https:\/\/emlaktuel.com\/index.php?rest_route=\/wp\/v2\/posts\/9784"}],"collection":[{"href":"https:\/\/emlaktuel.com\/index.php?rest_route=\/wp\/v2\/posts"}],"about":[{"href":"https:\/\/emlaktuel.com\/index.php?rest_route=\/wp\/v2\/types\/post"}],"author":[{"embeddable":true,"href":"https:\/\/emlaktuel.com\/index.php?rest_route=\/wp\/v2\/users\/1"}],"replies":[{"embeddable":true,"href":"https:\/\/emlaktuel.com\/index.php?rest_route=%2Fwp%2Fv2%2Fcomments&post=9784"}],"version-history":[{"count":1,"href":"https:\/\/emlaktuel.com\/index.php?rest_route=\/wp\/v2\/posts\/9784\/revisions"}],"predecessor-version":[{"id":9786,"href":"https:\/\/emlaktuel.com\/index.php?rest_route=\/wp\/v2\/posts\/9784\/revisions\/9786"}],"wp:featuredmedia":[{"embeddable":true,"href":"https:\/\/emlaktuel.com\/index.php?rest_route=\/wp\/v2\/media\/9785"}],"wp:attachment":[{"href":"https:\/\/emlaktuel.com\/index.php?rest_route=%2Fwp%2Fv2%2Fmedia&parent=9784"}],"wp:term":[{"taxonomy":"category","embeddable":true,"href":"https:\/\/emlaktuel.com\/index.php?rest_route=%2Fwp%2Fv2%2Fcategories&post=9784"},{"taxonomy":"post_tag","embeddable":true,"href":"https:\/\/emlaktuel.com\/index.php?rest_route=%2Fwp%2Fv2%2Ftags&post=9784"}],"curies":[{"name":"wp","href":"https:\/\/api.w.org\/{rel}","templated":true}]}}