{"id":9776,"date":"2017-01-03T13:24:28","date_gmt":"2017-01-03T10:24:28","guid":{"rendered":"http:\/\/emlaktuel.com\/?p=9776"},"modified":"2018-07-05T15:40:06","modified_gmt":"2018-07-05T12:40:06","slug":"avrasya-tuneli-gecis-ucreti-ne-kadar-oldu","status":"publish","type":"post","link":"https:\/\/emlaktuel.com\/?p=9776","title":{"rendered":"Avrasya t\u00fcneli ge\u00e7i\u015f \u00fccreti ne kadar oldu?"},"content":{"rendered":"<div>\n<div id=\"haberdetaybaslik\">\n<h1><img loading=\"lazy\" class=\"alignnone size-medium wp-image-9777\" src=\"http:\/\/emlaktuel.com\/wp-content\/uploads\/2017\/01\/avrasla-t\u00fcneli-300x150.jpg\" alt=\"avrasla-tuneli\" width=\"300\" height=\"150\" \/><\/h1>\n<h1>Avrasya T\u00fcneli ge\u00e7i\u015f \u00fccretlerine 2 TL&#8217;ye yak\u0131n zam yap\u0131ld\u0131.<\/h1>\n<div><\/div>\n<\/div>\n<div><\/div>\n<\/div>\n<div><\/div>\n<div>\n<p><span style=\"color: #2e2e2e;\"><strong>Avrasya T\u00fcneli&#8217;ne ili\u015fkin ge\u00e7i\u015f \u00fccretlerinde<\/strong>\u00a0yeni g\u00fcncellemeye gidildi. Avrasya T\u00fcneli&#8217;nden ge\u00e7ecek otomobiller bundan sonra<strong>\u00a016,60 lira, minib\u00fcsler 24,90 lira \u00f6deyecek.<\/strong><br \/>\n20 Aral\u0131k 2016 tarihinde a\u00e7\u0131l\u0131\u015f\u0131 yap\u0131lan Avrasya T\u00fcneli&#8217;nde 2016 y\u0131l sonuna kadar otomobiller i\u00e7in\u00a0<strong>15 TL, minib\u00fcsler i\u00e7in ise 22,50 TL \u00fccret\u00a0<\/strong>al\u0131n\u0131yordu. Yeni y\u0131l ile birlikte Avrasya T\u00fcneli&#8217;nin ge\u00e7i\u015f \u00fccretleri zamland\u0131.<br \/>\nAvrasya T\u00fcneli&#8217;nde otomobiller i\u00e7in\u00a0<strong>15 lira olan ge\u00e7i\u015f \u00fccreti 16,60 lira,\u00a0<\/strong>minib\u00fcsler i\u00e7in ise\u00a0<strong>22,50 lira olan ge\u00e7i\u015f \u00fccreti 24,90 lira\u00a0<\/strong>olarak belirlendi.<br \/>\nYenilenen \u00fccretler,\u00a0<strong>1 \u015eubat 2018&#8217;e kadar<\/strong>\u00a0ge\u00e7erli olacak.\u00a0<\/span><\/p>\n<\/div>\n","protected":false},"excerpt":{"rendered":"<p>Avrasya T\u00fcneli ge\u00e7i\u015f \u00fccretlerine 2 TL&#8217;ye yak\u0131n zam yap\u0131ld\u0131. Avrasya T\u00fcneli&#8217;ne ili\u015fkin ge\u00e7i\u015f \u00fccretlerinde\u00a0yeni g\u00fcncellemeye gidildi. Avrasya T\u00fcneli&#8217;nden ge\u00e7ecek otomobiller bundan sonra\u00a016,60 lira, minib\u00fcsler 24,90 lira \u00f6deyecek. 20 Aral\u0131k 2016 tarihinde a\u00e7\u0131l\u0131\u015f\u0131 yap\u0131lan Avrasya T\u00fcneli&#8217;nde 2016 y\u0131l sonuna kadar otomobiller i\u00e7in\u00a015 TL, minib\u00fcsler i\u00e7in ise 22,50 TL \u00fccret\u00a0al\u0131n\u0131yordu. Yeni y\u0131l ile birlikte Avrasya T\u00fcneli&#8217;nin ge\u00e7i\u015f [&hellip;]<\/p>\n","protected":false},"author":1,"featured_media":9777,"comment_status":"open","ping_status":"open","sticky":false,"template":"","format":"standard","meta":{"ngg_post_thumbnail":0},"categories":[97,5388],"tags":[11431,4005,477,6011,5696,11416,851],"_links":{"self":[{"href":"https:\/\/emlaktuel.com\/index.php?rest_route=\/wp\/v2\/posts\/9776"}],"collection":[{"href":"https:\/\/emlaktuel.com\/index.php?rest_route=\/wp\/v2\/posts"}],"about":[{"href":"https:\/\/emlaktuel.com\/index.php?rest_route=\/wp\/v2\/types\/post"}],"author":[{"embeddable":true,"href":"https:\/\/emlaktuel.com\/index.php?rest_route=\/wp\/v2\/users\/1"}],"replies":[{"embeddable":true,"href":"https:\/\/emlaktuel.com\/index.php?rest_route=%2Fwp%2Fv2%2Fcomments&post=9776"}],"version-history":[{"count":1,"href":"https:\/\/emlaktuel.com\/index.php?rest_route=\/wp\/v2\/posts\/9776\/revisions"}],"predecessor-version":[{"id":9778,"href":"https:\/\/emlaktuel.com\/index.php?rest_route=\/wp\/v2\/posts\/9776\/revisions\/9778"}],"wp:featuredmedia":[{"embeddable":true,"href":"https:\/\/emlaktuel.com\/index.php?rest_route=\/wp\/v2\/media\/9777"}],"wp:attachment":[{"href":"https:\/\/emlaktuel.com\/index.php?rest_route=%2Fwp%2Fv2%2Fmedia&parent=9776"}],"wp:term":[{"taxonomy":"category","embeddable":true,"href":"https:\/\/emlaktuel.com\/index.php?rest_route=%2Fwp%2Fv2%2Fcategories&post=9776"},{"taxonomy":"post_tag","embeddable":true,"href":"https:\/\/emlaktuel.com\/index.php?rest_route=%2Fwp%2Fv2%2Ftags&post=9776"}],"curies":[{"name":"wp","href":"https:\/\/api.w.org\/{rel}","templated":true}]}}