{"id":9718,"date":"2016-12-31T13:28:25","date_gmt":"2016-12-31T10:28:25","guid":{"rendered":"http:\/\/emlaktuel.com\/?p=9718"},"modified":"2018-07-05T15:39:21","modified_gmt":"2018-07-05T12:39:21","slug":"osman-gazi-koprusu-gecis-ucreti-dusuruldu","status":"publish","type":"post","link":"https:\/\/emlaktuel.com\/?p=9718","title":{"rendered":"Osman Gazi K\u00f6pr\u00fcs\u00fc ge\u00e7i\u015f \u00fccreti d\u00fc\u015f\u00fcr\u00fcld\u00fc"},"content":{"rendered":"<div>\n<div id=\"haberdetaybaslik\">\n<h1><\/h1>\n<h1>2016&#8217;n\u0131n son g\u00fcn\u00fc gelen g\u00fczel haberi Ula\u015ft\u0131rma, Denizcilik ve Haberle\u015fme Bakan\u0131 Arslan a\u00e7\u0131klad\u0131.<\/h1>\n<div><\/div>\n<\/div>\n<\/div>\n<div>\n<p><span style=\"color: #2e2e2e;\">Haziran ay\u0131nda hizmete a\u00e7\u0131lan ancak y\u00fcksek ge\u00e7i\u015f \u00fccreti nedeniyle tenkitlere maruz kalan ve vatanda\u015flar\u0131n ge\u00e7i\u015f yapmay\u0131 tercih etmedi\u011fi mega projelerden Osman Gazi K\u00f6pr\u00fcs\u00fc ile ilgili m\u00fcjdeli haber y\u0131l\u0131n son g\u00fcn\u00fc geldi ve k\u00f6pr\u00fcn\u00fcn ge\u00e7i\u015f \u00fccretleri d\u00fc\u015f\u00fcr\u00fcld\u00fc.<\/span><\/p>\n<p>Ula\u015ft\u0131rma, Denizcilik ve Haberle\u015fme Bakan\u0131 Ahmet Arslan, &#8221;<strong>Osman Gazi K\u00f6pr\u00fcs\u00fc&#8217;nde<\/strong> yakla\u015f\u0131k 89 lira olan <strong>ge\u00e7i\u015f \u00fccreti 1 ocak 2017&#8217;den itibaren 65,65 liraya<\/strong> d\u00fc\u015f\u00fcr\u00fcld\u00fc.&#8221; diye konu\u015ftu.<\/p>\n<\/div>\n","protected":false},"excerpt":{"rendered":"<p>2016&#8217;n\u0131n son g\u00fcn\u00fc gelen g\u00fczel haberi Ula\u015ft\u0131rma, Denizcilik ve Haberle\u015fme Bakan\u0131 Arslan a\u00e7\u0131klad\u0131. Haziran ay\u0131nda hizmete a\u00e7\u0131lan ancak y\u00fcksek ge\u00e7i\u015f \u00fccreti nedeniyle tenkitlere maruz kalan ve vatanda\u015flar\u0131n ge\u00e7i\u015f yapmay\u0131 tercih etmedi\u011fi mega projelerden Osman Gazi K\u00f6pr\u00fcs\u00fc ile ilgili m\u00fcjdeli haber y\u0131l\u0131n son g\u00fcn\u00fc geldi ve k\u00f6pr\u00fcn\u00fcn ge\u00e7i\u015f \u00fccretleri d\u00fc\u015f\u00fcr\u00fcld\u00fc. Ula\u015ft\u0131rma, Denizcilik ve Haberle\u015fme Bakan\u0131 Ahmet [&hellip;]<\/p>\n","protected":false},"author":1,"featured_media":9719,"comment_status":"open","ping_status":"open","sticky":false,"template":"","format":"standard","meta":{"ngg_post_thumbnail":0},"categories":[97,5388],"tags":[191,11347,320,11530,5991,5990,106],"_links":{"self":[{"href":"https:\/\/emlaktuel.com\/index.php?rest_route=\/wp\/v2\/posts\/9718"}],"collection":[{"href":"https:\/\/emlaktuel.com\/index.php?rest_route=\/wp\/v2\/posts"}],"about":[{"href":"https:\/\/emlaktuel.com\/index.php?rest_route=\/wp\/v2\/types\/post"}],"author":[{"embeddable":true,"href":"https:\/\/emlaktuel.com\/index.php?rest_route=\/wp\/v2\/users\/1"}],"replies":[{"embeddable":true,"href":"https:\/\/emlaktuel.com\/index.php?rest_route=%2Fwp%2Fv2%2Fcomments&post=9718"}],"version-history":[{"count":2,"href":"https:\/\/emlaktuel.com\/index.php?rest_route=\/wp\/v2\/posts\/9718\/revisions"}],"predecessor-version":[{"id":9721,"href":"https:\/\/emlaktuel.com\/index.php?rest_route=\/wp\/v2\/posts\/9718\/revisions\/9721"}],"wp:featuredmedia":[{"embeddable":true,"href":"https:\/\/emlaktuel.com\/index.php?rest_route=\/wp\/v2\/media\/9719"}],"wp:attachment":[{"href":"https:\/\/emlaktuel.com\/index.php?rest_route=%2Fwp%2Fv2%2Fmedia&parent=9718"}],"wp:term":[{"taxonomy":"category","embeddable":true,"href":"https:\/\/emlaktuel.com\/index.php?rest_route=%2Fwp%2Fv2%2Fcategories&post=9718"},{"taxonomy":"post_tag","embeddable":true,"href":"https:\/\/emlaktuel.com\/index.php?rest_route=%2Fwp%2Fv2%2Ftags&post=9718"}],"curies":[{"name":"wp","href":"https:\/\/api.w.org\/{rel}","templated":true}]}}