{"id":9675,"date":"2016-12-30T13:15:00","date_gmt":"2016-12-30T10:15:00","guid":{"rendered":"http:\/\/emlaktuel.com\/?p=9675"},"modified":"2018-07-05T15:38:45","modified_gmt":"2018-07-05T12:38:45","slug":"turkiye-cumhuriyeti-100-yilina-hazirlaniyor","status":"publish","type":"post","link":"https:\/\/emlaktuel.com\/?p=9675","title":{"rendered":"T\u00fcrkiye Cumhuriyeti 100. y\u0131l\u0131na haz\u0131rlan\u0131yor"},"content":{"rendered":"<p><img loading=\"lazy\" class=\"alignnone wp-image-9676\" src=\"http:\/\/emlaktuel.com\/wp-content\/uploads\/2016\/12\/2023-300x177.jpg\" alt=\"2023\" width=\"584\" height=\"273\" \/><\/p>\n<p><strong>7.5 Milyon konut \u00fcretilecek<\/strong><\/p>\n<p>Yeni T\u00fcrkiye, Cumhuriyet\u2019in 100. y\u0131l\u0131na tam gaz haz\u0131rlan\u0131yor Ekonominin lokomotif sekt\u00f6r\u00fc in\u015faat ise 2023\u2019te mega projelerle \u015fahlanacak. Gelecek, \u00fclkelerin de\u011fil mega kentlerin \u00f6ne \u00e7\u0131kt\u0131\u011f\u0131 gayrimenkul ortam\u0131na tan\u0131kl\u0131k edecek.<\/p>\n<div>\n<p>2023 T\u00fcrkiye&#8217;sinde gayrimenkul sekt\u00f6r\u00fcn\u00fcn ba\u015fl\u0131ca g\u00fcndem konular\u0131 kentsel d\u00f6n\u00fc\u015f\u00fcm, ye\u015fil binalar, yeni havaliman\u0131, Kanal \u0130stanbul, mega projeler, yeni otoyol projeleri, hastane, otel yat\u0131r\u0131mlar\u0131 ve lojistik merkezleri olacak.<\/p>\n<p>B\u00fcy\u00fcmenin dinamo sekt\u00f6r\u00fc gayrimenkul\u00fcn 2023 y\u0131l\u0131na kadar d\u00fcnya genelinde \u00f6nemli bir b\u00fcy\u00fcmeye sahne olmas\u0131 bekleniyor. Gelecek, \u00fclkelerin de\u011fil &#8216;mega kentlerin&#8217; \u00f6ne \u00e7\u0131kt\u0131\u011f\u0131 bir gayrimenkul ortam\u0131na tan\u0131kl\u0131k edecek. 2023&#8217;\u00fcn T\u00fcrkiye&#8217;sinde gayrimenkul sekt\u00f6r\u00fcn\u00fcn g\u00fcndem konular\u0131, kentsel d\u00f6n\u00fc\u015f\u00fcm, ye\u015fil binalar, yeni havaalan\u0131, Kanal \u0130stanbul, mega projeler, yeni otoyol projeleri ile yeni ticari ve konut alanlar\u0131n\u0131n geli\u015fimi, hastane, otel yat\u0131r\u0131mlar\u0131 ve lojistik merkezleri olacak. Fetullah\u00e7\u0131 Ter\u00f6r \u00d6rg\u00fct\u00fc&#8217;n\u00fcn (FET\u00d6) hain darbe giri\u015fimi, ya\u015fanan ter\u00f6r olaylar\u0131, kriz lobisinin ger\u00e7ekle\u015ftirdi\u011fi kur operasyonlar\u0131, g\u00fcndeme gelen t\u00fcm olumsuzluklara ra\u011fmen yoluna devam eden T\u00fcrkiye, d\u00fcnya ekonomileri i\u00e7erisinde ilk yirmide bulunuyor. 2023 y\u0131l\u0131nda d\u00fcnyan\u0131n ilk 10 ekonomisine girme hedefi bulunan T\u00fcrkiye&#8217;de ki\u015fi ba\u015f\u0131na d\u00fc\u015fen milli gelirin 20 bin ila 25 bin dolara \u00e7\u0131kmas\u0131 bekleniyor. \u0130n\u015faat sekt\u00f6r\u00fc ile ekonomik b\u00fcy\u00fcmenin ili\u015fkisine bakt\u0131\u011f\u0131m\u0131zda son 5 y\u0131lda ekonomik b\u00fcy\u00fcmeye paralel sekt\u00f6r\u00fcn de her y\u0131l artarak b\u00fcy\u00fcd\u00fc\u011f\u00fcn\u00fc g\u00f6zlemliyoruz. Bu oran T\u00fcrkiye ekonomik b\u00fcy\u00fcmesinin yakla\u015f\u0131k her y\u0131l iki kat\u0131 olarak ger\u00e7ekle\u015fiyor. A\u00e7\u0131klanan 2016 \u00fc\u00e7\u00fcnc\u00fc \u00e7eyrek verilerinde ekonomik b\u00fcy\u00fcme rakamlar\u0131n\u0131n aksine in\u015faat sekt\u00f6r\u00fc 1.4 art\u0131\u015f g\u00f6sterdi. \u0130n\u015faat sekt\u00f6r\u00fc ilerleyi\u015fini son y\u0131llarda oldu\u011fu gibi \u00f6n\u00fcm\u00fczdeki d\u00f6nemde de s\u00fcrd\u00fcrecek.<\/p>\n<h2>Megakent d\u00f6n\u00fc\u015f\u00fcyor<\/h2>\n<p>Megakent \u0130stanbul, b\u00fcy\u00fck bir d\u00f6n\u00fc\u015f\u00fcm\u00fcn ba\u015frol\u00fcnde. Bir d\u00fcnya kenti olmas\u0131 amac\u0131yla ya\u015fam alanlar\u0131n\u0131, tarz\u0131n\u0131, kent k\u00fclt\u00fcr\u00fcn\u00fc, dokusunu, merkezlerini de\u011fi\u015ftirecek projelerin s\u00fcrd\u00fc\u011f\u00fc \u0130stanbul&#8217;da bir yandan 100 milyar dolarl\u0131k kentsel d\u00f6n\u00fc\u015f\u00fcm \u00e7al\u0131\u015fmalar\u0131 s\u00fcrerken bir yandan da 100 milyar dolarl\u0131k mega altyap\u0131 yat\u0131r\u0131mlar\u0131 yer al\u0131yor. Ekonomik kalk\u0131nmaya \u00f6nc\u00fcl\u00fck eden mega projeler bir bir devreye giriyor. \u0130stanbul, Cumhuriyet&#8217;in 100&#8217;\u00fcnc\u00fc y\u0131l\u0131na haz\u0131rlan\u0131yor. B\u00fcy\u00fcmenin lokomotifi in\u015faat sekt\u00f6r\u00fcn\u00fcn de bu kapsamda 2023 vizyonu belirlendi. Buna g\u00f6re, sekt\u00f6r\u00fcn her y\u0131l y\u00fczde 10-12 aras\u0131nda b\u00fcy\u00fcme g\u00f6stermesi beklenirken, T\u00fcrkiye&#8217;nin ekonomik b\u00fcy\u00fcmesine de 1 ile 2 puan aras\u0131nda katk\u0131 sa\u011flayacak. \u00d6zel sekt\u00f6r\u00fcn \u00f6nc\u00fcl\u00fc\u011f\u00fcnde b\u00fcy\u00fcyecek sekt\u00f6rde, finansman \u00f6nem kazanacak. T\u00fcrkiye in\u015faat sekt\u00f6r\u00fcn\u00fcn GSY\u0130H i\u00e7indeki pay\u0131 y\u00fczde 4.5&#8217;lerde. Bunun da ekonomik b\u00fcy\u00fckl\u00fc\u011f\u00fc 40 milyar dolara yak\u0131n. T\u00fcrkiye&#8217;nin hain ter\u00f6r sald\u0131r\u0131lar\u0131yla diz \u00e7\u00f6kt\u00fcr\u00fclmeye \u00e7al\u0131\u015f\u0131ld\u0131\u011f\u0131 kas\u0131m ay\u0131nda, ekonomiyle ilgili yarat\u0131lmaya \u00e7al\u0131\u015f\u0131lan negatif havaya ve kur bask\u0131s\u0131na ra\u011fmen vatanda\u015f konut almaktan vazge\u00e7medi. Kur operasyonu ile hedefine ula\u015famayan kriz lobisinin kas\u0131mda hedef tahtas\u0131na oturttu\u011fu konut sekt\u00f6r\u00fcnde ger\u00e7ekle\u015fen sat\u0131\u015flar, ekonomiye g\u00fcveni bir kez daha g\u00f6zler \u00f6n\u00fcne serdi. T\u00fcrkiye \u0130statistik Kurumu taraf\u0131ndan a\u00e7\u0131klanan rakamlara g\u00f6re, konut sat\u0131\u015flar\u0131 kas\u0131mda, 2015&#8217;in ayn\u0131 d\u00f6nemine g\u00f6re y\u00fczde 25.1 artarak 132 bin 655&#8217;e ula\u015ft\u0131. Ayl\u0131k bazda 11 ay\u0131n en y\u00fcksek sat\u0131\u015f rakam\u0131na ula\u015f\u0131ld\u0131. Y\u0131l\u0131n 11 ay\u0131nda ise sat\u0131\u015flar y\u00fczde 4.5 artarak 1 milyon 200 bine \u00e7\u0131kt\u0131. T\u00fcrkiye&#8217;nin tarihinin en b\u00fcy\u00fck ekonomik ve siyasi sald\u0131r\u0131lar\u0131na maruz kald\u0131\u011f\u0131 bu y\u0131l, konut sat\u0131\u015flar\u0131n\u0131n h\u00e2l\u00e2 ge\u00e7en y\u0131l\u0131n \u00fcst\u00fcnde bulunmas\u0131, vatanda\u015f\u0131n kriz lobisine prim tan\u0131mad\u0131\u011f\u0131 \u015feklinde yorumland\u0131. Konut sat\u0131\u015flar\u0131nda kas\u0131m ay\u0131nda ya\u015fanan y\u00fckseli\u015fte bankalar\u0131n Cumhurba\u015fkan\u0131 Recep Tayyip Erdo\u011fan&#8217;\u0131n \u00e7a\u011fr\u0131s\u0131yla ayl\u0131k faizleri y\u00fczde 1&#8217;in alt\u0131na \u00e7ekmesi, h\u00fck\u00fcmetin sekt\u00f6re y\u00f6nelik te\u015fvikleri ve esnek \u00f6demeli kampanyalar\u0131 etkili oldu. Ayr\u0131ca, son d\u00f6nemde Cumhurba\u015fkan\u0131&#8217;n\u0131n \u00e7a\u011fr\u0131s\u0131yla d\u00f6viz bozduran vatanda\u015f\u0131n bu paray\u0131 konut yat\u0131r\u0131m\u0131na \u00e7evirdi\u011fi belirtiliyor.<\/p>\n<h2>7.5 milyon konut yap\u0131lacak<\/h2>\n<p>Ortak kan\u0131, \u0130stanbul&#8217;un yeni yat\u0131r\u0131mlarla d\u00fcnya ba\u015fkenti olma hedefiyle birlikte \u00f6n\u00fcm\u00fczdeki 10 y\u0131lda hem sekt\u00f6r hem de ekonomi ad\u0131na \u00e7ok h\u0131zl\u0131 yol alaca\u011f\u0131 y\u00f6n\u00fcnde. Ba\u015fta \u0130stanbul olmak \u00fczere t\u00fcm T\u00fcrkiye&#8217;de mevcut bina stokunun nitelikli konutlarla yenilenmesi ihtiyac\u0131 sekt\u00f6r\u00fcn 2023&#8217;e olan yolculu\u011funda belirleyici olacak. GYODER&#8217;in 2023 Vizyonunda Gayrimenkul Sekt\u00f6r\u00fc raporuna g\u00f6re 2023 y\u0131l\u0131na kadar 7 milyon 560 bin konutun \u00fcretilmesi \u00f6ng\u00f6r\u00fcl\u00fcyor. Bu rakam 2000&#8217;lerin ba\u015f\u0131ndan bu yana sekt\u00f6r\u00fcn ger\u00e7ekle\u015ftirdi\u011fi konut \u00fcretiminin neredeyse iki kat\u0131.<\/p>\n<h2>2023&#8217;te gecekondu tarih olacak<\/h2>\n<p>400 milyar dolarl\u0131k kentsel d\u00f6n\u00fc\u015f\u00fcm hamlesiyle istikrarl\u0131 b\u00fcy\u00fcmeye devam edecek. \u00c7arp\u0131k kentle\u015fme ve deprem gibi afetlere kar\u015f\u0131 haz\u0131rl\u0131kl\u0131 olabilmek i\u00e7in kentsel d\u00f6n\u00fc\u015f\u00fcm \u00e7al\u0131\u015fmalar\u0131 h\u0131zland\u0131r\u0131lacak. T\u00fcrkiye&#8217;de 6.5 milyon konutun yenilenmesi g\u00fcndemdeyken, 2023&#8217;e kadar 13 milyon yeni konut yap\u0131lacak. Avrupa&#8217;daki gibi bina yap\u0131s\u0131 dikeyden yataya d\u00f6n\u00fc\u015ft\u00fcr\u00fclecek, tarihi yap\u0131lar restore edilecek, kendi konutunu yapana destek verilecek, yoksul ev sahibi olacak. 60 y\u0131ld\u0131r s\u00fcren gecekondu sorunu k\u00f6kten \u00e7\u00f6z\u00fclecek. Alt ve orta gelir grubunun konut ihtiyac\u0131n\u0131n kar\u015f\u0131lanmas\u0131na \u00f6ncelik verilecek. Planlama, projelendirme ve yap\u0131la\u015fma konular\u0131nda kaliteli hizmet ve denetim i\u00e7in il, il\u00e7e, belediyelerde yeterli say\u0131da nitelikli teknik personel \u00e7al\u0131\u015ft\u0131r\u0131lacak. D\u00f6n\u00fc\u015f\u00fcm ve yenileme projeleriyle tarihi veya geleneksel kent merkezleri, \u00f6zg\u00fcn kimli\u011fi korunarak yeniden canland\u0131r\u0131lacak.<\/p>\n<h2>Yabanc\u0131 yat\u0131r\u0131m\u0131n ilk adresi<\/h2>\n<p>Mevcut ekonomik, demografik verilere bakt\u0131\u011f\u0131m\u0131zda T\u00fcrkiye&#8217;nin \u00f6zellikle Avrupa gayrimenkul piyasas\u0131 i\u00e7in vazge\u00e7ilmez bir yat\u0131r\u0131m alan\u0131 oldu\u011fu bir ger\u00e7ek. 2003 sonras\u0131 T\u00fcrkiye&#8217;ye gelen uluslararas\u0131 yat\u0131r\u0131mc\u0131lar da bunun ispat\u0131. Bu s\u00fcre\u00e7 i\u00e7inde ya\u015fanan k\u00fcresel ekonomik durgunluk sonras\u0131 yat\u0131r\u0131mlar\u0131n tekrar T\u00fcrkiye&#8217;ye \u00e7ekilebilmesi i\u00e7in yat\u0131r\u0131mc\u0131lar\u0131n kendilerini daha &#8220;g\u00fcvende&#8221; hissettikleri geli\u015fmi\u015f gayrimenkul pazarlar\u0131ndan d\u0131\u015far\u0131ya \u00e7\u0131kmalar\u0131n\u0131 beklemek gerekiyor. Bu art\u0131k ba\u015flad\u0131. Bu s\u00fcre i\u00e7inde \u0130ngiltere, Almanya ve Fransa&#8217;ya yo\u011funla\u015fan yat\u0131r\u0131mc\u0131lar yava\u015f yava\u015f \u0130spanya, \u0130rlanda gibi geli\u015fmekte olan gayrimenkul pazarlar\u0131na y\u00f6nelmeye ba\u015flad\u0131lar ve s\u0131ra T\u00fcrkiye&#8217;ye geldi. Resme bireysel yat\u0131r\u0131mc\u0131lar a\u00e7\u0131s\u0131ndan bakarsak K\u00f6rfez ve Arap \u00fclkelerinden ciddi oranda bireysel yat\u0131r\u0131mc\u0131y\u0131 \u00f6zellikle konut projelerine \u00e7ekiyoruz. Bu \u00f6n\u00fcm\u00fczdeki d\u00f6nemde de devam edecek. Ancak sekt\u00f6r\u00fcn geneli i\u00e7in uluslararas\u0131 kurumsal yat\u0131r\u0131mc\u0131n\u0131n giri\u015fi \u00f6nemli. Bu da konut d\u0131\u015f\u0131ndaki gayrimenkul segmentlerinin geli\u015fmesi ile do\u011fru orant\u0131l\u0131. \u00d6zellikle lojistik ve end\u00fcstriyel gayrimenkul; yurtlar, otel yat\u0131r\u0131mlar\u0131 bu alanda \u00f6nemli bir potansiyelin oldu\u011fu gayrimenkul yat\u0131r\u0131m alanlar\u0131 gibi g\u00f6r\u00fcn\u00fcyor.<\/p>\n<h2>Yeni t\u00fcketici &#8216;ak\u0131ll\u0131 bina&#8217; istiyor<\/h2>\n<p>Yeni t\u00fcketici, yeni ya\u015fam ihtiya\u00e7lar\u0131na cevap veren, optimum metrekareli, enerji verimli, s\u00fcrd\u00fcr\u00fclebilir ve ye\u015fil odakl\u0131, d\u00fc\u015f\u00fck aidatl\u0131 konutlar istiyorlar. K\u00fc\u00e7\u00fck metrekareli, ama her t\u00fcrl\u00fc ihtiyac\u0131n\u0131 kar\u015f\u0131layabilece\u011fi; spor alanlar\u0131, havuzu olan, ula\u015f\u0131m kolayl\u0131\u011f\u0131 sunan konut tiplerine y\u00f6neliyor. \u00d6zellikle de g\u00fcvenli\u011fi olan ve \u00e7ocuklar\u0131n, gen\u00e7lerin sa\u011fl\u0131kl\u0131 ya\u015fam i\u00e7in spor yapabilmelerine olanak sunan konut projeleri istiyorlar. Bu istekler yeni yap\u0131lan projelerin niteli\u011fini belirliyor. Sosyal donat\u0131lar i\u00e7inde havuzlar, spor alanlar\u0131, y\u00fcr\u00fcy\u00fc\u015f parkurlar\u0131 gibi kent ya\u015fam\u0131nda soluk ald\u0131racak alanlar\u0131n t\u00fcm\u00fc oluyor. Projelerimizde enerji ve su tasarrufu sa\u011flayan uygulamalar\u0131n yan\u0131 s\u0131ra, bisiklet park alanlar\u0131, elektrikli \u015farj \u00fcniteleri, \u0131s\u0131 tasarrufu sa\u011flayan camlar gibi pek \u00e7ok \u00f6zelli\u011fe yer veriliyor.<\/p>\n<p>Sabah<\/p>\n<\/div>\n","protected":false},"excerpt":{"rendered":"<p>7.5 Milyon konut \u00fcretilecek Yeni T\u00fcrkiye, Cumhuriyet\u2019in 100. y\u0131l\u0131na tam gaz haz\u0131rlan\u0131yor Ekonominin lokomotif sekt\u00f6r\u00fc in\u015faat ise 2023\u2019te mega projelerle \u015fahlanacak. Gelecek, \u00fclkelerin de\u011fil mega kentlerin \u00f6ne \u00e7\u0131kt\u0131\u011f\u0131 gayrimenkul ortam\u0131na tan\u0131kl\u0131k edecek. 2023 T\u00fcrkiye&#8217;sinde gayrimenkul sekt\u00f6r\u00fcn\u00fcn ba\u015fl\u0131ca g\u00fcndem konular\u0131 kentsel d\u00f6n\u00fc\u015f\u00fcm, ye\u015fil binalar, yeni havaliman\u0131, Kanal \u0130stanbul, mega projeler, yeni otoyol projeleri, hastane, otel yat\u0131r\u0131mlar\u0131 [&hellip;]<\/p>\n","protected":false},"author":1,"featured_media":9678,"comment_status":"open","ping_status":"open","sticky":false,"template":"","format":"standard","meta":{"ngg_post_thumbnail":0},"categories":[97,5388],"tags":[5963,11106,180,62,1258,11243,73,88,80,9977,89,11126,316],"_links":{"self":[{"href":"https:\/\/emlaktuel.com\/index.php?rest_route=\/wp\/v2\/posts\/9675"}],"collection":[{"href":"https:\/\/emlaktuel.com\/index.php?rest_route=\/wp\/v2\/posts"}],"about":[{"href":"https:\/\/emlaktuel.com\/index.php?rest_route=\/wp\/v2\/types\/post"}],"author":[{"embeddable":true,"href":"https:\/\/emlaktuel.com\/index.php?rest_route=\/wp\/v2\/users\/1"}],"replies":[{"embeddable":true,"href":"https:\/\/emlaktuel.com\/index.php?rest_route=%2Fwp%2Fv2%2Fcomments&post=9675"}],"version-history":[{"count":1,"href":"https:\/\/emlaktuel.com\/index.php?rest_route=\/wp\/v2\/posts\/9675\/revisions"}],"predecessor-version":[{"id":9677,"href":"https:\/\/emlaktuel.com\/index.php?rest_route=\/wp\/v2\/posts\/9675\/revisions\/9677"}],"wp:featuredmedia":[{"embeddable":true,"href":"https:\/\/emlaktuel.com\/index.php?rest_route=\/wp\/v2\/media\/9678"}],"wp:attachment":[{"href":"https:\/\/emlaktuel.com\/index.php?rest_route=%2Fwp%2Fv2%2Fmedia&parent=9675"}],"wp:term":[{"taxonomy":"category","embeddable":true,"href":"https:\/\/emlaktuel.com\/index.php?rest_route=%2Fwp%2Fv2%2Fcategories&post=9675"},{"taxonomy":"post_tag","embeddable":true,"href":"https:\/\/emlaktuel.com\/index.php?rest_route=%2Fwp%2Fv2%2Ftags&post=9675"}],"curies":[{"name":"wp","href":"https:\/\/api.w.org\/{rel}","templated":true}]}}