{"id":9611,"date":"2016-12-29T11:32:16","date_gmt":"2016-12-29T08:32:16","guid":{"rendered":"http:\/\/emlaktuel.com\/?p=9611"},"modified":"2018-07-05T15:37:57","modified_gmt":"2018-07-05T12:37:57","slug":"insaat-sektoru-2017den-umutlu","status":"publish","type":"post","link":"https:\/\/emlaktuel.com\/?p=9611","title":{"rendered":"\u0130n\u015faat sekt\u00f6r\u00fc 2017&#8217;den umutlu"},"content":{"rendered":"<h1 class=\"news-detail-title selectionShareable\">T\u00fcrkiye ekonomisinin lokomotifi in\u015faat sekt\u00f6r\u00fcn\u00fcn temsilcileri, 2017 y\u0131l\u0131na umutla giriyor. \u0130n\u015faat sekt\u00f6r\u00fcn\u00fcn temsilcileri, yeni y\u0131lla birlikte durgunlu\u011fu f\u0131rsata \u00e7evirecek yat\u0131r\u0131mlara y\u00f6neleceklerini kaydediyor.<\/h1>\n<p>&nbsp;<\/p>\n<div>\n<p>YEN\u00ce yat\u0131r\u0131mlar yapman\u0131n durgunluk d\u00f6nemlerini gidermek i\u00e7in \u00f6nemli bir hamle oldu\u011funu ifade eden OP Grup Y\u00f6netim Kurulu Ba\u015fkan\u0131 \u00dcnal Pala, &#8220;\u00dclkemiz son aylarda ger\u00e7ekten<\/p>\n<p>\u00e7ok s\u0131k\u0131nt\u0131l\u0131 zamanlar ya\u015fad\u0131. Ancak bu durumu olumluya \u00e7evirmek hepimizin elinde. Bu ortamlar, normal \u015fartlarda yap\u0131lmayacak kampanyalar\u0131n, ele ge\u00e7irilemeyecek f\u0131rsatlar\u0131n ortaya \u00e7\u0131kt\u0131\u011f\u0131 d\u00f6nemlerdir. Ama\u00e7, yat\u0131r\u0131ma te\u015fvik etmek, \u00fclkemizi g\u00fczel g\u00fcnlere ula\u015ft\u0131rabilmek&#8221; diye konu\u015ftu.<\/p>\n<h2>&#8216;Zorlu testleri ba\u015far\u0131yla ge\u00e7tik&#8217;<\/h2>\n<p><img class=\"lazy\" src=\"http:\/\/emlakkulisi.com\/resim\/tamboyut\/Mjg1OTE3Mj-gayrimenkul-sektoru-2017ye-umutlu-giriyor.jpg\" width=\"100%\" data-original=\"\/resim\/tamboyut\/Mjg1OTE3Mj-gayrimenkul-sektoru-2017ye-umutlu-giriyor.jpg\" \/><\/p>\n<p>BEKA\u015e \u0130n\u015faat Y\u00f6netim Kumlu Ba\u015fkan\u0131 Bekir Karahasano\u011flu, 2016&#8217;daki t\u00fcm olumsuzluklara kar\u015f\u0131n T\u00fcrkiye&#8217;nin zorlu testleri ba\u015far\u0131yla ge\u00e7ti\u011fini belirtti. Karahasano\u011flu, \u015f\u00f6yle devam etti: &#8220;Asl\u0131nda bu \u00fclke i\u015f adam\u0131n\u0131n kararl\u0131l\u0131\u011f\u0131, \u00fclkesine ve milletine g\u00f6sterdi\u011fi g\u00fcvenin k\u00fc\u00e7\u00fck bir \u00f6rne\u011fidir diyebilirim. Bu dinamizmi arkam\u0131za alarak 2017&#8217;de de yat\u0131r\u0131mlar\u0131m\u0131za h\u0131z kesmeden devam edece\u011fiz&#8221; dedi. Karahasano\u011flu, 2017&#8217;nin \u00f6nceki y\u0131llardan \u00e7ok daha iyi olaca\u011f\u0131na inand\u0131klar\u0131n\u0131 belirtti.<\/p>\n<h2>&#8216;Kalite \u00f6ne \u00e7\u0131kt\u0131&#8217;<\/h2>\n<p><img class=\"lazy\" src=\"http:\/\/emlakkulisi.com\/resim\/tamboyut\/NDQzNDU0OT-gayrimenkul-sektoru-2017ye-umutlu-giriyor.jpg\" width=\"100%\" data-original=\"\/resim\/tamboyut\/NDQzNDU0OT-gayrimenkul-sektoru-2017ye-umutlu-giriyor.jpg\" \/><\/p>\n<p>2016&#8217;da kaliteli projelerin \u00f6ne \u00e7\u0131kt\u0131\u011f\u0131n\u0131 vurgulayan \u0130TO Yat\u0131r\u0131m ortaklar\u0131ndan \u00d6zkan \u00d6zgelik, 2017&#8217;den olduk\u00e7a umutlu oldu\u011funun alt\u0131n\u0131 \u00e7izdi. Yat\u0131nmlann\u0131 bu beklentiyle devam ettirdiklerini belirten \u00d6zgelik, \u015f\u00f6yle devam etti: &#8220;\u0130n\u015faat sekt\u00f6r\u00fcnde, yeni ba\u015flayan projelerden \u00e7ok, tamamlanm\u0131\u015f konutlardaki fiyatlamalar\u0131n m\u00fc\u015fteriler i\u00e7in cazip bir noktada olaca\u011f\u0131n\u0131 g\u00f6r\u00fcyoruz. Bu noktada da T\u00fcrkiye&#8217;yi 2017&#8217;de, \u00f6zellikle ilk \u00e7eyre\u011finden sonra daha stabil bir ekonomi bekledi\u011fini \u00fcmit ediyorum.&#8221;<\/p>\n<h2>&#8216;Arsan\u0131n y\u0131ld\u0131z\u0131 parlayacak&#8217;<\/h2>\n<p><img class=\"lazy\" src=\"http:\/\/emlakkulisi.com\/resim\/tamboyut\/OTc1NTc2ND-gayrimenkul-sektoru-2017ye-umutlu-giriyor.jpg\" width=\"100%\" data-original=\"\/resim\/tamboyut\/OTc1NTc2ND-gayrimenkul-sektoru-2017ye-umutlu-giriyor.jpg\" \/><\/p>\n<p>GAYR\u0130MENKUL\u00dcN 2016&#8217;da yat\u0131r\u0131mc\u0131s\u0131na ciddi kazan\u00e7 sa\u011flad\u0131\u011f\u0131n\u0131n alt\u0131n\u0131 \u00e7izen Onursal Gayrimenkul Geli\u015ftirme Y\u00f6netim Kurulu Ba\u015fkan\u0131 Onur \u00d6ng\u00fcn, &#8220;Yaln\u0131zca konut de\u011fil, arsaya yat\u0131r\u0131m yapanlar da bu y\u0131l olduk\u00e7a k\u00e2rl\u0131 \u00e7\u0131kt\u0131. Kentlerin b\u00fcy\u00fcmesine paralel daha \u00e7ok \u00f6ne \u00e7\u0131kmaya ba\u015flayan arsa yat\u0131r\u0131mlar\u0131, konut projelerinin art\u0131\u015f\u0131yla \u00e7ok daha kazan\u00e7l\u0131 olmaya ba\u015flad\u0131. Arsaya yat\u0131r\u0131m yapanlann yak\u0131n gelecekte b\u00fcy\u00fck kazan\u00e7lar sa\u011flayaca\u011f\u0131n\u0131 s\u00f6ylemek m\u00fcmk\u00fcn&#8221; dedi.<\/p>\n<h2>&#8216;G\u00fcven gelecek&#8217;<\/h2>\n<p><img class=\"lazy\" src=\"http:\/\/emlakkulisi.com\/resim\/tamboyut\/NDg4MzgwMz-gayrimenkul-sektoru-2017ye-umutlu-giriyor.jpg\" width=\"100%\" data-original=\"\/resim\/tamboyut\/NDg4MzgwMz-gayrimenkul-sektoru-2017ye-umutlu-giriyor.jpg\" \/><\/p>\n<p>BU y\u0131l\u0131n kendileri i\u00e7in verimli bir y\u0131l oldu\u011funun alt\u0131n\u0131 \u00e7izen YP \u0130n\u015faat Y\u00f6netim Kurulu \u00dcyesi Osman Cem \u00c7ankaya, &#8220;\u00c7\u00fcnk\u00fc 2016, b\u00fcy\u00fck yat\u0131r\u0131mlara ilk ad\u0131m\u0131 att\u0131\u011f\u0131m\u0131z y\u0131l oldu&#8221; dedi. Firma olarak 20&#8217;nci y\u0131llar\u0131n\u0131 kutlamalar\u0131n\u0131n kendileri i\u00e7in motive edici oldu\u011funu s\u00f6yleyen \u00c7ankaya, &#8220;2017 y\u0131l\u0131nda ekonominin lokomotifi in\u015faat sekt\u00f6r\u00fcnde iyi yat\u0131r\u0131mlar hayata ge\u00e7meye devam edecek.<\/p>\n<p>Al\u0131c\u0131lar\u0131n da sekt\u00f6re daha fazla g\u00fcven duyaca\u011f\u0131na, memleketimizin daha iyi bir noktaya gelece\u011fine y\u00fcrekten inan\u0131yorum&#8221; diye konu\u015ftu.<\/p>\n<h2>Konutta rekor beklentisi<\/h2>\n<p><img class=\"lazy\" src=\"http:\/\/emlakkulisi.com\/resim\/tamboyut\/MTcxODM0OD-gayrimenkul-sektoru-2017ye-umutlu-giriyor.jpg\" width=\"100%\" data-original=\"\/resim\/tamboyut\/MTcxODM0OD-gayrimenkul-sektoru-2017ye-umutlu-giriyor.jpg\" \/><\/p>\n<p>GE\u00c7EN y\u0131l 1 milyon 289 bin 320 konut sat\u0131lmas\u0131na kar\u015f\u0131n, 2016&#8217;n\u0131n ilk 10 ay\u0131nda 1 milyon 66 bin 85 konutun sat\u0131ld\u0131\u011f\u0131n\u0131 an\u0131msatan BESA Grup Y\u00f6netim Kurulu \u00dcyesi Efe Bezci, rakamlara g\u00f6re y\u0131l sonunda konut sat\u0131\u015f\u0131nda yeni bir rekorun gelme ihtimalinin olduk\u00e7a y\u00fcksek oldu\u011funu s\u00f6yledi. Yat\u0131r\u0131mc\u0131n\u0131n &#8216;g\u00fcvenli liman&#8217; konuta y\u00f6neldi\u011fini ifade eden Bezci, &#8220;T\u00fcrkiye, bu y\u0131l \u00e7ok say\u0131da olumsuzluk ya\u015fasa da, ne kadar g\u00fc\u00e7l\u00fc bir \u00fclke oldu\u011funu bir kez daha g\u00f6sterdi. Birikimi olanlar da bu s\u00fcre\u00e7te gayrimenkule yat\u0131r\u0131m yaparak, paras\u0131n\u0131n de\u011fer kaybetmemesini sa\u011flad\u0131&#8221; diye konu\u015ftu.<\/p>\n<p>Habert\u00fcrk Ankara<\/p>\n<\/div>\n","protected":false},"excerpt":{"rendered":"<p>T\u00fcrkiye ekonomisinin lokomotifi in\u015faat sekt\u00f6r\u00fcn\u00fcn temsilcileri, 2017 y\u0131l\u0131na umutla giriyor. \u0130n\u015faat sekt\u00f6r\u00fcn\u00fcn temsilcileri, yeni y\u0131lla birlikte durgunlu\u011fu f\u0131rsata \u00e7evirecek yat\u0131r\u0131mlara y\u00f6neleceklerini kaydediyor. &nbsp; YEN\u00ce yat\u0131r\u0131mlar yapman\u0131n durgunluk d\u00f6nemlerini gidermek i\u00e7in \u00f6nemli bir hamle oldu\u011funu ifade eden OP Grup Y\u00f6netim Kurulu Ba\u015fkan\u0131 \u00dcnal Pala, &#8220;\u00dclkemiz son aylarda ger\u00e7ekten \u00e7ok s\u0131k\u0131nt\u0131l\u0131 zamanlar ya\u015fad\u0131. Ancak bu durumu olumluya [&hellip;]<\/p>\n","protected":false},"author":1,"featured_media":8520,"comment_status":"open","ping_status":"open","sticky":false,"template":"","format":"standard","meta":{"ngg_post_thumbnail":0},"categories":[27,97,5388],"tags":[62,67,1258,80,1551,11335,11316,11391,556],"_links":{"self":[{"href":"https:\/\/emlaktuel.com\/index.php?rest_route=\/wp\/v2\/posts\/9611"}],"collection":[{"href":"https:\/\/emlaktuel.com\/index.php?rest_route=\/wp\/v2\/posts"}],"about":[{"href":"https:\/\/emlaktuel.com\/index.php?rest_route=\/wp\/v2\/types\/post"}],"author":[{"embeddable":true,"href":"https:\/\/emlaktuel.com\/index.php?rest_route=\/wp\/v2\/users\/1"}],"replies":[{"embeddable":true,"href":"https:\/\/emlaktuel.com\/index.php?rest_route=%2Fwp%2Fv2%2Fcomments&post=9611"}],"version-history":[{"count":1,"href":"https:\/\/emlaktuel.com\/index.php?rest_route=\/wp\/v2\/posts\/9611\/revisions"}],"predecessor-version":[{"id":9612,"href":"https:\/\/emlaktuel.com\/index.php?rest_route=\/wp\/v2\/posts\/9611\/revisions\/9612"}],"wp:featuredmedia":[{"embeddable":true,"href":"https:\/\/emlaktuel.com\/index.php?rest_route=\/wp\/v2\/media\/8520"}],"wp:attachment":[{"href":"https:\/\/emlaktuel.com\/index.php?rest_route=%2Fwp%2Fv2%2Fmedia&parent=9611"}],"wp:term":[{"taxonomy":"category","embeddable":true,"href":"https:\/\/emlaktuel.com\/index.php?rest_route=%2Fwp%2Fv2%2Fcategories&post=9611"},{"taxonomy":"post_tag","embeddable":true,"href":"https:\/\/emlaktuel.com\/index.php?rest_route=%2Fwp%2Fv2%2Ftags&post=9611"}],"curies":[{"name":"wp","href":"https:\/\/api.w.org\/{rel}","templated":true}]}}