{"id":9578,"date":"2016-12-28T13:53:09","date_gmt":"2016-12-28T10:53:09","guid":{"rendered":"http:\/\/emlaktuel.com\/?p=9578"},"modified":"2018-07-05T15:37:23","modified_gmt":"2018-07-05T12:37:23","slug":"artastan-anadolu-yakasinda-yeni-proje-umraniye-yamanevler","status":"publish","type":"post","link":"https:\/\/emlaktuel.com\/?p=9578","title":{"rendered":"Arta\u015f&#8217;tan Anadolu Yakas\u0131&#8217;nda yeni proje: \u00dcmraniye Yamanevler"},"content":{"rendered":"<div class=\"hz_main_post_content\">\n<div class=\"big_post_content\">\n<h5>\u0130stanbul\u2019un en de\u011ferli lokasyonlar\u0131nda Avrupa Konutlar\u0131 markas\u0131 ile kaliteli konutlar \u00fcreten Arta\u015f \u0130n\u015faat, \u015fimdi de Anadolu Yakas\u0131\u2019nda ilk projesine ba\u015flayacak.<\/h5>\n<p>\u0130n\u015faat sekt\u00f6r\u00fcn\u00fcn g\u00fcvenilir firmas\u0131 Arta\u015f \u0130n\u015faat, bug\u00fcn d\u00fczenledi\u011fi bas\u0131n toplant\u0131s\u0131nda 2016 projelerini anlatarak 2017&#8217;de hayata ge\u00e7irece\u011fi 5 yeni projesini bas\u0131na tan\u0131tt\u0131.<\/p><\/div>\n<div class=\"big_post_content\"><\/div>\n<div class=\"big_post_content\">2017 y\u0131l\u0131nda Avrupa Konutlar\u0131 Ar\u0131c\u0131lar, Avrupa Konutlar\u0131 Yamanevler, Avrupa Konutlar\u0131 Kale 2, Avrupa Konutlar\u0131 Atakent 4 projesi A etab\u0131na B ve C etaplar\u0131 olmak \u00fczere 5 proje hayata ge\u00e7irecek olan Arta\u015f Yamanevler projesi ile Anadolu Yakas\u0131&#8217;nda ilk konut projesine imza atacak.<\/div>\n<div class=\"big_post_content\"><\/div>\n<div class=\"big_post_content\">Anadolu Yakas\u0131&#8217;ndaki ikinci Avrupa Konutlar\u0131 markal\u0131 projesini \u00dcmraniye&#8217;de hayata ge\u00e7irecek olan Arta\u015f, Avrupa Konutlar\u0131 Yamanevler projesine haziran ay\u0131nda ba\u015flayacak. 480 bin metrekare toplam in\u015faat alan\u0131 bulunan projede 1.669 konut ile ofis ve ticari \u00fcniteler bulunacak. Yamanevler projesinde ayr\u0131ca 285 bin metrekare toplam sat\u0131labilir alan yer alacak.<\/div>\n<div class=\"big_post_content\"><\/div>\n<div class=\"big_post_content\"><img class=\"hz_appear_detail hz_appear\" src=\"http:\/\/i.emlaktasondakika.com\/Files\/EditorImages\/images\/yamanevler-artas.jpg\" alt=\"\" \/><\/div>\n<div class=\"big_post_content\"><\/div>\n<div class=\"big_post_content\">\u00dcmraniye il\u00e7esi \u0130nk\u0131lap Mahallesi, 46 pafta, 874 ada, 197 parsel mevkiinde hayata ge\u00e7irilecek olan proje, 14 bloktan meydana gelecek. Projede 1+0 (st\u00fcdyo) daireden 4+1 konut konut tipine kadar farkl\u0131 se\u00e7enekler yer alacak. Arta\u015f \u0130n\u015faat, Avrupa Konutlar\u0131 Yamanevler projesi ile olarak Anadolu Yakas\u0131&#8217;nda ilk kez\u00a0konut projesine imza atm\u0131\u015f olacak.<\/div>\n<\/div>\n","protected":false},"excerpt":{"rendered":"<p>\u0130stanbul\u2019un en de\u011ferli lokasyonlar\u0131nda Avrupa Konutlar\u0131 markas\u0131 ile kaliteli konutlar \u00fcreten Arta\u015f \u0130n\u015faat, \u015fimdi de Anadolu Yakas\u0131\u2019nda ilk projesine ba\u015flayacak. \u0130n\u015faat sekt\u00f6r\u00fcn\u00fcn g\u00fcvenilir firmas\u0131 Arta\u015f \u0130n\u015faat, bug\u00fcn d\u00fczenledi\u011fi bas\u0131n toplant\u0131s\u0131nda 2016 projelerini anlatarak 2017&#8217;de hayata ge\u00e7irece\u011fi 5 yeni projesini bas\u0131na tan\u0131tt\u0131. 2017 y\u0131l\u0131nda Avrupa Konutlar\u0131 Ar\u0131c\u0131lar, Avrupa Konutlar\u0131 Yamanevler, Avrupa Konutlar\u0131 Kale 2, Avrupa Konutlar\u0131 [&hellip;]<\/p>\n","protected":false},"author":1,"featured_media":9556,"comment_status":"open","ping_status":"open","sticky":false,"template":"","format":"standard","meta":{"ngg_post_thumbnail":0},"categories":[219],"tags":[214,183,5912,5914,5915,5913,130,11092,11204,80,106,11102,11125],"_links":{"self":[{"href":"https:\/\/emlaktuel.com\/index.php?rest_route=\/wp\/v2\/posts\/9578"}],"collection":[{"href":"https:\/\/emlaktuel.com\/index.php?rest_route=\/wp\/v2\/posts"}],"about":[{"href":"https:\/\/emlaktuel.com\/index.php?rest_route=\/wp\/v2\/types\/post"}],"author":[{"embeddable":true,"href":"https:\/\/emlaktuel.com\/index.php?rest_route=\/wp\/v2\/users\/1"}],"replies":[{"embeddable":true,"href":"https:\/\/emlaktuel.com\/index.php?rest_route=%2Fwp%2Fv2%2Fcomments&post=9578"}],"version-history":[{"count":1,"href":"https:\/\/emlaktuel.com\/index.php?rest_route=\/wp\/v2\/posts\/9578\/revisions"}],"predecessor-version":[{"id":9579,"href":"https:\/\/emlaktuel.com\/index.php?rest_route=\/wp\/v2\/posts\/9578\/revisions\/9579"}],"wp:featuredmedia":[{"embeddable":true,"href":"https:\/\/emlaktuel.com\/index.php?rest_route=\/wp\/v2\/media\/9556"}],"wp:attachment":[{"href":"https:\/\/emlaktuel.com\/index.php?rest_route=%2Fwp%2Fv2%2Fmedia&parent=9578"}],"wp:term":[{"taxonomy":"category","embeddable":true,"href":"https:\/\/emlaktuel.com\/index.php?rest_route=%2Fwp%2Fv2%2Fcategories&post=9578"},{"taxonomy":"post_tag","embeddable":true,"href":"https:\/\/emlaktuel.com\/index.php?rest_route=%2Fwp%2Fv2%2Ftags&post=9578"}],"curies":[{"name":"wp","href":"https:\/\/api.w.org\/{rel}","templated":true}]}}