{"id":9565,"date":"2016-12-28T12:48:04","date_gmt":"2016-12-28T09:48:04","guid":{"rendered":"http:\/\/emlaktuel.com\/?p=9565"},"modified":"2018-07-05T15:37:06","modified_gmt":"2018-07-05T12:37:06","slug":"istanbul-bogazinin-altina-yaya-tuneli-geliyor","status":"publish","type":"post","link":"https:\/\/emlaktuel.com\/?p=9565","title":{"rendered":"\u0130stanbul Bo\u011faz\u0131&#8217;n\u0131n alt\u0131na yaya t\u00fcneli geliyor"},"content":{"rendered":"<div class=\"hz_main_post_content\">\n<div class=\"big_post_content\">\n<div class=\"top-context\">\n<div class=\"story-banner\"><img src=\"http:\/\/media-cdn.t24.com.tr\/media\/stories\/2016\/12\/page_istanbul-bogazinin-altina-yaya-tuneli-yapilacak_838359476.jpg\" alt=\"\" \/><\/div>\n<h2>Yaya t\u00fcnelinin alt kat\u0131ndan ise lastik tekerlekli, elektrikli ara\u00e7lar yolcu ta\u015f\u0131yacak<\/h2>\n<\/div>\n<div class=\"story-banner\"><\/div>\n<div class=\"banner-tag\"><\/div>\n<div class=\"story-content\">\n<div class=\"right\">\n<div>\n<p>\u0130stanbul&#8217;un iki yakas\u0131n\u0131 alt\u0131nc\u0131 kez birbirine denizin alt\u0131ndan ba\u011flayacak, \u00dcsk\u00fcdar-Kabata\u015f aras\u0131nda iki kilometre uzunlu\u011fundaki yayalar\u0131n ve bisikletlilerin ge\u00e7ece\u011fi &#8220;\u0130stanbul Bo\u011fazi\u00e7i Bulvar\u0131&#8221; i\u00e7in sondaj \u00e7al\u0131\u015fmalar\u0131 ba\u015flad\u0131.<\/p>\n<p>Proje, \u0130stanbul B\u00fcy\u00fck\u015fehir Belediye Ba\u015fkan\u0131 (\u0130BB)\u00a0<strong>Kadir Topba\u015f<\/strong>\u2019\u0131n, ustal\u0131k d\u00f6nemi vaatlerinden biriydi. \u0130BB \u015firketlerinden B\u0130MTA\u015e, &#8220;Taahh\u00fct Alt\u0131nda Bulunan Kabata\u015f-\u00dcsk\u00fcdar\u00a0Aras\u0131 Bo\u011faz Ge\u00e7i\u015f Yaya T\u00fcneli Deniz ve\u00a0Kara\u00a0Sondajlar\u0131n\u0131n Yap\u0131lmas\u0131 Hizmet Al\u0131m \u0130\u015fi\u201d ad\u0131 alt\u0131nda yapt\u0131\u011f\u0131\u00a0 sondaj ihalesini, merkezi\u00a0Ankara\u2019da bulunan Envy Enerji ve \u00c7evre Yat\u0131r\u0131mlar\u0131 A\u015e, 7 milyon 500 bin liraya \u00fcstlendi.<\/p>\n<p>13 Aral\u0131k\u2019ta s\u00f6zle\u015fme imzalayan \u015firket, sondaj \u00e7al\u0131\u015fmalar\u0131n\u0131 12 Mart 2017\u2019ye kadar tamamlayacak. Envy Enerji firmas\u0131n\u0131n, \u201cA\u201d grubu hisselerinin tamam\u0131n\u0131 ge\u00e7ti\u011fimiz haziran ay\u0131nda, Frans\u0131z firma Assystem SA sat\u0131n alm\u0131\u015ft\u0131. \u201cB\u201d grubu hisselerinin \u00e7o\u011funlu\u011fu ise Osman\u00a0Sel\u00e7uk\u00a0Yah\u015fi\u2019ye ait.\u00a0Kadir Topba\u015f\u2019\u0131n 2019 y\u0131l\u0131nda sona erecek \u00fc\u00e7\u00fcnc\u00fc d\u00f6nemi bitene kadar hayata ge\u00e7irmeyi planlad\u0131\u011f\u0131, denizin 20 metre alt\u0131ndan ge\u00e7ecek iki katl\u0131 yaya t\u00fcnelinin \u00fcst kat\u0131ndan yayalar ve bisikletliler ge\u00e7ecek.<\/p>\n<\/div>\n<\/div>\n<\/div>\n<\/div>\n<\/div>\n","protected":false},"excerpt":{"rendered":"<p>Yaya t\u00fcnelinin alt kat\u0131ndan ise lastik tekerlekli, elektrikli ara\u00e7lar yolcu ta\u015f\u0131yacak \u0130stanbul&#8217;un iki yakas\u0131n\u0131 alt\u0131nc\u0131 kez birbirine denizin alt\u0131ndan ba\u011flayacak, \u00dcsk\u00fcdar-Kabata\u015f aras\u0131nda iki kilometre uzunlu\u011fundaki yayalar\u0131n ve bisikletlilerin ge\u00e7ece\u011fi &#8220;\u0130stanbul Bo\u011fazi\u00e7i Bulvar\u0131&#8221; i\u00e7in sondaj \u00e7al\u0131\u015fmalar\u0131 ba\u015flad\u0131. Proje, \u0130stanbul B\u00fcy\u00fck\u015fehir Belediye Ba\u015fkan\u0131 (\u0130BB)\u00a0Kadir Topba\u015f\u2019\u0131n, ustal\u0131k d\u00f6nemi vaatlerinden biriydi. \u0130BB \u015firketlerinden B\u0130MTA\u015e, &#8220;Taahh\u00fct Alt\u0131nda Bulunan Kabata\u015f-\u00dcsk\u00fcdar\u00a0Aras\u0131 Bo\u011faz [&hellip;]<\/p>\n","protected":false},"author":1,"featured_media":9566,"comment_status":"open","ping_status":"open","sticky":false,"template":"","format":"standard","meta":{"ngg_post_thumbnail":0},"categories":[97,5388],"tags":[199,5907,11280,73,198,5908,11247,851],"_links":{"self":[{"href":"https:\/\/emlaktuel.com\/index.php?rest_route=\/wp\/v2\/posts\/9565"}],"collection":[{"href":"https:\/\/emlaktuel.com\/index.php?rest_route=\/wp\/v2\/posts"}],"about":[{"href":"https:\/\/emlaktuel.com\/index.php?rest_route=\/wp\/v2\/types\/post"}],"author":[{"embeddable":true,"href":"https:\/\/emlaktuel.com\/index.php?rest_route=\/wp\/v2\/users\/1"}],"replies":[{"embeddable":true,"href":"https:\/\/emlaktuel.com\/index.php?rest_route=%2Fwp%2Fv2%2Fcomments&post=9565"}],"version-history":[{"count":2,"href":"https:\/\/emlaktuel.com\/index.php?rest_route=\/wp\/v2\/posts\/9565\/revisions"}],"predecessor-version":[{"id":9607,"href":"https:\/\/emlaktuel.com\/index.php?rest_route=\/wp\/v2\/posts\/9565\/revisions\/9607"}],"wp:featuredmedia":[{"embeddable":true,"href":"https:\/\/emlaktuel.com\/index.php?rest_route=\/wp\/v2\/media\/9566"}],"wp:attachment":[{"href":"https:\/\/emlaktuel.com\/index.php?rest_route=%2Fwp%2Fv2%2Fmedia&parent=9565"}],"wp:term":[{"taxonomy":"category","embeddable":true,"href":"https:\/\/emlaktuel.com\/index.php?rest_route=%2Fwp%2Fv2%2Fcategories&post=9565"},{"taxonomy":"post_tag","embeddable":true,"href":"https:\/\/emlaktuel.com\/index.php?rest_route=%2Fwp%2Fv2%2Ftags&post=9565"}],"curies":[{"name":"wp","href":"https:\/\/api.w.org\/{rel}","templated":true}]}}