{"id":9541,"date":"2016-12-28T00:27:07","date_gmt":"2016-12-27T21:27:07","guid":{"rendered":"http:\/\/emlaktuel.com\/?p=9541"},"modified":"2018-07-05T15:36:58","modified_gmt":"2018-07-05T12:36:58","slug":"mercedes-benz-a-sedan-cikariyor","status":"publish","type":"post","link":"https:\/\/emlaktuel.com\/?p=9541","title":{"rendered":"Mercedes-Benz A Sedan \u00e7\u0131kar\u0131yor"},"content":{"rendered":"<h2><\/h2>\n<div class=\"content\">\n<div class=\"ekstra\">\n<div class=\"info\"><\/div>\n<div class=\"temizle\"><img loading=\"lazy\" class=\"alignnone  wp-image-9542\" src=\"http:\/\/emlaktuel.com\/wp-content\/uploads\/2016\/12\/20161227085904_mercedes_benz_a_class_sedan_render_theophilus_chin_02-0916-1000x500-300x150.jpg\" alt=\"mercedes a\" width=\"498\" height=\"249\" \/><\/div>\n<\/div>\n<div class=\"img\"><\/div>\n<p><strong>Mercedes-Benz<\/strong>, giri\u015f seviyesinde kompakt sedan \u00e7\u0131karmaya haz\u0131rlan\u0131yor. Bu yeni giri\u015f modelinin Audi A3 Sedan ve sadece \u00c7in&#8217;e \u00f6zel olarak \u00fcretilen BMW 1 Serisi Sedan&#8217;a rakip olaca\u011f\u0131 iddia ediliyor.\u00a0<strong>Yeni jenerasyon A-S\u0131n\u0131f\u0131<\/strong>\u00a0ile g\u00fcncellenmi\u015f MFA platformunda \u00fcretilecek olan model, yelpazede CLA&#8217;n\u0131n \u00fczerine yerle\u015fecek; yani ara\u00e7 &#8220;d\u00f6rt kap\u0131l\u0131 coupe&#8221;den daha pahal\u0131 ve b\u00fcy\u00fck olacak ancak C-S\u0131n\u0131f\u0131&#8217;n\u0131 da baltalamayacak. Buna kar\u015f\u0131n i\u00e7 mekan ve bagaj hacmi konusunda arac\u0131n C-S\u0131n\u0131f\u0131&#8217;na olduk\u00e7a yak\u0131n olaca\u011f\u0131na inan\u0131l\u0131yor.<\/p>\n<p>Giri\u015f modellerinde g\u00fcn\u00fcm\u00fczdeki\u00a0A-S\u0131n\u0131f\u0131 modellerinde oldu\u011fu gibi, Renault-Nissan Ortakl\u0131\u011f\u0131&#8217;ndan al\u0131nan 1.5 litrelik dizel ve 1.6 litrelik benzinli motorlar kullan\u0131lacak; elbette g\u00fcncellenmi\u015f bir \u015fekilde. Motor se\u00e7ene\u011fine g\u00f6re ilk &#8220;ger\u00e7ek&#8221; A-S\u0131n\u0131f\u0131 Sedan modelinde 6 ileri manuel \u015fanz\u0131man ile 9 ileri 9GTRONIC\u00a0\u00e7ift kavramal\u0131 \u015fanz\u0131man sunulacak.<\/p>\n<p>Hepsi turbo beslemeli olan \u00fc\u00e7 ve d\u00f6rt silindire sahip benzinli ve dizel motorlar\u0131n sunulaca\u011f\u0131 yelpazenin en tepesine 2.0 litrelik g\u00fc\u00e7 \u00fcnitesinden 400hp\u00a0\u00fcretebilen A45\u00a0versiyonu yerle\u015fecek. Tutumlu bir plug-in hibrit versiyonun olaca\u011f\u0131 da konu\u015fuluyor. Ayr\u0131ca ileri a\u015famda modelin s\u0131f\u0131r emisyonlu bir versiyonu da piyasaya s\u00fcr\u00fclebilir.<\/p>\n<p><span style=\"color: #262626;\">A Sedan&#8217;\u0131n hatchback karde\u015finin ard\u0131ndan, yani 2018&#8217;in sonlar\u0131nda tan\u0131t\u0131lmas\u0131 bekleniyor.<\/span><\/p>\n<\/div>\n","protected":false},"excerpt":{"rendered":"<p>Mercedes-Benz, giri\u015f seviyesinde kompakt sedan \u00e7\u0131karmaya haz\u0131rlan\u0131yor. Bu yeni giri\u015f modelinin Audi A3 Sedan ve sadece \u00c7in&#8217;e \u00f6zel olarak \u00fcretilen BMW 1 Serisi Sedan&#8217;a rakip olaca\u011f\u0131 iddia ediliyor.\u00a0Yeni jenerasyon A-S\u0131n\u0131f\u0131\u00a0ile g\u00fcncellenmi\u015f MFA platformunda \u00fcretilecek olan model, yelpazede CLA&#8217;n\u0131n \u00fczerine yerle\u015fecek; yani ara\u00e7 &#8220;d\u00f6rt kap\u0131l\u0131 coupe&#8221;den daha pahal\u0131 ve b\u00fcy\u00fck olacak ancak C-S\u0131n\u0131f\u0131&#8217;n\u0131 da baltalamayacak. Buna [&hellip;]<\/p>\n","protected":false},"author":1,"featured_media":9542,"comment_status":"open","ping_status":"open","sticky":false,"template":"","format":"standard","meta":{"ngg_post_thumbnail":0},"categories":[5215],"tags":[5811,5902,5903,11314,7530,5901],"_links":{"self":[{"href":"https:\/\/emlaktuel.com\/index.php?rest_route=\/wp\/v2\/posts\/9541"}],"collection":[{"href":"https:\/\/emlaktuel.com\/index.php?rest_route=\/wp\/v2\/posts"}],"about":[{"href":"https:\/\/emlaktuel.com\/index.php?rest_route=\/wp\/v2\/types\/post"}],"author":[{"embeddable":true,"href":"https:\/\/emlaktuel.com\/index.php?rest_route=\/wp\/v2\/users\/1"}],"replies":[{"embeddable":true,"href":"https:\/\/emlaktuel.com\/index.php?rest_route=%2Fwp%2Fv2%2Fcomments&post=9541"}],"version-history":[{"count":1,"href":"https:\/\/emlaktuel.com\/index.php?rest_route=\/wp\/v2\/posts\/9541\/revisions"}],"predecessor-version":[{"id":9543,"href":"https:\/\/emlaktuel.com\/index.php?rest_route=\/wp\/v2\/posts\/9541\/revisions\/9543"}],"wp:featuredmedia":[{"embeddable":true,"href":"https:\/\/emlaktuel.com\/index.php?rest_route=\/wp\/v2\/media\/9542"}],"wp:attachment":[{"href":"https:\/\/emlaktuel.com\/index.php?rest_route=%2Fwp%2Fv2%2Fmedia&parent=9541"}],"wp:term":[{"taxonomy":"category","embeddable":true,"href":"https:\/\/emlaktuel.com\/index.php?rest_route=%2Fwp%2Fv2%2Fcategories&post=9541"},{"taxonomy":"post_tag","embeddable":true,"href":"https:\/\/emlaktuel.com\/index.php?rest_route=%2Fwp%2Fv2%2Ftags&post=9541"}],"curies":[{"name":"wp","href":"https:\/\/api.w.org\/{rel}","templated":true}]}}