{"id":9522,"date":"2016-12-27T15:44:44","date_gmt":"2016-12-27T12:44:44","guid":{"rendered":"http:\/\/emlaktuel.com\/?p=9522"},"modified":"2018-07-05T15:36:45","modified_gmt":"2018-07-05T12:36:45","slug":"hamza-hamzaoglu-istifa-etti-ama","status":"publish","type":"post","link":"https:\/\/emlaktuel.com\/?p=9522","title":{"rendered":"Hamza Hamzao\u011flu \u0130stifa etti ama&#8230;"},"content":{"rendered":"<p>Bursaspor&#8217;dan Hamza Hamzao\u011flu a\u00e7\u0131klamas\u0131: &#8220;\u0130stifa etti ama&#8230;&#8221;<\/p>\n<div class=\"newsInfo\"><\/div>\n<div class=\"txt\">\n<div class=\"txtIn\">\n<article id=\"contextual\" class=\"selectionShareable\">Bursaspor y\u00f6netimi, Teknik Direkt\u00f6r Hamza Hamzao\u011flu&#8217;nun ye\u015fil-beyazl\u0131 y\u00f6netime s\u00f6zl\u00fc olarak sundu\u011fu istifa karar\u0131n\u0131 kabul etmediklerini ve sezon sonuna kadar birlikte \u00e7al\u0131\u015facaklar\u0131n\u0131 a\u00e7\u0131klad\u0131.Spor Toto S\u00fcper Lig&#8217;in 16. haftas\u0131nda d\u00fcn deplasmanda al\u0131nan Gen\u00e7lerbirli\u011fi ma\u011flubiyetiyle ele\u015ftiri oklar\u0131n\u0131 \u00fczerine alan Teknik Direkt\u00f6r Hamza Hamzao\u011flu, taraftarlar taraf\u0131ndan istifaya davet edilmi\u015fti. Ma\u00e7\u0131n ard\u0131ndan d\u00fczenlenen bas\u0131n toplant\u0131s\u0131nda konu\u015fan Hamzao\u011flu, &#8220;Ben karar\u0131m\u0131 verdim ancak yar\u0131n y\u00f6netim kurulu ile oturup konu\u015faca\u011f\u0131z&#8221; diyerek istifa sinyali vermi\u015fti.<\/p>\n<p>Bug\u00fcn ye\u015fil-beyazl\u0131 y\u00f6netim Ali Ay ba\u015fkanl\u0131\u011f\u0131nda deneyimli teknik adam ile \u00d6zl\u00fcce Tesisleri&#8217;nde toplant\u0131 ger\u00e7ekle\u015ftirdi. Toplant\u0131n\u0131n ard\u0131ndan kul\u00fcb\u00fcn resmi internet sitesinden yap\u0131lan a\u00e7\u0131klamada \u015fu ifadelere yer verildi:<\/p>\n<p>&#8220;Bursasporluyum&#8221; diyen herkesin ortak noktas\u0131 Bursaspor sevgisi olsa da, g\u00f6revlerimiz bize, sadece duygular\u0131m\u0131zla hareket etmeme sorumlulu\u011funu da vermektedir. Dolay\u0131s\u0131yla bazen ba\u015far\u0131s\u0131z sonu\u00e7lar, bazen bu sonu\u00e7lar\u0131 ortaya \u00e7\u0131karan ko\u015fullar, kimi zaman da \u00f6nyarg\u0131lar\u0131m\u0131z, duygular\u0131m\u0131z\u0131 \u00f6n plana \u00e7\u0131karabilir ve anl\u0131k reaksiyonlar\u0131m\u0131z, camiam\u0131z\u0131n en hakiki ve ortak paydas\u0131ndan bizleri uzakla\u015ft\u0131rabilir. Bu durumda y\u00f6neten olarak bizim g\u00f6revimiz, akl\u0131 selim i\u00e7inde hareket etmektir. Buradan hareketle, kamuoyumuzla payla\u015fmak istedi\u011fimiz hususlar \u015funlard\u0131r; Y\u00f6netim olarak bizler, camia ad\u0131na kul\u00fcb\u00fcm\u00fcz\u00fc y\u00f6netmemize kar\u015f\u0131n, ba\u015fta hoca ve oyuncu se\u00e7imi olmak \u00fczere hemen her konuda, baz\u0131 kesimlerin kul\u00fcb\u00fc y\u00f6netme hevesinde olmalar\u0131 kar\u015f\u0131s\u0131nda, kimseye bu f\u0131rsat\u0131 tan\u0131mayaca\u011f\u0131m\u0131z\u0131n bilinmesini istiyoruz.&#8221;<\/p>\n<p><strong>&#8220;HAMZAO\u011eLU \u0130ST\u0130FASINI S\u00d6ZL\u00dc OLARAK VERM\u0130\u015e OLMASINA KAR\u015eIN&#8221;<\/strong><\/p>\n<p>Bizler kul\u00fcb\u00fcm\u00fcz\u00fc mali a\u00e7\u0131dan d\u00fczl\u00fc\u011fe \u00e7\u0131karmak ve kendi ayaklar\u0131 \u00fczerinde duran bir yap\u0131ya kavu\u015fturmak i\u00e7in m\u00fccadele ederken, sportif a\u00e7\u0131dan da ba\u015far\u0131s\u0131z say\u0131lmayaca\u011f\u0131m\u0131z ger\u00e7e\u011finden hareketle, y\u00f6n\u00fcm\u00fcz\u00fc istikrara d\u00f6nm\u00fc\u015f bir anlay\u0131\u015fa sahip oldu\u011fumuz i\u00e7in, Teknik Direkt\u00f6r\u00fcm\u00fcz Hamza Hamzao\u011flu istifas\u0131n\u0131 s\u00f6zl\u00fc olarak vermi\u015f olmas\u0131na kar\u015f\u0131n kabul etmiyor ve sezon sonunu kendisiyle birlikte getirmek hususunda son derece kararl\u0131 oldu\u011fumuzu camiam\u0131zla payla\u015f\u0131yoruz.&#8221;<\/p>\n<p><strong>&#8220;\u00c7ATLAK SESLER\u0130 SUSTURMALARI BURSASPORLULUK SORUMLULU\u011eUNUN GERE\u011e\u0130D\u0130R&#8221;<\/strong><\/p>\n<p>Ba\u015fak\u015fehir ma\u00e7\u0131nda ba\u015flayan ve son olarak Gen\u00e7lerbirli\u011fi kar\u015f\u0131la\u015fmas\u0131nda tekrar ortaya \u00e7\u0131kan tepkilere kar\u015f\u0131l\u0131k, 3 milyonluk \u015fehrimizin b\u00fcy\u00fck bir b\u00f6l\u00fcm\u00fc taraf\u0131ndan istikrara d\u00f6n\u00fck taleplerin giderek artmas\u0131, bu konudaki kararl\u0131l\u0131\u011f\u0131m\u0131za g\u00fc\u00e7 katmaktad\u0131r. Armaya olan sevgi ve sayg\u0131, bu armay\u0131 g\u00f6\u011fs\u00fcnde ve g\u00f6nl\u00fcnde ta\u015f\u0131yan herkese asgari sayg\u0131y\u0131 gerektirmektedir. Bursaspor camias\u0131, kul\u00fcb\u00fcn\u00fc saha i\u00e7inde ve d\u0131\u015f\u0131nda temsil eden hi\u00e7bir ki\u015fi ve unsura hakareti kabul edemez ve etmemelidir. Bursaspor&#8217;un gelece\u011fi ve itibar\u0131 d\u0131\u015f\u0131nda hi\u00e7 bir hesab\u0131 olmayan b\u00fcy\u00fck Bursaspor taraftar\u0131n\u0131n, ba\u015fka hesaplar pe\u015finde olanlara hak ettikleri cevab\u0131 vermeleri ve \u00e7atlak sesleri susturmalar\u0131 Bursasporluluk sorumlulu\u011funun gere\u011fidir. Kurtulu\u015f m\u00fccadelemizde bizi i\u00e7imizden vurmaya \u00e7al\u0131\u015fanlarla, kul\u00fcb\u00fcn de\u011fil, kendi h\u0131rs, ego ve menfaatlerinin pe\u015finden ko\u015fanlarla m\u00fccadelemizi kararl\u0131l\u0131kla s\u00fcrd\u00fcrece\u011fimizin bilinmesini istiyoruz.&#8221;<\/p>\n<\/article>\n<\/div>\n<\/div>\n","protected":false},"excerpt":{"rendered":"<p>Bursaspor&#8217;dan Hamza Hamzao\u011flu a\u00e7\u0131klamas\u0131: &#8220;\u0130stifa etti ama&#8230;&#8221; Bursaspor y\u00f6netimi, Teknik Direkt\u00f6r Hamza Hamzao\u011flu&#8217;nun ye\u015fil-beyazl\u0131 y\u00f6netime s\u00f6zl\u00fc olarak sundu\u011fu istifa karar\u0131n\u0131 kabul etmediklerini ve sezon sonuna kadar birlikte \u00e7al\u0131\u015facaklar\u0131n\u0131 a\u00e7\u0131klad\u0131.Spor Toto S\u00fcper Lig&#8217;in 16. haftas\u0131nda d\u00fcn deplasmanda al\u0131nan Gen\u00e7lerbirli\u011fi ma\u011flubiyetiyle ele\u015ftiri oklar\u0131n\u0131 \u00fczerine alan Teknik Direkt\u00f6r Hamza Hamzao\u011flu, taraftarlar taraf\u0131ndan istifaya davet edilmi\u015fti. Ma\u00e7\u0131n ard\u0131ndan d\u00fczenlenen [&hellip;]<\/p>\n","protected":false},"author":1,"featured_media":9523,"comment_status":"open","ping_status":"open","sticky":false,"template":"","format":"standard","meta":{"ngg_post_thumbnail":0},"categories":[5214],"tags":[11421,671,5889,5887,5890,5888,11224,11474,11255],"_links":{"self":[{"href":"https:\/\/emlaktuel.com\/index.php?rest_route=\/wp\/v2\/posts\/9522"}],"collection":[{"href":"https:\/\/emlaktuel.com\/index.php?rest_route=\/wp\/v2\/posts"}],"about":[{"href":"https:\/\/emlaktuel.com\/index.php?rest_route=\/wp\/v2\/types\/post"}],"author":[{"embeddable":true,"href":"https:\/\/emlaktuel.com\/index.php?rest_route=\/wp\/v2\/users\/1"}],"replies":[{"embeddable":true,"href":"https:\/\/emlaktuel.com\/index.php?rest_route=%2Fwp%2Fv2%2Fcomments&post=9522"}],"version-history":[{"count":2,"href":"https:\/\/emlaktuel.com\/index.php?rest_route=\/wp\/v2\/posts\/9522\/revisions"}],"predecessor-version":[{"id":9525,"href":"https:\/\/emlaktuel.com\/index.php?rest_route=\/wp\/v2\/posts\/9522\/revisions\/9525"}],"wp:featuredmedia":[{"embeddable":true,"href":"https:\/\/emlaktuel.com\/index.php?rest_route=\/wp\/v2\/media\/9523"}],"wp:attachment":[{"href":"https:\/\/emlaktuel.com\/index.php?rest_route=%2Fwp%2Fv2%2Fmedia&parent=9522"}],"wp:term":[{"taxonomy":"category","embeddable":true,"href":"https:\/\/emlaktuel.com\/index.php?rest_route=%2Fwp%2Fv2%2Fcategories&post=9522"},{"taxonomy":"post_tag","embeddable":true,"href":"https:\/\/emlaktuel.com\/index.php?rest_route=%2Fwp%2Fv2%2Ftags&post=9522"}],"curies":[{"name":"wp","href":"https:\/\/api.w.org\/{rel}","templated":true}]}}