{"id":9460,"date":"2016-12-26T13:09:03","date_gmt":"2016-12-26T10:09:03","guid":{"rendered":"http:\/\/emlaktuel.com\/?p=9460"},"modified":"2018-07-05T15:36:05","modified_gmt":"2018-07-05T12:36:05","slug":"3-istanbula-taksim-meydanindan-iki-kat-buyuk-meydan","status":"publish","type":"post","link":"https:\/\/emlaktuel.com\/?p=9460","title":{"rendered":"3.\u0130stanbul&#8217;a Taksim Meydan\u0131&#8217;ndan iki kat b\u00fcy\u00fck meydan"},"content":{"rendered":"<div>\n<div id=\"haberdetaybaslik\">\n<h1>Fuzul Yap\u0131-Alzamil Gayrimenkul-Seha Yap\u0131-Adese&#8217;nin birli\u011finden kurulan ASAF \u0130\u015f Ortakl\u0131\u011f\u0131&#8217;nca in\u015fa edilen 3. \u0130stanbul sosyal alanlar\u0131yla dikkatleri \u00fczerine \u00e7ekiyor<\/h1>\n<p><img loading=\"lazy\" class=\"alignnone size-medium wp-image-9461\" src=\"http:\/\/emlaktuel.com\/wp-content\/uploads\/2016\/12\/3istanbul-projesi-300x173.jpg\" alt=\"3istanbul-projesi\" width=\"300\" height=\"173\" \/><\/p>\n<div><strong>3.\u0130stanbul tan\u0131t\u0131m: https:\/\/www.youtube.com\/watch?v=K0WyqnN1wGY<\/strong><\/div>\n<\/div>\n<\/div>\n<div>\n<div>\n<p><span style=\"color: #2e2e2e;\"><strong>Asaf \u0130\u015f Ortakl\u0131\u011f\u0131 taraf\u0131ndan Ba\u015fak\u015fehir&#8217;de hayata ge\u00e7irilecek olan 3. \u0130stanbul<\/strong> sosyal alanlar\u0131yla yurtta\u015flar\u0131n yo\u011fun ilgisini \u00fcst\u00fcne \u00e7ekiyor.<br \/>\n3.\u0130stanbul projesi kapsam\u0131nda yer alacak <strong>Taksim Meydan\u0131\u2019n\u0131n yakla\u015f\u0131k iki kat\u0131 b\u00fcy\u00fckl\u00fc\u011f\u00fcndeki Kent Meydan\u0131 <\/strong>b\u00f6lgenin sosyal bulu\u015fma merkezini olu\u015fturmaya g\u00fc\u00e7l\u00fc aday g\u00f6z\u00fck\u00fcyor.<\/p>\n<p><strong>Projenin \u00f6zellikleri<\/strong><br \/>\n<strong>Fuzul Yap\u0131-Alzamil Gayrimenkul-Seha Yap\u0131-Adese&#8217;nin olu\u015fturdu\u011fu ASAF \u0130\u015f Ortakl\u0131\u011f\u0131&#8217;\u0131n<\/strong> 3. \u0130stanbul projesi \u00fc\u00e7 konut etab\u0131, rezidans\u0131, home office bloklar\u0131, cadde ma\u011fazalar\u0131 ve \u00e7ar\u015f\u0131s\u0131 ile b\u00f6lgesine de hizmet sunacak karma bir yap\u0131ya sahip proje olarak dikkat \u00e7ekiyor. Konut etaplar\u0131m\u0131zda, 2+1\u2019den 5+1\u2019e kadar uzanan farkl\u0131 tip ve b\u00fcy\u00fckl\u00fcklerde toplam<strong> 1.252 daire<\/strong> bulunuyor. Rezidans ve home office bloklar\u0131nda bulunan konutlarla birlikte bu say\u0131 toplamda 1.500\u2019e \u00e7\u0131k\u0131yor.<strong> 3. \u0130stanbul\u2019da 107 adet cadde ma\u011fazas\u0131 ve 102 adet d\u00fckka<\/strong>n bulunuyor.<\/p>\n<p><strong>Sosyal donat\u0131lar<\/strong><br \/>\n3.\u0130stanbul sosyal donat\u0131lar\u0131yla da g\u00f6z dolduruyor. \u00a0Toplamda\u00a0<strong>116.000 metrekareye yakla\u015fan 3.\u0130stanbul\u00a0 projesi arazisinin 85.000 metrekaresinde<\/strong>, ye\u015fil alanlar, y\u00fcr\u00fcme yollar\u0131, spor alanlar\u0131 gibi sosyal donat\u0131lar bulunuyor.\u00a03.\u0130stanbul\u00a0bu alanda da Ba\u015fak\u015fehir\u2019in en b\u00fcy\u00fc\u011f\u00fc olarak dikkat \u00e7ekiyor.\u00a03.\u0130stanbul\u00a0\u2019un \u00fc\u00e7 konut etab\u0131nda 1.500\u2019er metrekare ve rezidans parselinde ise 750 metrekare olmak \u00fczere, toplamda 3.750 metrekareye ula\u015fan 3 ayr\u0131 sosyal tesisi bulunuyor. Bu alanlarda; kapal\u0131 y\u00fczme havuzlar\u0131ndan, SPA alanlar\u0131na, PlayStation odas\u0131ndan hobi at\u00f6lyelerine kadar farkl\u0131 ve zengin olanaklar sunuluyor.<br \/>\n<strong>3.\u0130stanbul\u2019un<\/strong>\u00a0adeta t\u00fcm peyzaj alanlar\u0131na yay\u0131lm\u0131\u015f geni\u015f \u00f6l\u00e7ekte a\u00e7\u0131k sosyal donat\u0131lar\u0131 ile; spor sahalar\u0131ndan kaykay pistine, \u00e7ocuk oyun parklar\u0131ndan yeti\u015fkinler i\u00e7in rekreasyon alanlar\u0131na kadar hayat\u0131 keyifli hale getirecek detaylar bulunuyor.<br \/>\n?<br \/>\n<strong>Daire fiyatlar\u0131<\/strong><br \/>\nYurtta\u015flar\u0131n 3. \u0130stanbul&#8217;a yo\u011fun ilgisinin has\u0131lat payla\u015f\u0131m\u0131 yoluyla projeye ortak olan Ba\u015fak\u015fehir Belediyesi&#8217;nin fiyatlar\u0131 makul seviyelerde tutmas\u0131, avantajl\u0131 lokasyon ve 7 farkl\u0131 \u00f6deme imkan\u0131 sunulmas\u0131ndan da kaynakland\u0131\u011f\u0131 belirtiliyor.<strong>\u00a03.\u0130stanbul&#8217;da daire fiyatlar\u0131n\u0131n 473.000TL &#8211; 1.061.000TL \u00a0aras\u0131nda de\u011fi\u015fti\u011fi metre kare fiyatlar\u0131n\u0131n 3 bin 800 TL civar\u0131nda<\/strong> oldu\u011fu ifade ediliyor. Fiyatlar\u0131n yan\u0131 s\u0131ra projede uygun \u00f6deme se\u00e7enekleri sunuluyor.<\/p>\n<p><strong>\u00d6deme se\u00e7enekleri \u015f\u00f6yle:<br \/>\n1- Pe\u015finats\u0131z. Haziran 2017, Aral\u0131k 2017, Haziran 2018, Aral\u0131k 2018&#8217;de y\u00fczde 7,5&#8217;l\u00fck 4 ara \u00f6deme yap\u0131l\u0131yor. Kalan y\u00fczde 70&#8217;lik konut bedeli y\u00fczde 0,89 faiz oran\u0131yla kredilendiriliyor. Bu \u00f6deme ko\u015fuluna g\u00f6re; y\u00fczde 5 oran\u0131nda indirim uygulan\u0131yor.<br \/>\n2- Pe\u015finats\u0131z. Haziran 2017&#8217;de y\u00fczde 50 oran\u0131nda ara \u00f6deme yap\u0131l\u0131yor. Kalan y\u00fczde 50&#8217;lik k\u0131s\u0131m i\u00e7in y\u00fczde 0,70 oran\u0131nda faizle kredi kullan\u0131labiliyor.<br \/>\n3- Y\u00fczde 20 pe\u015finat, Haziran 2017, Aral\u0131k 2017 ve Haziran 2018&#8217;de y\u00fczde 5&#8217;lik 3 ara \u00f6deme yap\u0131l\u0131yor. Kalan konut bedeli 24 ay taksitlendiriliyor.<br \/>\n4- Y\u00fczde 30 pe\u015finat, Haziran 2017, Aral\u0131k 2017 ve Haziran 2018&#8217;de y\u00fczde 5&#8217;lik 3 ara \u00f6deme yap\u0131l\u0131yor. Kalan tutar 30 ay vadelendiriliyor.<br \/>\n5- Y\u00fczde 40 pe\u015finat, Haziran 2017, Aral\u0131k 2017 ve Haziran 2018&#8217;de y\u00fczde 5&#8217;lik 3 ara \u00f6deme yap\u0131l\u0131yor. Kalan tutar 36 ay taksitlendiriliyor.<br \/>\n6- Y\u00fczde 45 pe\u015finat, Haziran 2017, Aral\u0131k 2017 ve Haziran 2018&#8217;de y\u00fczde 5&#8217;lik 3 ara \u00f6deme yap\u0131l\u0131yor. Kalan konut bedeli 40 ay vadelendiriliyor.<br \/>\n7- Y\u00fczde 45 pe\u015finat, Haziran 2017, Aral\u0131k 2017 ve Haziran 2018&#8217;de y\u00fczde 8&#8217;lik 3 ara \u00f6deme yap\u0131l\u0131yor. Kalan tutar 48 ay vadelendiriliyor.\u00a0<\/strong><\/p>\n<p><strong>Lokasyon<\/strong><br \/>\n3. \u0130STANBUL, ula\u015f\u0131m projelerinin kesi\u015fme aks\u0131 Ba\u015fak\u015fehir&#8217;de \u00e7ok avantaj bir lokasyonda yer al\u0131yor. <strong>\u00a0Ba\u015fak\u015fehir \u015eehir Hastanesi de yine projenin \u00e7ok yak\u0131n\u0131nda bulunuyor. 3. Havaliman\u0131, 3. K\u00f6pr\u00fc, Atat\u00fcrk Havaliman\u0131, E-5 ve TEM gibi ula\u015f\u0131m artellerinin kesi\u015fim noktas\u0131nda<\/strong> yer alan 3. \u0130stanbul, tramvay, metro, otob\u00fcs ve hava ray gibi toplu ta\u015f\u0131ma ula\u015f\u0131m avantajlar\u0131yla da \u00e7ok \u00f6nemli bir ula\u015f\u0131m merkezi konumunda bulunuyor.<\/p>\n<p><strong>\u0130leti\u015fim<br \/>\nWeb :<\/strong> www.ucuncuistanbul.com<br \/>\n<strong>Telefon :<\/strong> 0212 487 77 45<br \/>\n<strong>E-mail :<\/strong> info@ucuncuistanbul.com\u00a0<\/span><\/p>\n<\/div>\n<\/div>\n","protected":false},"excerpt":{"rendered":"<p>Fuzul Yap\u0131-Alzamil Gayrimenkul-Seha Yap\u0131-Adese&#8217;nin birli\u011finden kurulan ASAF \u0130\u015f Ortakl\u0131\u011f\u0131&#8217;nca in\u015fa edilen 3. \u0130stanbul sosyal alanlar\u0131yla dikkatleri \u00fczerine \u00e7ekiyor 3.\u0130stanbul tan\u0131t\u0131m: https:\/\/www.youtube.com\/watch?v=K0WyqnN1wGY Asaf \u0130\u015f Ortakl\u0131\u011f\u0131 taraf\u0131ndan Ba\u015fak\u015fehir&#8217;de hayata ge\u00e7irilecek olan 3. \u0130stanbul sosyal alanlar\u0131yla yurtta\u015flar\u0131n yo\u011fun ilgisini \u00fcst\u00fcne \u00e7ekiyor. 3.\u0130stanbul projesi kapsam\u0131nda yer alacak Taksim Meydan\u0131\u2019n\u0131n yakla\u015f\u0131k iki kat\u0131 b\u00fcy\u00fckl\u00fc\u011f\u00fcndeki Kent Meydan\u0131 b\u00f6lgenin sosyal bulu\u015fma merkezini [&hellip;]<\/p>\n","protected":false},"author":1,"featured_media":9461,"comment_status":"open","ping_status":"open","sticky":false,"template":"","format":"standard","meta":{"ngg_post_thumbnail":0},"categories":[219,97,5388],"tags":[4648,4995,5248,11090,11222,73,80,11446,291,2248],"_links":{"self":[{"href":"https:\/\/emlaktuel.com\/index.php?rest_route=\/wp\/v2\/posts\/9460"}],"collection":[{"href":"https:\/\/emlaktuel.com\/index.php?rest_route=\/wp\/v2\/posts"}],"about":[{"href":"https:\/\/emlaktuel.com\/index.php?rest_route=\/wp\/v2\/types\/post"}],"author":[{"embeddable":true,"href":"https:\/\/emlaktuel.com\/index.php?rest_route=\/wp\/v2\/users\/1"}],"replies":[{"embeddable":true,"href":"https:\/\/emlaktuel.com\/index.php?rest_route=%2Fwp%2Fv2%2Fcomments&post=9460"}],"version-history":[{"count":1,"href":"https:\/\/emlaktuel.com\/index.php?rest_route=\/wp\/v2\/posts\/9460\/revisions"}],"predecessor-version":[{"id":9462,"href":"https:\/\/emlaktuel.com\/index.php?rest_route=\/wp\/v2\/posts\/9460\/revisions\/9462"}],"wp:featuredmedia":[{"embeddable":true,"href":"https:\/\/emlaktuel.com\/index.php?rest_route=\/wp\/v2\/media\/9461"}],"wp:attachment":[{"href":"https:\/\/emlaktuel.com\/index.php?rest_route=%2Fwp%2Fv2%2Fmedia&parent=9460"}],"wp:term":[{"taxonomy":"category","embeddable":true,"href":"https:\/\/emlaktuel.com\/index.php?rest_route=%2Fwp%2Fv2%2Fcategories&post=9460"},{"taxonomy":"post_tag","embeddable":true,"href":"https:\/\/emlaktuel.com\/index.php?rest_route=%2Fwp%2Fv2%2Ftags&post=9460"}],"curies":[{"name":"wp","href":"https:\/\/api.w.org\/{rel}","templated":true}]}}