{"id":9338,"date":"2016-12-24T17:03:09","date_gmt":"2016-12-24T14:03:09","guid":{"rendered":"http:\/\/emlaktuel.com\/?p=9338"},"modified":"2018-07-05T15:34:21","modified_gmt":"2018-07-05T12:34:21","slug":"avrasya-tunelinden-gecen-arac-sayisi-belli-oldu","status":"publish","type":"post","link":"https:\/\/emlaktuel.com\/?p=9338","title":{"rendered":"Avrasya t\u00fcneli&#8217;nden ge\u00e7en ara\u00e7 say\u0131s\u0131 belli oldu"},"content":{"rendered":"<div class=\"mb10\">\n<h1 class=\"news-title\">Avrasya T\u00fcneli a\u00e7\u0131l\u0131\u015f\u0131ndan bu yana beklentilerin \u00fczerine \u00e7\u0131kan ara\u00e7 ge\u00e7i\u015fleri ilk g\u00fcnlerde rekora ula\u015ft\u0131. Avrasya T\u00fcneli&#8217;nden ka\u00e7 ara\u00e7 ge\u00e7ti?<\/h1>\n<\/div>\n<div class=\"row\">\n<div class=\"col-lg-8 col-md-8 col-sm-12 col-xs-12\">\n<div class=\"mb10\">\n<div class=\"row\"><\/div>\n<div class=\"text_post_section product_page news_page\"><\/div>\n<\/div>\n<\/div>\n<\/div>\n<div class=\"page_theme\">\n<div class=\"f_right event_info paddingt\"><\/div>\n<\/div>\n<div class=\"paddingt\">\n<p><strong>T\u00fcrkiye&#8217;nin mega projesi Avrasya T\u00fcneli a\u00e7\u0131l\u0131\u015f\u0131ndan bu zamana kadar ilk g\u00fcnden rekor k\u0131rmaya ba\u015flad\u0131. Avrasya T\u00fcneli kullanmaya ba\u015flayan \u0130stanbullu vakit kaybetmeden t\u00fcneli kulland\u0131.<\/strong><\/p>\n<p>G\u00f6ztepe-Kazl\u0131\u00e7e\u015fme aras\u0131nda deniz taban\u0131n\u0131n alt\u0131nda in\u015fa edilen Avrasya T\u00fcneli a\u00e7\u0131l\u0131\u015f\u0131 ger\u00e7ekle\u015ftirilirken, ge\u00e7en saatlerde \u0130stanbullu s\u00fcr\u00fcc\u00fclerin ilk tercihi olarak ara\u00e7 ge\u00e7i\u015flerinde yo\u011funluk ya\u015fan\u0131rken, \u015fimdiye kadar ge\u00e7en ara\u00e7 say\u0131s\u0131n\u0131n ne kadar oldu\u011fu a\u00e7\u0131kland\u0131.<\/p>\n<p>Ara\u00e7 ge\u00e7i\u015flerine ili\u015fkin ilk veriler Ula\u015ft\u0131rma, Denizcilik ve Haberle\u015fme Bakan\u0131 Ahmet Arslan taraf\u0131ndan a\u00e7\u0131klan\u0131rken, Arslan &#8220;Avrasya T\u00fcneli\u2019nden 14 saatte 23 bin 938 ara\u00e7 ge\u00e7ti&#8221; dedi. \u015eimdiden beklentilerin zerine \u00e7\u0131kmaya ba\u015flayan Avrasya T\u00fcneli \u0130stanbul&#8217;da \u00f6zellikle her g\u00fcn bu hatt\u0131 kullanacaklar\u0131n tercihi olaca\u011f\u0131 ifade edildi.<\/p>\n<p><img loading=\"lazy\" class=\"alignnone size-medium wp-image-2115\" src=\"http:\/\/emlaktuel.com\/wp-content\/uploads\/2016\/06\/1464079997331-300x169.jpg\" alt=\"bakan ahmet aslan\" width=\"300\" height=\"169\" \/><\/p>\n<p><strong>Bakan Ahmet Arslan&#8217;dan selfie \u015fikayeti<\/strong><\/p>\n<p>Vatanda\u015f\u0131n selfie i\u00e7in kuyruk olu\u015fturmaya ba\u015flad\u0131\u011f\u0131n\u0131n alt\u0131n\u0131 \u00e7izen Bakan Arslan, &#8220;\u015eunu s\u00f6ylemekte fayda var. Tabi Avrasya T\u00fcneli insan\u0131m\u0131z\u0131n gurur projesi, insanlar\u0131m\u0131z t\u00fcnelden ge\u00e7erken duruyorlar, resim \u00e7ekiyorlar. Selife \u00e7ekiyorlar. Biz hasetten rica ediyoruz. Elbette gurur projelerini foto\u011fraflamak, selfie \u00e7ekmek g\u00fczeldir ancak trafi\u011fi \u00e7ok aksat\u0131yorlar. Ba\u015fka insanlar\u0131n hayat\u0131n\u0131 tehlikeye sokuyorlar. \u0130stirham\u0131m\u0131z o ki durup \u00f6zellikle foto\u011fraf \u00e7ekmesinler. Hem trafi\u011fi tehlikeye sokmas\u0131nlar. Kendi hayatlar\u0131n\u0131 da ba\u015fka insanlar\u0131nda hayatlar\u0131n\u0131 tehlikeye sokmas\u0131nlar.&#8221; ifadelerini kulland\u0131.\n<\/p><\/div>\n","protected":false},"excerpt":{"rendered":"<p>Avrasya T\u00fcneli a\u00e7\u0131l\u0131\u015f\u0131ndan bu yana beklentilerin \u00fczerine \u00e7\u0131kan ara\u00e7 ge\u00e7i\u015fleri ilk g\u00fcnlerde rekora ula\u015ft\u0131. Avrasya T\u00fcneli&#8217;nden ka\u00e7 ara\u00e7 ge\u00e7ti? T\u00fcrkiye&#8217;nin mega projesi Avrasya T\u00fcneli a\u00e7\u0131l\u0131\u015f\u0131ndan bu zamana kadar ilk g\u00fcnden rekor k\u0131rmaya ba\u015flad\u0131. Avrasya T\u00fcneli kullanmaya ba\u015flayan \u0130stanbullu vakit kaybetmeden t\u00fcneli kulland\u0131. G\u00f6ztepe-Kazl\u0131\u00e7e\u015fme aras\u0131nda deniz taban\u0131n\u0131n alt\u0131nda in\u015fa edilen Avrasya T\u00fcneli a\u00e7\u0131l\u0131\u015f\u0131 ger\u00e7ekle\u015ftirilirken, ge\u00e7en saatlerde [&hellip;]<\/p>\n","protected":false},"author":1,"featured_media":9339,"comment_status":"open","ping_status":"open","sticky":false,"template":"","format":"standard","meta":{"ngg_post_thumbnail":0},"categories":[26,97,5388],"tags":[4005,477,5550,5800,3717,5799,5798,487,11347,73,851],"_links":{"self":[{"href":"https:\/\/emlaktuel.com\/index.php?rest_route=\/wp\/v2\/posts\/9338"}],"collection":[{"href":"https:\/\/emlaktuel.com\/index.php?rest_route=\/wp\/v2\/posts"}],"about":[{"href":"https:\/\/emlaktuel.com\/index.php?rest_route=\/wp\/v2\/types\/post"}],"author":[{"embeddable":true,"href":"https:\/\/emlaktuel.com\/index.php?rest_route=\/wp\/v2\/users\/1"}],"replies":[{"embeddable":true,"href":"https:\/\/emlaktuel.com\/index.php?rest_route=%2Fwp%2Fv2%2Fcomments&post=9338"}],"version-history":[{"count":1,"href":"https:\/\/emlaktuel.com\/index.php?rest_route=\/wp\/v2\/posts\/9338\/revisions"}],"predecessor-version":[{"id":9340,"href":"https:\/\/emlaktuel.com\/index.php?rest_route=\/wp\/v2\/posts\/9338\/revisions\/9340"}],"wp:featuredmedia":[{"embeddable":true,"href":"https:\/\/emlaktuel.com\/index.php?rest_route=\/wp\/v2\/media\/9339"}],"wp:attachment":[{"href":"https:\/\/emlaktuel.com\/index.php?rest_route=%2Fwp%2Fv2%2Fmedia&parent=9338"}],"wp:term":[{"taxonomy":"category","embeddable":true,"href":"https:\/\/emlaktuel.com\/index.php?rest_route=%2Fwp%2Fv2%2Fcategories&post=9338"},{"taxonomy":"post_tag","embeddable":true,"href":"https:\/\/emlaktuel.com\/index.php?rest_route=%2Fwp%2Fv2%2Ftags&post=9338"}],"curies":[{"name":"wp","href":"https:\/\/api.w.org\/{rel}","templated":true}]}}