{"id":9239,"date":"2016-12-22T13:47:08","date_gmt":"2016-12-22T10:47:08","guid":{"rendered":"http:\/\/emlaktuel.com\/?p=9239"},"modified":"2018-07-05T15:32:50","modified_gmt":"2018-07-05T12:32:50","slug":"budodan-bazi-seferler-iptal-geldi","status":"publish","type":"post","link":"https:\/\/emlaktuel.com\/?p=9239","title":{"rendered":"BUDO&#8217;dan baz\u0131 seferler iptal geldi"},"content":{"rendered":"<p>&nbsp;<\/p>\n<div class=\"hz_title\">\n<div class=\"hz_top_post\"><\/div>\n<div class=\"hz_main_post_content\">\n<div class=\"big_post_content\">\n<h5>Bursa Deniz Otob\u00fcsleri (BUDO), olumsuz hava ko\u015fullar\u0131 nedeniyle baz\u0131 deniz otob\u00fcs\u00fc seferlerini iptal etti\u011fini duyurdu.<\/h5>\n<p>BUDO&#8217;nun resmi internet sitesinde yap\u0131lan a\u00e7\u0131klamaya g\u00f6re, 07.00 Bursa (Mudanya)-\u0130stanbul (Emin\u00f6n\u00fc\/Sirkeci), 08.00 \u0130stanbul (Emin\u00f6n\u00fc\/Sirkeci)-Bursa (Mudanya), 08.30 Bursa (Mudanya)-\u0130stanbul (B\u00fcy\u00fck\u00e7ekmece), 09.00 Bursa (Mudanya)-\u0130stanbul (Emin\u00f6n\u00fc\/Sirkeci) ve Bursa (Mudanya)-Armutlu (\u0130hlas), 09.30 Armutlu (\u0130hlas)-\u0130stanbul (Emin\u00f6n\u00fc\/Sirkeci) seferleri ger\u00e7ekle\u015ftirilemeyecek.Olumsuz hava ko\u015fullar\u0131 dolay\u0131s\u0131yla 10.30 \u0130stanbul (B\u00fcy\u00fck\u00e7ekmece)-Bursa (Mudanya), 10.45 \u0130stanbul (Emin\u00f6n\u00fc\/Sirkeci)-Bursa (Mudanya), 11.00 Bursa (Mudanya)-\u0130stanbul (Emin\u00f6n\u00fc\/Sirkeci), 12.30 \u0130stanbul (Emin\u00f6n\u00fc\/Sirkeci)-Bursa (Mudanya) seferleri de yap\u0131lamayacak.<\/p><\/div>\n<\/div>\n<h1><\/h1>\n<\/div>\n","protected":false},"excerpt":{"rendered":"<p>&nbsp; Bursa Deniz Otob\u00fcsleri (BUDO), olumsuz hava ko\u015fullar\u0131 nedeniyle baz\u0131 deniz otob\u00fcs\u00fc seferlerini iptal etti\u011fini duyurdu. BUDO&#8217;nun resmi internet sitesinde yap\u0131lan a\u00e7\u0131klamaya g\u00f6re, 07.00 Bursa (Mudanya)-\u0130stanbul (Emin\u00f6n\u00fc\/Sirkeci), 08.00 \u0130stanbul (Emin\u00f6n\u00fc\/Sirkeci)-Bursa (Mudanya), 08.30 Bursa (Mudanya)-\u0130stanbul (B\u00fcy\u00fck\u00e7ekmece), 09.00 Bursa (Mudanya)-\u0130stanbul (Emin\u00f6n\u00fc\/Sirkeci) ve Bursa (Mudanya)-Armutlu (\u0130hlas), 09.30 Armutlu (\u0130hlas)-\u0130stanbul (Emin\u00f6n\u00fc\/Sirkeci) seferleri ger\u00e7ekle\u015ftirilemeyecek.Olumsuz hava ko\u015fullar\u0131 dolay\u0131s\u0131yla 10.30 \u0130stanbul (B\u00fcy\u00fck\u00e7ekmece)-Bursa [&hellip;]<\/p>\n","protected":false},"author":1,"featured_media":9240,"comment_status":"open","ping_status":"open","sticky":false,"template":"","format":"standard","meta":{"ngg_post_thumbnail":0},"categories":[26],"tags":[5743,5744,671,191,11250,11157,73,11225],"_links":{"self":[{"href":"https:\/\/emlaktuel.com\/index.php?rest_route=\/wp\/v2\/posts\/9239"}],"collection":[{"href":"https:\/\/emlaktuel.com\/index.php?rest_route=\/wp\/v2\/posts"}],"about":[{"href":"https:\/\/emlaktuel.com\/index.php?rest_route=\/wp\/v2\/types\/post"}],"author":[{"embeddable":true,"href":"https:\/\/emlaktuel.com\/index.php?rest_route=\/wp\/v2\/users\/1"}],"replies":[{"embeddable":true,"href":"https:\/\/emlaktuel.com\/index.php?rest_route=%2Fwp%2Fv2%2Fcomments&post=9239"}],"version-history":[{"count":1,"href":"https:\/\/emlaktuel.com\/index.php?rest_route=\/wp\/v2\/posts\/9239\/revisions"}],"predecessor-version":[{"id":9241,"href":"https:\/\/emlaktuel.com\/index.php?rest_route=\/wp\/v2\/posts\/9239\/revisions\/9241"}],"wp:featuredmedia":[{"embeddable":true,"href":"https:\/\/emlaktuel.com\/index.php?rest_route=\/wp\/v2\/media\/9240"}],"wp:attachment":[{"href":"https:\/\/emlaktuel.com\/index.php?rest_route=%2Fwp%2Fv2%2Fmedia&parent=9239"}],"wp:term":[{"taxonomy":"category","embeddable":true,"href":"https:\/\/emlaktuel.com\/index.php?rest_route=%2Fwp%2Fv2%2Fcategories&post=9239"},{"taxonomy":"post_tag","embeddable":true,"href":"https:\/\/emlaktuel.com\/index.php?rest_route=%2Fwp%2Fv2%2Ftags&post=9239"}],"curies":[{"name":"wp","href":"https:\/\/api.w.org\/{rel}","templated":true}]}}