{"id":9181,"date":"2016-12-21T12:23:24","date_gmt":"2016-12-21T09:23:24","guid":{"rendered":"http:\/\/emlaktuel.com\/?p=9181"},"modified":"2018-07-05T15:32:03","modified_gmt":"2018-07-05T12:32:03","slug":"ilkay-ismerkezi-ve-konut-yapabilecek","status":"publish","type":"post","link":"https:\/\/emlaktuel.com\/?p=9181","title":{"rendered":"\u0130lkay, \u0130\u015fmerkezi ve konut yapabilecek"},"content":{"rendered":"<h1 class=\"news-detail-title selectionShareable\"><img loading=\"lazy\" class=\"alignnone size-medium wp-image-9182\" src=\"http:\/\/emlaktuel.com\/wp-content\/uploads\/2016\/12\/\u0131lkay-300x171.jpg\" alt=\"ilkay\" width=\"300\" height=\"171\" \/><\/h1>\n<h1 class=\"news-detail-title selectionShareable\">\u0130ngiltere\u2019nin Manchester City tak\u0131m\u0131nda oynayan Bal\u0131kesirli futbolcu \u0130lkay G\u00fcndo\u011fan, B\u00fcy\u00fck\u015fehir Belediyesi\u2019nin sat\u0131\u015fa \u00e7\u0131kard\u0131\u011f\u0131 SGK binas\u0131n\u0131 28 milyon TL\u2019ye sat\u0131n ald\u0131.<\/h1>\n<div class=\"soc2 nmobilw\"><\/div>\n<div>\n<p>\u0130ngiltere\u2019nin Manchester City tak\u0131m\u0131nda oynayan Bal\u0131kesirli futbolcu \u0130lkay G\u00fcndo\u011fan, B\u00fcy\u00fck\u015fehir Belediyesi\u2019nin sat\u0131\u015fa \u00e7\u0131kard\u0131\u011f\u0131 SGK binas\u0131n\u0131 28 milyon TL\u2019ye sat\u0131n ald\u0131.<\/p>\n<p>Bal\u0131kesir B\u00fcy\u00fck\u015fehir Belediyesi, \u00c7al\u0131\u015fma ve Sosyal G\u00fcvenlik Bakanl\u0131\u011f\u0131\u2019ndan ald\u0131\u011f\u0131 SGK il binas\u0131n\u0131 sat\u0131\u015fa \u00e7\u0131kard\u0131. Belediye Ba\u015fkan\u0131 Ahmet Edip U\u011fur, \u0130ngiltere\u2019nin Manchester City tak\u0131m\u0131nda oynayan Bal\u0131kesirli futbolcu \u0130lkay G\u00fcndo\u011fan\u2019\u0131n binay\u0131 28 milyon liraya sat\u0131n ald\u0131\u011f\u0131n\u0131 s\u00f6yledi.<\/p>\n<p>\u0130haleye ba\u015fka kat\u0131lan olmad\u0131\u011f\u0131n\u0131 belirten U\u011fur, \u201c6 ay \u00f6nce sat\u0131\u015fa \u00e7\u0131kar\u0131lan SGK binas\u0131n\u0131 8.5 milyona B\u00fcy\u00fck\u015fehir Belediyesi olarak ald\u0131k. Yeni SGK binas\u0131 bakanl\u0131k taraf\u0131ndan Bursa yolu \u00fczerinde tamamlanmak \u00fczere. Biz de ihaleye \u00e7\u0131karak bakanl\u0131ktan sat\u0131n ald\u0131\u011f\u0131m\u0131z halihaz\u0131rda SGK olarak hizmet veren binay\u0131 sat\u0131\u015fa \u00e7\u0131kard\u0131k. Kim ald\u0131? Bal\u0131kesirli hem\u015ferimiz olan \u0130lkay G\u00fcndo\u011fan. 28 milyonu bast\u0131. Kasam\u0131za girdi para. Hem de Londra\u2019da Manchester City\u2019den ald\u0131\u011f\u0131 transfer paras\u0131n\u0131 g\u00f6nderdi bize. Helal olsun \u00e7ocu\u011fa. B\u00f6yle de hem\u015ferilerimiz var\u201d diye konu\u015ftu.<\/p>\n<p>\u00dcnl\u00fc futbolcunun sat\u0131n ald\u0131\u011f\u0131 binan\u0131n, yeni SGK binas\u0131 biter bitmez 3-4 ay i\u00e7inde bo\u015falt\u0131laca\u011f\u0131n\u0131 belirten U\u011fur, \u201cSat\u0131\u015fa \u00e7\u0131kard\u0131\u011f\u0131m\u0131z bina planlarda konut ve ticaret alan\u0131. \u0130lkay G\u00fcndo\u011fan da buraya i\u015f merkezi ya da konut yapabilecek\u201d dedi.<\/p>\n<p>G\u00fcndo\u011fan\u2019\u0131n Bal\u0131kesir\u2019e her f\u0131rsatta destek oldu\u011funu da ifade eden U\u011fur, \u201cMahalle ligi d\u00fczenledik. Ge\u00e7en y\u0131l Dortmund\u2019ta oynarken, ilk \u00fc\u00e7e giren tak\u0131mlar\u0131 \u0130lkay G\u00fcndo\u011fan davet etti ve orada misafir etti. Bu sefer de \u0130lkay, Londra\u2019da oldu\u011fu i\u00e7in \u2018Manchester City ma\u00e7\u0131na sizi g\u00f6t\u00fcrece\u011fiz\u2019 dedik. \u0130lk 3\u2019e giren tak\u0131mlar\u0131 bu kez \u0130ngiltere\u2019de a\u011f\u0131rlayacak\u201d dedi.<\/p>\n<p>Habert\u00fcrk<\/p>\n<\/div>\n","protected":false},"excerpt":{"rendered":"<p>\u0130ngiltere\u2019nin Manchester City tak\u0131m\u0131nda oynayan Bal\u0131kesirli futbolcu \u0130lkay G\u00fcndo\u011fan, B\u00fcy\u00fck\u015fehir Belediyesi\u2019nin sat\u0131\u015fa \u00e7\u0131kard\u0131\u011f\u0131 SGK binas\u0131n\u0131 28 milyon TL\u2019ye sat\u0131n ald\u0131. \u0130ngiltere\u2019nin Manchester City tak\u0131m\u0131nda oynayan Bal\u0131kesirli futbolcu \u0130lkay G\u00fcndo\u011fan, B\u00fcy\u00fck\u015fehir Belediyesi\u2019nin sat\u0131\u015fa \u00e7\u0131kard\u0131\u011f\u0131 SGK binas\u0131n\u0131 28 milyon TL\u2019ye sat\u0131n ald\u0131. Bal\u0131kesir B\u00fcy\u00fck\u015fehir Belediyesi, \u00c7al\u0131\u015fma ve Sosyal G\u00fcvenlik Bakanl\u0131\u011f\u0131\u2019ndan ald\u0131\u011f\u0131 SGK il binas\u0131n\u0131 sat\u0131\u015fa \u00e7\u0131kard\u0131. Belediye [&hellip;]<\/p>\n","protected":false},"author":1,"featured_media":9185,"comment_status":"open","ping_status":"open","sticky":false,"template":"","format":"standard","meta":{"ngg_post_thumbnail":0},"categories":[97,5388,5214],"tags":[218,671,5704,5708,5705,5707,5706,80,683,11098,11454],"_links":{"self":[{"href":"https:\/\/emlaktuel.com\/index.php?rest_route=\/wp\/v2\/posts\/9181"}],"collection":[{"href":"https:\/\/emlaktuel.com\/index.php?rest_route=\/wp\/v2\/posts"}],"about":[{"href":"https:\/\/emlaktuel.com\/index.php?rest_route=\/wp\/v2\/types\/post"}],"author":[{"embeddable":true,"href":"https:\/\/emlaktuel.com\/index.php?rest_route=\/wp\/v2\/users\/1"}],"replies":[{"embeddable":true,"href":"https:\/\/emlaktuel.com\/index.php?rest_route=%2Fwp%2Fv2%2Fcomments&post=9181"}],"version-history":[{"count":1,"href":"https:\/\/emlaktuel.com\/index.php?rest_route=\/wp\/v2\/posts\/9181\/revisions"}],"predecessor-version":[{"id":9183,"href":"https:\/\/emlaktuel.com\/index.php?rest_route=\/wp\/v2\/posts\/9181\/revisions\/9183"}],"wp:featuredmedia":[{"embeddable":true,"href":"https:\/\/emlaktuel.com\/index.php?rest_route=\/wp\/v2\/media\/9185"}],"wp:attachment":[{"href":"https:\/\/emlaktuel.com\/index.php?rest_route=%2Fwp%2Fv2%2Fmedia&parent=9181"}],"wp:term":[{"taxonomy":"category","embeddable":true,"href":"https:\/\/emlaktuel.com\/index.php?rest_route=%2Fwp%2Fv2%2Fcategories&post=9181"},{"taxonomy":"post_tag","embeddable":true,"href":"https:\/\/emlaktuel.com\/index.php?rest_route=%2Fwp%2Fv2%2Ftags&post=9181"}],"curies":[{"name":"wp","href":"https:\/\/api.w.org\/{rel}","templated":true}]}}