{"id":9108,"date":"2016-12-20T14:28:51","date_gmt":"2016-12-20T11:28:51","guid":{"rendered":"http:\/\/emlaktuel.com\/?p=9108"},"modified":"2018-07-05T15:31:02","modified_gmt":"2018-07-05T12:31:02","slug":"yildizlar-karmasi-macinin-geliri-sehit-ailelerine-bagislanacak","status":"publish","type":"post","link":"https:\/\/emlaktuel.com\/?p=9108","title":{"rendered":"&#8216;Y\u0131ld\u0131zlar Karmas\u0131&#8217; ma\u00e7\u0131n\u0131n geliri \u015fehit ailelerine ba\u011f\u0131\u015flanacak"},"content":{"rendered":"<h1>Fatih Terim &#8216;Y\u0131ld\u0131zlar Karmas\u0131&#8217; ma\u00e7\u0131n\u0131n detaylar\u0131n\u0131 a\u00e7\u0131klad\u0131<\/h1>\n<div class=\"image\"><img loading=\"lazy\" src=\"http:\/\/ia.sabah.com.tr\/db4126\/650\/344\/0\/92\/1000\/620?u=http:\/\/i.sabah.com.tr\/sbh\/2016\/12\/20\/fatih-terim-yildizlar-karmasi-macinin-detaylarini-acikladi-1482227145597.jpg\" alt=\"Fatih Terim 'Y\u0131ld\u0131zlar Karmas\u0131' ma\u00e7\u0131n\u0131n detaylar\u0131n\u0131 a\u00e7\u0131klad\u0131\" width=\"650\" height=\"344\" \/><\/div>\n<div class=\"txt\">\n<div class=\"txtIn\">\n<article id=\"contextual\" class=\"selectionShareable\">\n<h2>22 Aral\u0131k Per\u015fembe g\u00fcn\u00fc &#8220;Y\u0131ld\u0131zlar Karmas\u0131&#8221; ad\u0131 alt\u0131nda yap\u0131lacak g\u00f6steri ma\u00e7\u0131n\u0131n gelirleri \u015fehit ailelerine ba\u011f\u0131\u015flanacak.<\/h2>\n<p>T\u00fcrkiye&#8217;de son d\u00f6nemde ya\u015fanan ter\u00f6r olaylar\u0131nda \u015fehit d\u00fc\u015fen vatanda\u015flar\u0131m\u0131z\u0131n yak\u0131nlar\u0131 ad\u0131na bir g\u00f6steri ma\u00e7\u0131 yap\u0131lacak. Spor Bakan\u0131 Akif \u00c7a\u011fatay K\u0131l\u0131, T\u00fcrkiye Futbol Direkt\u00f6r\u00fc <strong>Fatih Terim<\/strong> ile birlikte <strong>TFF Ba\u015fkan\u0131 Y\u0131ld\u0131r\u0131m Demir\u00f6ren<\/strong> ve <strong>Kul\u00fcpler Birli\u011fi Vakf\u0131 Ba\u015fkan\u0131 G\u00f6ksel G\u00fcm\u00fc\u015fda\u011f<\/strong>&#8216;\u0131n d\u00fczenledi\u011fi bas\u0131n toplant\u0131s\u0131nda bu ma\u00e7\u0131n gelirlerinin \u015fehit ailelerine ba\u011f\u0131\u015flanaca\u011f\u0131 a\u00e7\u0131kland\u0131.<\/p>\n<p><strong>YILDIZLAR KARMASI MA\u00c7INDA HANG\u0130 FUTBOLCULAR YER ALACAK?<\/strong><\/p>\n<p>T\u00fcrkiye Futbol Direkt\u00f6r\u00fc Fatih Terim, yard\u0131m ma\u00e7\u0131nda S\u00fcper Lig&#8217;de yer alan b\u00fct\u00fcn tak\u0131mlardan en az 1 yabanc\u0131 ve 1 yerli futbolcu davet edilece\u011fini s\u00f6yledi. \u0130stanbul tak\u0131mlar\u0131ndan daha fazla oyuncu alabileceklerini belirten Fatih Terim \u015funlar\u0131 s\u00f6yledi:<\/p>\n<p>&#8220;Lig ma\u00e7lar\u0131 bu organizasyondan etkilenmeyecek. Fikst\u00fcr de aksamayacak. Her tak\u0131mdan en az 1 yabanc\u0131, 1 yerli gelecek. \u0130stanbul tak\u0131mlar\u0131ndan biraz daha fazla oyuncu alabiliriz. Kadro d\u0131\u015f\u0131 kalan oyuncular da olabilir. Hi\u00e7bir teknik direkt\u00f6re mecburiyet k\u0131lmad\u0131k. Gelenlerden memnuniyet duyar\u0131z. Gelen say\u0131ya g\u00f6re hocalar iki kul\u00fcbede olacak. T\u00fcrkiye&#8217;deki herkes bu ma\u00e7a davetlidir. Arda, Burak, Hakan \u00c7alhano\u011flu, G\u00f6khan T\u00f6re hepsinin e\u011fer imkan\u0131 varsa gelebilir. \u0130nad\u0131na bar\u0131\u015f, inad\u0131na sevgi ortam\u0131na gidiyoruz. \u00dclkemizin, devletimizin Cumhurba\u015fkan\u0131m\u0131z\u0131n duru\u015flar\u0131n\u0131n yan\u0131nday\u0131z. Ma\u00e7\u0131n hakemi C\u00fcneyt \u00c7ak\u0131r ve ekibi olacak. NBA&#8217;de her sene All-Star yap\u0131l\u0131yor. Belki biz de mutlulukla ilgili her sene bu tip organizasyonlar yapabiliriz.&#8221;<\/p>\n<p><strong>YILDIZLAR KARMASI YARDIM MA\u00c7I NE ZAMAN, SAAT KA\u00c7TA?<\/strong><\/p>\n<p>\u015eehit ailelerine yard\u0131m ama\u00e7l\u0131 d\u00fczenlenecek olan <strong>Y\u0131ld\u0131zlar Karmas\u0131<\/strong> ma\u00e7\u0131, 22 Aral\u0131k Per\u015fembe g\u00fcn\u00fc saat 20:00&#8217;de ba\u015flayacak. Vodafone Arena&#8217;da oynanacak kar\u015f\u0131la\u015fma&#8217;n\u0131n yay\u0131n bilgileri hen\u00fcz netle\u015fmedi. (Futbol Arena)<\/p>\n<\/article>\n<\/div>\n<\/div>\n","protected":false},"excerpt":{"rendered":"<p>Fatih Terim &#8216;Y\u0131ld\u0131zlar Karmas\u0131&#8217; ma\u00e7\u0131n\u0131n detaylar\u0131n\u0131 a\u00e7\u0131klad\u0131 22 Aral\u0131k Per\u015fembe g\u00fcn\u00fc &#8220;Y\u0131ld\u0131zlar Karmas\u0131&#8221; ad\u0131 alt\u0131nda yap\u0131lacak g\u00f6steri ma\u00e7\u0131n\u0131n gelirleri \u015fehit ailelerine ba\u011f\u0131\u015flanacak. T\u00fcrkiye&#8217;de son d\u00f6nemde ya\u015fanan ter\u00f6r olaylar\u0131nda \u015fehit d\u00fc\u015fen vatanda\u015flar\u0131m\u0131z\u0131n yak\u0131nlar\u0131 ad\u0131na bir g\u00f6steri ma\u00e7\u0131 yap\u0131lacak. Spor Bakan\u0131 Akif \u00c7a\u011fatay K\u0131l\u0131, T\u00fcrkiye Futbol Direkt\u00f6r\u00fc Fatih Terim ile birlikte TFF Ba\u015fkan\u0131 Y\u0131ld\u0131r\u0131m Demir\u00f6ren ve Kul\u00fcpler [&hellip;]<\/p>\n","protected":false},"author":1,"featured_media":9109,"comment_status":"open","ping_status":"open","sticky":false,"template":"","format":"standard","meta":{"ngg_post_thumbnail":0},"categories":[5214],"tags":[11431,5681,3841,73,316,4340,5676,5680,5677,5678,5679],"_links":{"self":[{"href":"https:\/\/emlaktuel.com\/index.php?rest_route=\/wp\/v2\/posts\/9108"}],"collection":[{"href":"https:\/\/emlaktuel.com\/index.php?rest_route=\/wp\/v2\/posts"}],"about":[{"href":"https:\/\/emlaktuel.com\/index.php?rest_route=\/wp\/v2\/types\/post"}],"author":[{"embeddable":true,"href":"https:\/\/emlaktuel.com\/index.php?rest_route=\/wp\/v2\/users\/1"}],"replies":[{"embeddable":true,"href":"https:\/\/emlaktuel.com\/index.php?rest_route=%2Fwp%2Fv2%2Fcomments&post=9108"}],"version-history":[{"count":1,"href":"https:\/\/emlaktuel.com\/index.php?rest_route=\/wp\/v2\/posts\/9108\/revisions"}],"predecessor-version":[{"id":9110,"href":"https:\/\/emlaktuel.com\/index.php?rest_route=\/wp\/v2\/posts\/9108\/revisions\/9110"}],"wp:featuredmedia":[{"embeddable":true,"href":"https:\/\/emlaktuel.com\/index.php?rest_route=\/wp\/v2\/media\/9109"}],"wp:attachment":[{"href":"https:\/\/emlaktuel.com\/index.php?rest_route=%2Fwp%2Fv2%2Fmedia&parent=9108"}],"wp:term":[{"taxonomy":"category","embeddable":true,"href":"https:\/\/emlaktuel.com\/index.php?rest_route=%2Fwp%2Fv2%2Fcategories&post=9108"},{"taxonomy":"post_tag","embeddable":true,"href":"https:\/\/emlaktuel.com\/index.php?rest_route=%2Fwp%2Fv2%2Ftags&post=9108"}],"curies":[{"name":"wp","href":"https:\/\/api.w.org\/{rel}","templated":true}]}}