{"id":8948,"date":"2016-12-18T14:12:26","date_gmt":"2016-12-18T11:12:26","guid":{"rendered":"http:\/\/emlaktuel.com\/?p=8948"},"modified":"2018-07-05T15:28:48","modified_gmt":"2018-07-05T12:28:48","slug":"galatasaraya-yeni-hagi-mujdesi-hagiden","status":"publish","type":"post","link":"https:\/\/emlaktuel.com\/?p=8948","title":{"rendered":"Galatasaray&#8217;a &#8216;yeni Hagi&#8217; m\u00fcjdesi Hagi&#8217;den!"},"content":{"rendered":"<h1>\u00a0<img loading=\"lazy\" src=\"http:\/\/ia.sabah.com.tr\/8958b2\/650\/344\/0\/102\/1000\/630?u=http:\/\/i.sabah.com.tr\/sbh\/2016\/12\/18\/1482052459625.jpg\" alt=\"Hagi'den Galatasaray'a 'yeni Hagi' m\u00fcjdesi!\" width=\"650\" height=\"344\" \/><\/h1>\n<div class=\"txt\">\n<div class=\"txtIn\">\n<article id=\"contextual\" class=\"selectionShareable\">\n<h2>Galatasaray&#8217;\u0131n efsane 10 numaras\u0131 Hagi, sar\u0131 k\u0131rm\u0131z\u0131l\u0131 tak\u0131ma yeni bir Hagi&#8217;nin gelece\u011fini s\u00f6yledi.<\/h2>\n<p>Galatasaray unutulmaz futbolcular\u0131ndan Gheorghe Hagi, taraftar\u0131 heyecanland\u0131racak bir a\u00e7\u0131klamada bulundu. Fotoma\u00e7&#8217;\u0131n haberine g\u00f6re Hagi, &#8216;Galatasaray&#8217;a yeni bir Hagi geliyor&#8217; dedi.<\/p>\n<p><strong>&#8216;BA\u015eKANLA KONU\u015eTUM&#8217;<\/strong><\/p>\n<p>Bir davet \u00fczerine Didim&#8217;e giden Gheorghe Hagi, burada taraftarlar\u0131n ilgisi ile kar\u015f\u0131la\u015ft\u0131. Bir taraftar\u0131n, &#8220;<strong>Senin gibi oyuncu bir daha gelmedi&#8221; <\/strong>s\u00f6zleri \u00fczerine Hagi&#8217;nin verdi\u011fi, <strong>&#8220;Gelecek gelecek. Ba\u015fkan&#8217;la konu\u015ftum&#8221; <\/strong>s\u00f6zleri herkesi heyecanland\u0131rd\u0131.<\/p>\n<p>Hagi&#8217;nin bahsetti\u011fi ismin Dinamo B\u00fckre\u015f&#8217;te forma giyen Iosif Rotariu&#8217;nun ye\u011feni Dorin oldu\u011fu iddia edildi..<\/p>\n<p><em>Dorin Rotariu&#8230;<\/em><br \/>\n<img src=\"http:\/\/ia.sabah.com.tr\/f54cfc\/0\/0\/0\/0\/815\/472?u=http:\/\/i.sabah.com.tr\/sbh\/2016\/12\/18\/1482052610863.jpg\" alt=\"\" \/><\/p>\n<\/article>\n<\/div>\n<\/div>\n<div id=\"SurmansetTekli\"><\/div>\n","protected":false},"excerpt":{"rendered":"<p>\u00a0 Galatasaray&#8217;\u0131n efsane 10 numaras\u0131 Hagi, sar\u0131 k\u0131rm\u0131z\u0131l\u0131 tak\u0131ma yeni bir Hagi&#8217;nin gelece\u011fini s\u00f6yledi. Galatasaray unutulmaz futbolcular\u0131ndan Gheorghe Hagi, taraftar\u0131 heyecanland\u0131racak bir a\u00e7\u0131klamada bulundu. Fotoma\u00e7&#8217;\u0131n haberine g\u00f6re Hagi, &#8216;Galatasaray&#8217;a yeni bir Hagi geliyor&#8217; dedi. &#8216;BA\u015eKANLA KONU\u015eTUM&#8217; Bir davet \u00fczerine Didim&#8217;e giden Gheorghe Hagi, burada taraftarlar\u0131n ilgisi ile kar\u015f\u0131la\u015ft\u0131. Bir taraftar\u0131n, &#8220;Senin gibi oyuncu bir daha [&hellip;]<\/p>\n","protected":false},"author":1,"featured_media":8949,"comment_status":"open","ping_status":"open","sticky":false,"template":"","format":"standard","meta":{"ngg_post_thumbnail":0},"categories":[5214],"tags":[300,268],"_links":{"self":[{"href":"https:\/\/emlaktuel.com\/index.php?rest_route=\/wp\/v2\/posts\/8948"}],"collection":[{"href":"https:\/\/emlaktuel.com\/index.php?rest_route=\/wp\/v2\/posts"}],"about":[{"href":"https:\/\/emlaktuel.com\/index.php?rest_route=\/wp\/v2\/types\/post"}],"author":[{"embeddable":true,"href":"https:\/\/emlaktuel.com\/index.php?rest_route=\/wp\/v2\/users\/1"}],"replies":[{"embeddable":true,"href":"https:\/\/emlaktuel.com\/index.php?rest_route=%2Fwp%2Fv2%2Fcomments&post=8948"}],"version-history":[{"count":1,"href":"https:\/\/emlaktuel.com\/index.php?rest_route=\/wp\/v2\/posts\/8948\/revisions"}],"predecessor-version":[{"id":8950,"href":"https:\/\/emlaktuel.com\/index.php?rest_route=\/wp\/v2\/posts\/8948\/revisions\/8950"}],"wp:featuredmedia":[{"embeddable":true,"href":"https:\/\/emlaktuel.com\/index.php?rest_route=\/wp\/v2\/media\/8949"}],"wp:attachment":[{"href":"https:\/\/emlaktuel.com\/index.php?rest_route=%2Fwp%2Fv2%2Fmedia&parent=8948"}],"wp:term":[{"taxonomy":"category","embeddable":true,"href":"https:\/\/emlaktuel.com\/index.php?rest_route=%2Fwp%2Fv2%2Fcategories&post=8948"},{"taxonomy":"post_tag","embeddable":true,"href":"https:\/\/emlaktuel.com\/index.php?rest_route=%2Fwp%2Fv2%2Ftags&post=8948"}],"curies":[{"name":"wp","href":"https:\/\/api.w.org\/{rel}","templated":true}]}}