{"id":8939,"date":"2016-12-18T14:02:13","date_gmt":"2016-12-18T11:02:13","guid":{"rendered":"http:\/\/emlaktuel.com\/?p=8939"},"modified":"2018-07-05T15:28:43","modified_gmt":"2018-07-05T12:28:43","slug":"bireysel-emeklilikte-onemli-gelisme","status":"publish","type":"post","link":"https:\/\/emlaktuel.com\/?p=8939","title":{"rendered":"Bireysel emeklilikte \u00f6nemli geli\u015fme"},"content":{"rendered":"<h1><img loading=\"lazy\" class=\"alignnone size-medium wp-image-8940\" src=\"http:\/\/emlaktuel.com\/wp-content\/uploads\/2016\/12\/BES-300x200.jpg\" alt=\"bes\" width=\"300\" height=\"200\" \/><\/h1>\n<h1>\u00c7al\u0131\u015fanlar\u0131n i\u015fverenleri arac\u0131l\u0131\u011f\u0131yla BES&#8217;e dahil edilmesi kapsam\u0131nda, emeklilik s\u00f6zle\u015fmesinde taraflar\u0131n hak ve y\u00fck\u00fcml\u00fcl\u00fckleri, \u00fccret \u00f6deme g\u00fcn\u00fc ve mutabakat s\u00fcreci belirlenecek.<\/h1>\n<div class=\"txt\">\n<div class=\"txtIn\">\n<article id=\"contextual\" class=\"selectionShareable\">\u00c7al\u0131\u015fanlar\u0131n i\u015fverenleri arac\u0131l\u0131\u011f\u0131yla Bireysel Emeklilik Sistemi&#8217;ne (BES) dahil edilmesi (otomatik kat\u0131l\u0131m) kapsam\u0131nda emeklilik s\u00f6zle\u015fmesinde taraflar\u0131n hak ve y\u00fck\u00fcml\u00fcl\u00fckleri, \u00fccret \u00f6deme g\u00fcn\u00fc ve mutabakat s\u00fcreci belirlenecek.\u00c7al\u0131\u015fan, belirlenenden daha y\u00fcksek bir oranda \u00f6deme yapmak istedi\u011finde bunu i\u015fverene bildirebilecek, katk\u0131 pay\u0131 \u00f6demeye azami 3 ay ara vermeyi talep edebilecek.<\/p>\n<p>Hazine M\u00fcste\u015farl\u0131\u011f\u0131&#8217;n\u0131n Bireysel Emeklilik Sistemi Hakk\u0131nda Y\u00f6netmelikte De\u011fi\u015fiklik Yap\u0131lmas\u0131na Dair Y\u00f6netmeli\u011fi Resmi Gazete&#8217;de yay\u0131mland\u0131.<\/p>\n<p>\u00c7al\u0131\u015fanlar\u0131n i\u015fverenleri arac\u0131l\u0131\u011f\u0131yla BES&#8217;e dahil edilmesine ili\u015fkin usul ve esaslar\u0131n belirlendi\u011fi y\u00f6netmeli\u011fe g\u00f6re, \u00e7al\u0131\u015fanlar, i\u015fverenin akdetmi\u015f oldu\u011fu bir gruba ba\u011fl\u0131 bireysel emeklilik s\u00f6zle\u015fmesi kapsam\u0131nda, ilgili emeklilik plan\u0131na dahil edilecek. Birden fazla i\u015fveren ile i\u015f akdi bulunan \u00e7al\u0131\u015fanlar her bir i\u015fveren taraf\u0131ndan sunulan emeklilik plan\u0131na ayr\u0131 ayr\u0131 dahil edilecek.<\/p>\n<p>\u0130\u015fveren, ilgili d\u00f6neme ait \u00f6deme g\u00fcn\u00fcne kadar bireysel emeklilik hesab\u0131 a\u00e7\u0131lmas\u0131na dair yat\u0131r\u0131m tercihine ili\u015fkin bilgiler dahil t\u00fcm bilgileri eksiksiz iletmekle y\u00fck\u00fcml\u00fc olacak. Emeklilik \u015firketi iletilen bilgilere istinaden bireysel emeklilik hesab\u0131 a\u00e7acak ve \u00e7al\u0131\u015fan plana dahil edilecek. \u0130\u015fveren, emeklilik \u015firketi se\u00e7iminde hizmet kalitesini ve \u00e7al\u0131\u015fana sa\u011flanan avantajlar\u0131 dikkate alacak. \u0130\u015fveren, \u015firket se\u00e7imi sebebiyle \u015firketten komisyon dahil hi\u00e7bir \u015fekilde maddi menfaat sa\u011flayamayaca\u011f\u0131 gibi \u015firket de i\u015fverene bu \u015fekilde bir teklifte bulunamayacak. \u0130\u015fveren, i\u015f yerindeki \u00e7al\u0131\u015fanlar\u0131n\u0131 farkl\u0131 emeklilik planlar\u0131na dahil edebilecek.<\/p>\n<p>\u00c7al\u0131\u015fan\u0131n \u00fccretinden kesilmesine ra\u011fmen, \u015firkete aktar\u0131lmayan veya eksik aktar\u0131lan bu b\u00f6l\u00fcm h\u00fck\u00fcmlerine tabi katk\u0131 pay\u0131n\u0131n ve varsa getirilerinin takip ve tahsilini Emeklilik G\u00f6zetim Merkezi yapacak.<\/p>\n<p>Y\u00f6netmelikle emeklilik s\u00f6zle\u015fmesinin asgari i\u00e7eri\u011fi de belirlendi. Buna g\u00f6re, emeklilik s\u00f6zle\u015fmesinde taraflar\u0131n hak ve y\u00fck\u00fcml\u00fcl\u00fckleri, \u00fccret \u00f6deme g\u00fcn\u00fc ve mutabakat s\u00fcreci belirlenecek. \u0130lgililere yap\u0131lacak iade ve \u00f6deme esaslar\u0131, \u00e7al\u0131\u015fana ait g\u00fcncel verilerin tutulmas\u0131 ve ilgililere yap\u0131lacak bildirimlerin usul\u00fc belirlenecek.<\/p>\n<p><strong>CAYMA HAKKI<\/strong><\/p>\n<p>\u0130lgili emeklilik plan\u0131na g\u00f6re \u00e7al\u0131\u015fan\u0131n \u00fccretinden kesilmek suretiyle yap\u0131lan ilk katk\u0131 pay\u0131, \u015firket hesaplar\u0131na nakden intikal etti\u011fi tarihi takip eden i\u015f g\u00fcn\u00fc emeklilik plan\u0131na dahil edildi\u011fi \u015firket taraf\u0131ndan \u00e7al\u0131\u015fana posta yoluyla veya g\u00fcvenli elektronik ileti\u015fim ara\u00e7lar\u0131yla bildirilecek.\u00c7al\u0131\u015fan, bu bildirimi m\u00fcteakip iki ay i\u00e7inde cayma hakk\u0131n\u0131 kullanabilecek. Cayma s\u00fcresinden sonra da \u00e7al\u0131\u015fan diledi\u011fi zaman sistemden ayr\u0131labilecek. Cayma talebi, \u00e7al\u0131\u015fan taraf\u0131ndan posta yoluyla veya g\u00fcvenli elektronik ileti\u015fim ara\u00e7lar\u0131yla ilgili emeklilik s\u00f6zle\u015fmesi h\u00fck\u00fcmlerine g\u00f6re i\u015fverene veya \u015firkete bildirilecek. Cayma bildiriminin ula\u015fmas\u0131n\u0131 takiben 10 i\u015f g\u00fcn\u00fc i\u00e7inde \u00f6denen katk\u0131 paylar\u0131, varsa hesab\u0131nda bulunan yat\u0131r\u0131m gelirleriyle birlikte \u00e7al\u0131\u015fana iade edilecek.<\/p>\n<p>Sistemde \u00f6denecek katk\u0131 pay\u0131 tutar\u0131, belirlenen oran esas al\u0131narak emeklilik kesene\u011fine esas ayl\u0131k \u00fczerinden hesaplanacak ve bu tutar\u0131n alt\u0131nda katk\u0131 pay\u0131 \u00f6demesi yap\u0131lamayacak. \u00c7al\u0131\u015fan, belirlenenden daha y\u00fcksek bir oranda \u00f6deme yapmak istedi\u011fini i\u015fverene bildirebilecek. Bu \u015fekilde katk\u0131 pay\u0131 oran\u0131n\u0131 art\u0131ran bir \u00e7al\u0131\u015fan, belirlenen oran\u0131n alt\u0131nda kalmamak kayd\u0131yla katk\u0131 pay\u0131 oran\u0131n\u0131 i\u015fverenden talepte bulunarak azaltabilecek. \u00c7al\u0131\u015fanlar bu taleplerini ilgili ay\u0131n \u00fccret hesaplamas\u0131 tamamlanmadan \u00f6nce bildirmekle y\u00fck\u00fcml\u00fc olacak.<\/p>\n<p>Katk\u0131 pay\u0131, \u00fccretten kesilmek suretiyle gruba ba\u011fl\u0131 bireysel emeklilik s\u00f6zle\u015fmesi kapsam\u0131nda \u00e7al\u0131\u015fan ad\u0131na a\u00e7\u0131lan bireysel emeklilik hesab\u0131na aktar\u0131lacak.<\/p>\n<p>Katk\u0131 pay\u0131, en ge\u00e7 belirlenen \u00fccret \u00f6deme g\u00fcn\u00fcn\u00fc takip eden i\u015f g\u00fcn\u00fc, banka arac\u0131l\u0131\u011f\u0131yla \u015firket\u00e7e bildirilen tek bir hesaba aktar\u0131lacak. \u00c7al\u0131\u015fma ili\u015fkisi sona eren \u00e7al\u0131\u015fan, M\u00fcste\u015farl\u0131k\u00e7a belirlenen usul ve esaslar \u00e7er\u00e7evesinde en az ilgili takvim y\u0131l\u0131n\u0131n ilk 6 ay\u0131nda uygulanacak asgari br\u00fct \u00fccretin y\u00fczde 3&#8217;\u00fc oran\u0131nda katk\u0131 pay\u0131 \u00f6demeye devam edebilecek.<\/p>\n<p>\u00c7al\u0131\u015fan katk\u0131 pay\u0131 \u00f6demeye devam etmeyi talep etmezse ilgili emeklilik s\u00f6zle\u015fmesinden ayr\u0131lma i\u015flemi ger\u00e7ekle\u015ftirilecek.<\/p>\n<p>\u0130\u015fveren tercih etmesi durumunda \u00e7al\u0131\u015fan ad ve hesab\u0131na katk\u0131 pay\u0131 \u00f6demesinde bulunabilecek.<\/p>\n<p><strong>\u00c7ALI\u015eANIN \u0130\u015e YER\u0130N\u0130N DE\u011e\u0130\u015eMES\u0130 VE ARA VERME<\/strong><\/p>\n<p>Daha \u00f6nce bireysel emeklilik sistemine dahil edilen ve i\u015f yerinin de\u011fi\u015fti\u011fi tarih itibar\u0131yla sistemde bulunan bir \u00e7al\u0131\u015fan\u0131n bireysel emeklilik hesab\u0131ndaki birikimiyle varsa \u00f6denen devlet katk\u0131s\u0131, yeni i\u015f yerinde \u00e7al\u0131\u015fanlara sunulan bir emeklilik plan\u0131 bulunmas\u0131 halinde, yeni i\u015f yerindeki plana aktar\u0131lacak. \u00c7al\u0131\u015fan\u0131n sistemde kazand\u0131\u011f\u0131 emeklili\u011fe esas s\u00fcresi ile devlet katk\u0131s\u0131n\u0131n hak edilmesine esas s\u00fcresi yeni i\u015f yerindeki planda aynen korunacak.<\/p>\n<p>\u00c7al\u0131\u015fan katk\u0131 pay\u0131 \u00f6demeye ara vermeyi talep edebilecek. Bu talep, talep tarihinden itibaren azami 3 ayl\u0131k s\u00fcre i\u00e7in yap\u0131labilecek. Bu s\u00fcrenin bitiminden \u00f6nce veya bitimini m\u00fcteakip tekrar ara verme talebinde bulunulmas\u0131 m\u00fcmk\u00fcn olacak. \u00c7al\u0131\u015fan\u0131n ara verme talebini iletmesi \u00fczerine \u00e7al\u0131\u015fana \u00f6denen \u00fccretten katk\u0131 pay\u0131 kesintisi yap\u0131lamayacak. \u00c7al\u0131\u015fan, ara verme talebini en ge\u00e7 \u00fccret \u00f6deme g\u00fcn\u00fcnden 3 i\u015f g\u00fcn\u00fc \u00f6nce iletecek.<\/p>\n<p>Katk\u0131 pay\u0131 iki ayl\u0131k cayma s\u00fcresinde, ilgisine g\u00f6re \u00e7al\u0131\u015fan veya i\u015fverence tercih edilen ba\u015flang\u0131\u00e7 fonunda yat\u0131r\u0131ma y\u00f6nlendirilecek. \u015eirket, cayma s\u00fcresince \u00f6denen katk\u0131 paylar\u0131n\u0131n de\u011fer kaybetmemesini sa\u011flayacak \u015fekilde fon y\u00f6netiminden sorumlu olacak.<\/p>\n<p>Sunulan emeklilik planlar\u0131 \u00e7er\u00e7evesinde \u015firketlerce fon i\u015fletim gider kesintisi d\u0131\u015f\u0131nda ba\u015fka bir kesinti yap\u0131lamayacak.<\/p>\n<p><strong>S\u0130STEMDEN AYRILMA VE EMEKL\u0130L\u0130K HAKKININ KULLANILMASI<\/strong><\/p>\n<p>\u00c7al\u0131\u015fan\u0131n emeklilik hakk\u0131n\u0131 kullanarak sistemden ayr\u0131lmay\u0131 talep etmesi halinde, a\u00e7\u0131lan t\u00fcm s\u00f6zle\u015fmeleri hesap birle\u015ftirme i\u015flemine tabi tutulacak. \u00c7al\u0131\u015fan\u0131n ayn\u0131 veya farkl\u0131 \u015firkette bu b\u00f6l\u00fcm kapsam\u0131nda kurulan birden fazla s\u00f6zle\u015fmesi bulunmas\u0131 halinde, \u00e7al\u0131\u015fan\u0131n sisteme giri\u015f tarihi, y\u00fcr\u00fcrl\u00fckte bulunan bu s\u00f6zle\u015fmeler kapsam\u0131nda dahil olunan planlar aras\u0131ndan en eski plan giri\u015fi tarihi dikkate al\u0131narak belirlenecek. Bu durumda \u00e7al\u0131\u015fan\u0131n kapsamdaki t\u00fcm s\u00f6zle\u015fmelerinden emeklili\u011fe hak kazanmas\u0131 i\u00e7in en az birinden bu hakk\u0131 kazanmas\u0131 ve hesaplar\u0131n\u0131 birle\u015ftirmesi gerekecek.<\/p>\n<p>Sistemden ayr\u0131lma i\u015flemi ger\u00e7ekle\u015ftiren \u00e7al\u0131\u015fanlar, M\u00fcste\u015farl\u0131\u011f\u0131n belirleyece\u011fi esaslar dahilinde 2 y\u0131lda bir tekrar otomatik olarak sisteme dahil edilebilecek. M\u00fcste\u015farl\u0131k bu s\u00fcreyi 1 y\u0131la kadar azaltmaya ve 3 y\u0131la kadar art\u0131rmaya yetkili olacak.<\/p>\n<p><strong>BES&#8217;TE DEVLET KATKISI<\/strong><\/p>\n<p>Bireysel Emeklilik Sisteminde Devlet Katk\u0131s\u0131 Hakk\u0131nda Y\u00f6netmelikte De\u011fi\u015fiklik Yap\u0131lmas\u0131na Dair Y\u00f6netmeli\u011fe g\u00f6re de \u00e7al\u0131\u015fan\u0131n cayma hakk\u0131n\u0131 kullanmamas\u0131 halinde, cayma hakk\u0131n\u0131n doldu\u011fu ay\u0131 takip eden hesap d\u00f6neminde, sisteme giri\u015fte bir defaya mahsus olmak \u00fczere, bin lira tutar\u0131nda ba\u015flang\u0131\u00e7 devlet katk\u0131s\u0131 hesaplanacak.<\/p>\n<p>Emeklilik hakk\u0131n\u0131n kullan\u0131lmas\u0131 halinde, bireysel emeklilik hesab\u0131nda bulunan birikimini en az 10 y\u0131l s\u00fcreli y\u0131ll\u0131k gelir sigortas\u0131 s\u00f6zle\u015fmesi kapsam\u0131nda almay\u0131 tercih eden \u00e7al\u0131\u015fana, birikiminin y\u00fczde 5&#8217;i kar\u015f\u0131l\u0131\u011f\u0131 ek devlet katk\u0131s\u0131 olarak \u00f6denecek.<\/p>\n<p>Vefat, maluliyet veya tasfiye gibi zorunlu nedenler hari\u00e7 olmak \u00fczere, 10 y\u0131l tamamlanmadan tek primli y\u0131ll\u0131k gelir sigortas\u0131n\u0131n sonland\u0131r\u0131lmas\u0131 halinde, yap\u0131lan ek devlet katk\u0131s\u0131 \u00f6demesinin iki misli, hak kazan\u0131lmayan devlet katk\u0131s\u0131n\u0131n tabi oldu\u011fu usullere g\u00f6re genel b\u00fct\u00e7eye gelir kaydedilmek \u00fczere iade edilecek.<\/p>\n<p>S\u00f6z konusu y\u00f6netmelikler, 1 Ocak 2017&#8217;de y\u00fcr\u00fcrl\u00fc\u011fe girecek.<\/p>\n<\/article>\n<\/div>\n<\/div>\n","protected":false},"excerpt":{"rendered":"<p>\u00c7al\u0131\u015fanlar\u0131n i\u015fverenleri arac\u0131l\u0131\u011f\u0131yla BES&#8217;e dahil edilmesi kapsam\u0131nda, emeklilik s\u00f6zle\u015fmesinde taraflar\u0131n hak ve y\u00fck\u00fcml\u00fcl\u00fckleri, \u00fccret \u00f6deme g\u00fcn\u00fc ve mutabakat s\u00fcreci belirlenecek. \u00c7al\u0131\u015fanlar\u0131n i\u015fverenleri arac\u0131l\u0131\u011f\u0131yla Bireysel Emeklilik Sistemi&#8217;ne (BES) dahil edilmesi (otomatik kat\u0131l\u0131m) kapsam\u0131nda emeklilik s\u00f6zle\u015fmesinde taraflar\u0131n hak ve y\u00fck\u00fcml\u00fcl\u00fckleri, \u00fccret \u00f6deme g\u00fcn\u00fc ve mutabakat s\u00fcreci belirlenecek.\u00c7al\u0131\u015fan, belirlenenden daha y\u00fcksek bir oranda \u00f6deme yapmak istedi\u011finde bunu i\u015fverene [&hellip;]<\/p>\n","protected":false},"author":1,"featured_media":8940,"comment_status":"open","ping_status":"open","sticky":false,"template":"","format":"standard","meta":{"ngg_post_thumbnail":0},"categories":[5213],"tags":[11421,5602,11575,11232,5604,5603,11118,11229],"_links":{"self":[{"href":"https:\/\/emlaktuel.com\/index.php?rest_route=\/wp\/v2\/posts\/8939"}],"collection":[{"href":"https:\/\/emlaktuel.com\/index.php?rest_route=\/wp\/v2\/posts"}],"about":[{"href":"https:\/\/emlaktuel.com\/index.php?rest_route=\/wp\/v2\/types\/post"}],"author":[{"embeddable":true,"href":"https:\/\/emlaktuel.com\/index.php?rest_route=\/wp\/v2\/users\/1"}],"replies":[{"embeddable":true,"href":"https:\/\/emlaktuel.com\/index.php?rest_route=%2Fwp%2Fv2%2Fcomments&post=8939"}],"version-history":[{"count":2,"href":"https:\/\/emlaktuel.com\/index.php?rest_route=\/wp\/v2\/posts\/8939\/revisions"}],"predecessor-version":[{"id":8946,"href":"https:\/\/emlaktuel.com\/index.php?rest_route=\/wp\/v2\/posts\/8939\/revisions\/8946"}],"wp:featuredmedia":[{"embeddable":true,"href":"https:\/\/emlaktuel.com\/index.php?rest_route=\/wp\/v2\/media\/8940"}],"wp:attachment":[{"href":"https:\/\/emlaktuel.com\/index.php?rest_route=%2Fwp%2Fv2%2Fmedia&parent=8939"}],"wp:term":[{"taxonomy":"category","embeddable":true,"href":"https:\/\/emlaktuel.com\/index.php?rest_route=%2Fwp%2Fv2%2Fcategories&post=8939"},{"taxonomy":"post_tag","embeddable":true,"href":"https:\/\/emlaktuel.com\/index.php?rest_route=%2Fwp%2Fv2%2Ftags&post=8939"}],"curies":[{"name":"wp","href":"https:\/\/api.w.org\/{rel}","templated":true}]}}