{"id":8913,"date":"2016-12-18T11:51:42","date_gmt":"2016-12-18T08:51:42","guid":{"rendered":"http:\/\/emlaktuel.com\/?p=8913"},"modified":"2018-07-05T15:28:11","modified_gmt":"2018-07-05T12:28:11","slug":"akyazi-stadi-bugun-acilacak","status":"publish","type":"post","link":"https:\/\/emlaktuel.com\/?p=8913","title":{"rendered":"Akyaz\u0131 Stad\u0131 bug\u00fcn a\u00e7\u0131lacak!"},"content":{"rendered":"<h1 class=\"news-detail-title selectionShareable\">Akyaz\u0131 Stad\u0131 40 bin 461 koltuk kapasiteli olacak. Akyaz\u0131 Stad\u0131 Cumhurba\u015fkan\u0131 Recep Tayyip Erdo\u011fan\u2019\u0131n kat\u0131l\u0131m\u0131yla bug\u00fcn a\u00e7\u0131l\u0131\u015f\u0131 yap\u0131lacak. Kompleksin ad\u0131 &#8216;\u015eenol G\u00fcne\u015f Kompleksi\u2019\u00a0olacak.<\/h1>\n<div class=\"soc2 nmobilw\"><\/div>\n<div>\n<p>40 bin 461 koltuk kapasiteli karadenizin bu dev stadyumu Cumhurba\u015fkan\u0131 Recep Tayyip Erdo\u011fan\u2019\u0131n kat\u0131l\u0131m\u0131yla bug\u00fcn a\u00e7\u0131l\u0131yor. Bu dev komplekse \u015eenol G\u00fcne\u015f\u2019in ad\u0131 verilecek.<\/p>\n<p>Trabzonspor&#8217;un art\u0131k bundan\u00a0sonra ma\u00e7lar\u0131n\u0131 oynayaca\u011f\u0131 bu dev spor kompleksinin resmi protokol a\u00e7\u0131l\u0131\u015f\u0131 bug\u00fcn saat 18.30&#8217;da yap\u0131lacak. Trabzon \u015fehir merkezindeki Akyaz\u0131 mevkisindeki denizin dolgu alan\u0131n\u0131n tamamlanmas\u0131n\u0131n ard\u0131ndan 24 Kas\u0131m 2013&#8217;te temeli at\u0131lan ve ge\u00e7en s\u00fcrede b\u00fct\u00fcn \u00e7al\u0131\u015fmalar\u0131 sona eren tesisin, Cumhurba\u015fkan\u0131 Recep Tayyip Erdo\u011fan&#8217;\u0131n da kat\u0131l\u0131m\u0131yla a\u00e7\u0131l\u0131\u015f\u0131 yap\u0131lacak. Toplam 6 bin 500 ton \u00e7elik kullan\u0131lan \u00e7at\u0131n\u0131n \u00e7evre dostu olarak kendini temizleme ve hava kirlili\u011fini giderme \u00f6zelli\u011fi ise b\u00fcy\u00fck dikkati \u00e7ekiyor.<\/p>\n<h2>AKYAZI STADININ ADINI ERDO\u011eAN A\u00c7IKLAYACAK<\/h2>\n<p>&#8220;Ak\u0131ll\u0131 \u00e7at\u0131&#8221; olarak bilinen smart roof sistemi kullan\u0131lan stat, bu \u00f6zelli\u011fiyle d\u00fcnyada be\u015finci s\u0131rada yer alacak, T\u00fcrkiye&#8217;de ise bir ilk olacak. Kapasitesi 40 bin 461 olan statta, 2 bin 954 VIP, 196 protokol, 282 bas\u0131n ve 80 engelli koltu\u011fu bulunacak. Stadda 80 metrekare olan skorbord, 7,5 megapiksel aral\u0131\u011f\u0131nda olmas\u0131yla da T\u00fcrkiye&#8217;de yine bir ilk\u00a0olma \u00f6zelli\u011fini ta\u015f\u0131yor. Komplekse \u015eenol G\u00fcne\u015f&#8217;in ad\u0131 verilecek. A\u00e7\u0131l\u0131\u015fta 80&#8217;lerde oynayanlarla 96 d\u00f6neminde oynayanlar ma\u00e7 yapacak. \u015eenol G\u00fcne\u015f 80&#8217;lerin kalesine ge\u00e7ecek. Stad\u0131n ad\u0131n\u0131 Cumhurba\u015fkan\u0131 Recep Tayyip Erdo\u011fan a\u00e7\u0131klayacak.<\/p>\n<\/div>\n","protected":false},"excerpt":{"rendered":"<p>Akyaz\u0131 Stad\u0131 40 bin 461 koltuk kapasiteli olacak. Akyaz\u0131 Stad\u0131 Cumhurba\u015fkan\u0131 Recep Tayyip Erdo\u011fan\u2019\u0131n kat\u0131l\u0131m\u0131yla bug\u00fcn a\u00e7\u0131l\u0131\u015f\u0131 yap\u0131lacak. Kompleksin ad\u0131 &#8216;\u015eenol G\u00fcne\u015f Kompleksi\u2019\u00a0olacak. 40 bin 461 koltuk kapasiteli karadenizin bu dev stadyumu Cumhurba\u015fkan\u0131 Recep Tayyip Erdo\u011fan\u2019\u0131n kat\u0131l\u0131m\u0131yla bug\u00fcn a\u00e7\u0131l\u0131yor. Bu dev komplekse \u015eenol G\u00fcne\u015f\u2019in ad\u0131 verilecek. Trabzonspor&#8217;un art\u0131k bundan\u00a0sonra ma\u00e7lar\u0131n\u0131 oynayaca\u011f\u0131 bu dev spor kompleksinin [&hellip;]<\/p>\n","protected":false},"author":1,"featured_media":8915,"comment_status":"open","ping_status":"open","sticky":false,"template":"","format":"standard","meta":{"ngg_post_thumbnail":0},"categories":[5214],"tags":[11346,5580,5581,5579,90,493,89,5582,5583,11184,11336,316],"_links":{"self":[{"href":"https:\/\/emlaktuel.com\/index.php?rest_route=\/wp\/v2\/posts\/8913"}],"collection":[{"href":"https:\/\/emlaktuel.com\/index.php?rest_route=\/wp\/v2\/posts"}],"about":[{"href":"https:\/\/emlaktuel.com\/index.php?rest_route=\/wp\/v2\/types\/post"}],"author":[{"embeddable":true,"href":"https:\/\/emlaktuel.com\/index.php?rest_route=\/wp\/v2\/users\/1"}],"replies":[{"embeddable":true,"href":"https:\/\/emlaktuel.com\/index.php?rest_route=%2Fwp%2Fv2%2Fcomments&post=8913"}],"version-history":[{"count":1,"href":"https:\/\/emlaktuel.com\/index.php?rest_route=\/wp\/v2\/posts\/8913\/revisions"}],"predecessor-version":[{"id":8914,"href":"https:\/\/emlaktuel.com\/index.php?rest_route=\/wp\/v2\/posts\/8913\/revisions\/8914"}],"wp:featuredmedia":[{"embeddable":true,"href":"https:\/\/emlaktuel.com\/index.php?rest_route=\/wp\/v2\/media\/8915"}],"wp:attachment":[{"href":"https:\/\/emlaktuel.com\/index.php?rest_route=%2Fwp%2Fv2%2Fmedia&parent=8913"}],"wp:term":[{"taxonomy":"category","embeddable":true,"href":"https:\/\/emlaktuel.com\/index.php?rest_route=%2Fwp%2Fv2%2Fcategories&post=8913"},{"taxonomy":"post_tag","embeddable":true,"href":"https:\/\/emlaktuel.com\/index.php?rest_route=%2Fwp%2Fv2%2Ftags&post=8913"}],"curies":[{"name":"wp","href":"https:\/\/api.w.org\/{rel}","templated":true}]}}