{"id":8723,"date":"2016-12-13T22:47:43","date_gmt":"2016-12-13T19:47:43","guid":{"rendered":"http:\/\/emlaktuel.com\/?p=8723"},"modified":"2018-07-05T15:26:00","modified_gmt":"2018-07-05T12:26:00","slug":"fabresga-transferinde-fenerbahceye-dev-rakip","status":"publish","type":"post","link":"https:\/\/emlaktuel.com\/?p=8723","title":{"rendered":"Fabresga transferinde Fenerbah\u00e7e&#8217;ye dev rakip&#8230;"},"content":{"rendered":"<h1><\/h1>\n<div class=\"newsInfo\">\n<div class=\"in\">\n<p>&nbsp;<\/p>\n<\/div>\n<\/div>\n<div class=\"txt\">\n<div class=\"txtIn\">\n<article id=\"contextual\" class=\"selectionShareable\">\n<h2>Ligde ara transfer d\u00f6neminde Fenerbah\u00e7e ile ad\u0131 ge\u00e7en Fabregas&#8217;a, \u0130talyan devi Roma&#8217;n\u0131n da talip oldu\u011fu \u00f6\u011frenildi.<\/h2>\n<p><strong>Fenerbah\u00e7e<\/strong>&#8216;nin ara transfer d\u00f6nemi i\u00e7in b\u00fcnyesine katmak istedi\u011fi isimlerden oldu\u011fu iddia edilen <strong>Cesc Fabregas<\/strong>&#8216;a \u0130talyan ekibi <strong>Roma&#8217;<\/strong>da talip oldu.<\/p>\n<p>Eniyitahmin.com&#8217;un \u0130talyan kaynaklar\u0131na dayand\u0131rd\u0131\u011f\u0131 transfer haberine g\u00f6re Roma, \u0130spanyol orta saha oyuncusu i\u00e7in takasa haz\u0131rlan\u0131yor.<\/p>\n<p>Habere g\u00f6re Roma, bu transferi bitirmek i\u00e7in Chelsea Teknik Direkt\u00f6r\u00fc Conte&#8217;nin g\u00f6zdelerinden olan stoper Antonio Rudiger ya da orta saha Radja Nainggolan&#8217;\u0131 takasta kullanabilir.<strong>Fabregas<\/strong> i\u00e7in bir ba\u015fka \u0130talyan ekibi Milan&#8217;\u0131n da istekli oldu\u011fu biliniyor.<\/p>\n<p>\u0130spanyol oyuncu bu sezon Chelsea formas\u0131yla ligde sadece 6 ma\u00e7ta k\u0131s\u0131tl\u0131 s\u00fcreler alabildi.<\/p>\n<\/article>\n<\/div>\n<\/div>\n","protected":false},"excerpt":{"rendered":"<p>&nbsp; Ligde ara transfer d\u00f6neminde Fenerbah\u00e7e ile ad\u0131 ge\u00e7en Fabregas&#8217;a, \u0130talyan devi Roma&#8217;n\u0131n da talip oldu\u011fu \u00f6\u011frenildi. Fenerbah\u00e7e&#8216;nin ara transfer d\u00f6nemi i\u00e7in b\u00fcnyesine katmak istedi\u011fi isimlerden oldu\u011fu iddia edilen Cesc Fabregas&#8216;a \u0130talyan ekibi Roma&#8217;da talip oldu. Eniyitahmin.com&#8217;un \u0130talyan kaynaklar\u0131na dayand\u0131rd\u0131\u011f\u0131 transfer haberine g\u00f6re Roma, \u0130spanyol orta saha oyuncusu i\u00e7in takasa haz\u0131rlan\u0131yor. Habere g\u00f6re Roma, bu [&hellip;]<\/p>\n","protected":false},"author":1,"featured_media":8724,"comment_status":"open","ping_status":"open","sticky":false,"template":"","format":"standard","meta":{"ngg_post_thumbnail":0},"categories":[5214],"tags":[5498,2564],"_links":{"self":[{"href":"https:\/\/emlaktuel.com\/index.php?rest_route=\/wp\/v2\/posts\/8723"}],"collection":[{"href":"https:\/\/emlaktuel.com\/index.php?rest_route=\/wp\/v2\/posts"}],"about":[{"href":"https:\/\/emlaktuel.com\/index.php?rest_route=\/wp\/v2\/types\/post"}],"author":[{"embeddable":true,"href":"https:\/\/emlaktuel.com\/index.php?rest_route=\/wp\/v2\/users\/1"}],"replies":[{"embeddable":true,"href":"https:\/\/emlaktuel.com\/index.php?rest_route=%2Fwp%2Fv2%2Fcomments&post=8723"}],"version-history":[{"count":1,"href":"https:\/\/emlaktuel.com\/index.php?rest_route=\/wp\/v2\/posts\/8723\/revisions"}],"predecessor-version":[{"id":8725,"href":"https:\/\/emlaktuel.com\/index.php?rest_route=\/wp\/v2\/posts\/8723\/revisions\/8725"}],"wp:featuredmedia":[{"embeddable":true,"href":"https:\/\/emlaktuel.com\/index.php?rest_route=\/wp\/v2\/media\/8724"}],"wp:attachment":[{"href":"https:\/\/emlaktuel.com\/index.php?rest_route=%2Fwp%2Fv2%2Fmedia&parent=8723"}],"wp:term":[{"taxonomy":"category","embeddable":true,"href":"https:\/\/emlaktuel.com\/index.php?rest_route=%2Fwp%2Fv2%2Fcategories&post=8723"},{"taxonomy":"post_tag","embeddable":true,"href":"https:\/\/emlaktuel.com\/index.php?rest_route=%2Fwp%2Fv2%2Ftags&post=8723"}],"curies":[{"name":"wp","href":"https:\/\/api.w.org\/{rel}","templated":true}]}}