{"id":8488,"date":"2016-12-07T12:20:18","date_gmt":"2016-12-07T09:20:18","guid":{"rendered":"http:\/\/emlaktuel.com\/?p=8488"},"modified":"2018-07-05T15:23:45","modified_gmt":"2018-07-05T12:23:45","slug":"1-haftada-6-avm-kirada-tlye-gecti","status":"publish","type":"post","link":"https:\/\/emlaktuel.com\/?p=8488","title":{"rendered":"1 haftada 6 AVM kirada TL&#8217;ye ge\u00e7ti!"},"content":{"rendered":"<h5><img loading=\"lazy\" class=\"alignnone wp-image-8492\" src=\"http:\/\/emlaktuel.com\/wp-content\/uploads\/2016\/12\/s-e9f335c362398c94d84ae5f5728b9c529fcbf198-1-300x143.jpg\" alt=\"avm\" width=\"466\" height=\"222\" \/><\/h5>\n<h5>Cumhurba\u015fkan\u0131 Recep Tayyip Erdo\u011fan&#8217;\u0131n ge\u00e7ti\u011fimiz hafta yapt\u0131\u011f\u0131 a\u00e7\u0131klama ile AVM&#8217;lerde TL ile kiralama \u00e7a\u011fr\u0131s\u0131na\u00a0 112 <a href=\"http:\/\/emlaktuel.com\/\">AVM<\/a>&#8216;den cevap olumlu geldi ve say\u0131 118&#8217;e y\u00fckseldi. Kiray\u0131 d\u00f6vizle alan 253 AVM&#8217;de ise TL&#8217;ye ge\u00e7i\u015f i\u00e7in g\u00f6r\u00fc\u015fmeler devam ediyor.<\/h5>\n<h4>K\u0130RADA TL&#8217;YE GE\u00c7EN AVM&#8217;LER \u015e\u00d6YLE:<\/h4>\n<p>ARENA PARK<\/p>\n<p>ARMON\u0130 PARK<\/p>\n<p>KAYSER\u0130 AVM<\/p>\n<p>PARK AVM<\/p>\n<p>ARMADA AVM<\/p>\n<p>PANORA AVM<\/p>\n<p>NATA VEGA<\/p>\n<p>T\u00fcrkiye&#8217;deki AVM say\u0131s\u0131 toplam 371<\/p>\n<p>Kirada TL&#8217;ye ge\u00e7en AVM say\u0131s\u0131 118<\/p>\n<p>KUra geliri dolar alan AVM say\u0131s\u0131 107<\/p>\n<p>K\u0130ra geliri Euro olan AVM say\u0131s\u0131 146<\/p>\n<h4>K\u0130RALAR 5 YILDA % 122 ARTI\u015e G\u00d6STERD\u0130<\/h4>\n<p><a href=\"http:\/\/emlaktuel.com\/\"><strong>AVM<\/strong><\/a> kiralar\u0131yla ilgili olarak konu\u015fan Birle\u015fmi\u015f Markalar Derne\u011fi (BMD) Ba\u015fkan\u0131 Sinan \u00d6ncel, \u201cSon 5 y\u0131lda en \u00f6nemli problemimiz d\u00f6viz bazl\u0131 kiralar\u0131n \u00f6denemez noktaya gelmesiydi. Bu s\u00fcre\u00e7te dolara dayal\u0131 kiralar TL baz\u0131nda y\u00fczde 122, Euro&#8217;da ise y\u00fczde 79 artt\u0131. Bu y\u00fcksek ate\u015fi hi\u00e7bir sekt\u00f6r kald\u0131ramaz. Biz de bunu dile getiriyorduk. \u015eu an T\u00fcrkiye&#8217;deki <a href=\"http:\/\/emlaktuel.com\/\">AVM<\/a>&#8216;lerin kira uygulamalar\u0131n\u0131 g\u00f6zden ge\u00e7iriyoruz.\u201d<\/p>\n","protected":false},"excerpt":{"rendered":"<p>Cumhurba\u015fkan\u0131 Recep Tayyip Erdo\u011fan&#8217;\u0131n ge\u00e7ti\u011fimiz hafta yapt\u0131\u011f\u0131 a\u00e7\u0131klama ile AVM&#8217;lerde TL ile kiralama \u00e7a\u011fr\u0131s\u0131na\u00a0 112 AVM&#8216;den cevap olumlu geldi ve say\u0131 118&#8217;e y\u00fckseldi. Kiray\u0131 d\u00f6vizle alan 253 AVM&#8217;de ise TL&#8217;ye ge\u00e7i\u015f i\u00e7in g\u00f6r\u00fc\u015fmeler devam ediyor. K\u0130RADA TL&#8217;YE GE\u00c7EN AVM&#8217;LER \u015e\u00d6YLE: ARENA PARK ARMON\u0130 PARK KAYSER\u0130 AVM PARK AVM ARMADA AVM PANORA AVM NATA VEGA T\u00fcrkiye&#8217;deki [&hellip;]<\/p>\n","protected":false},"author":1,"featured_media":8490,"comment_status":"open","ping_status":"open","sticky":false,"template":"","format":"standard","meta":{"ngg_post_thumbnail":0},"categories":[5213,1,26,97],"tags":[5387,11505,5386,59,5052,89,556,316],"_links":{"self":[{"href":"https:\/\/emlaktuel.com\/index.php?rest_route=\/wp\/v2\/posts\/8488"}],"collection":[{"href":"https:\/\/emlaktuel.com\/index.php?rest_route=\/wp\/v2\/posts"}],"about":[{"href":"https:\/\/emlaktuel.com\/index.php?rest_route=\/wp\/v2\/types\/post"}],"author":[{"embeddable":true,"href":"https:\/\/emlaktuel.com\/index.php?rest_route=\/wp\/v2\/users\/1"}],"replies":[{"embeddable":true,"href":"https:\/\/emlaktuel.com\/index.php?rest_route=%2Fwp%2Fv2%2Fcomments&post=8488"}],"version-history":[{"count":3,"href":"https:\/\/emlaktuel.com\/index.php?rest_route=\/wp\/v2\/posts\/8488\/revisions"}],"predecessor-version":[{"id":8493,"href":"https:\/\/emlaktuel.com\/index.php?rest_route=\/wp\/v2\/posts\/8488\/revisions\/8493"}],"wp:featuredmedia":[{"embeddable":true,"href":"https:\/\/emlaktuel.com\/index.php?rest_route=\/wp\/v2\/media\/8490"}],"wp:attachment":[{"href":"https:\/\/emlaktuel.com\/index.php?rest_route=%2Fwp%2Fv2%2Fmedia&parent=8488"}],"wp:term":[{"taxonomy":"category","embeddable":true,"href":"https:\/\/emlaktuel.com\/index.php?rest_route=%2Fwp%2Fv2%2Fcategories&post=8488"},{"taxonomy":"post_tag","embeddable":true,"href":"https:\/\/emlaktuel.com\/index.php?rest_route=%2Fwp%2Fv2%2Ftags&post=8488"}],"curies":[{"name":"wp","href":"https:\/\/api.w.org\/{rel}","templated":true}]}}