{"id":8319,"date":"2016-12-02T19:34:13","date_gmt":"2016-12-02T16:34:13","guid":{"rendered":"http:\/\/emlaktuel.com\/?p=8319"},"modified":"2018-07-05T15:21:59","modified_gmt":"2018-07-05T12:21:59","slug":"son-dakika-fenerbahceden-besiktas-derbisi-aciklamasi","status":"publish","type":"post","link":"https:\/\/emlaktuel.com\/?p=8319","title":{"rendered":"Son dakika! Fenerbah\u00e7e&#8217;den Be\u015fikta\u015f derbisi a\u00e7\u0131klamas\u0131"},"content":{"rendered":"<div class=\"news_detial\">\n<div class=\"detail_head clearfix\">\n<h1><strong>Fenerbah\u00e7e, Be\u015fikta\u015f derbisi \u00f6ncesi resmi sitesinden bilet sat\u0131\u015f\u0131yla ilgili a\u00e7\u0131klama yapt\u0131. Fenerbah\u00e7e&#8217;nin yapt\u0131\u011f\u0131 a\u00e7\u0131klaman\u0131n ard\u0131ndan derbide yeni bir rekor beklentisi ba\u015flad\u0131.<\/strong><\/h1>\n<\/div>\n<div id=\"socialbox_position\" class=\"cover\"><img src=\"http:\/\/fotocdncube.fanatik.com.tr\/images\/16x9\/2016\/11\/14\/5076744.jpg?w=658&amp;h=370\" data-imageplus-ch=\"1\" \/><\/div>\n<div id=\"div-gpt-ad-1466414030423-3\" class=\"haber_banner_300 300x250\" data-target=\"oms_gpt_rectangle\"><\/div>\n<div class=\"paragraph\">\n<p>Fenerbah\u00e7e-Be\u015fikta\u015f derbisi \u00f6ncesi son dakika a\u00e7\u0131klamas\u0131. <strong>Fenerbah\u00e7e<\/strong>&#8216;nin resmi internet sitesinden derbi biletleri ile ilgili a\u00e7\u0131klama yap\u0131ld\u0131. Sar\u0131-Lacivertli kul\u00fcb\u00fcn sitesinden yap\u0131lan a\u00e7\u0131klamada, Be\u015fikta\u015f derbisi i\u00e7in piyasaya \u00e7\u0131kar\u0131lan t\u00fcm biletlerin t\u00fckendi\u011fi duyuruldu. A\u00e7\u0131klamada, biletlere yo\u011fun ilgi g\u00f6steren taraftarlara da te\u015fekk\u00fcr edildi.<\/p>\n<p>Resmi siteden yap\u0131lan a\u00e7\u0131klamada, &#8220;<strong>Spor Toto S\u00fcper Lig Turgay \u015eeren Sezonu<\/strong> 13. haftas\u0131nda Fenerbah\u00e7emiz ile <a href=\"http:\/\/www.fanatik.com.tr\/kulup\/besiktas\" target=\"_blank\">Be\u015fikta\u015f <\/a>aras\u0131nda 3 Aral\u0131k 2016 Cumartesi g\u00fcn\u00fc \u00dclker Stadyumu <strong>Fenerbah\u00e7e \u015e\u00fckr\u00fc Saraco\u011flu <\/strong>Spor Kompleksi\u2019nde oynanacak kar\u015f\u0131la\u015fman\u0131n t\u00fcm biletleri t\u00fckenmi\u015ftir. Taraftarlar\u0131m\u0131za g\u00f6sterdikleri yo\u011fun ilgiden dolay\u0131 te\u015fekk\u00fcr ederiz&#8221; denildi.<\/p>\n<p><strong>Galatasaray ma\u00e7\u0131nda rekor k\u0131r\u0131lm\u0131\u015ft\u0131<\/strong><\/p>\n<p>Hat\u0131rlanaca\u011f\u0131 \u00fczere <strong>S\u00fcper Lig<\/strong>&#8216;in 11. haftas\u0131nda oynanan <strong>Fenerbah\u00e7e-Galatasaray<\/strong> derbisinde de sezon rekoru k\u0131r\u0131lm\u0131\u015f, dev m\u00fccadeleyi 44 bin 754 futbolsever izlemi\u015fti. Fenerbah\u00e7e-Be\u015fikta\u015f derbisinde bu rakam\u0131n \u00fcst\u00fcne \u00e7\u0131k\u0131lmas\u0131 bekleniyor.<\/p>\n<div class=\"headtext\">\u0130li\u015fkili Haber<\/div>\n<div class=\"img_box\"><\/div>\n<p><strong>Fenerbah\u00e7e &#8211; Be\u015fikta\u015f derbi ma\u00e7\u0131 saat ka\u00e7ta hangi kanalda canl\u0131 yay\u0131nlanacak?<\/strong><\/p>\n<p>3 Aral\u0131k Cumartesi (Yar\u0131n) saat 19.00&#8217;da ba\u015flayacak <strong>Fenerbah\u00e7e &#8211; Be\u015fikta\u015f<\/strong> derbisi <strong>LigTV<\/strong>&#8216;den canl\u0131 yay\u0131nlanacak. Ayr\u0131ca ma\u00e7\u0131n <strong>CANLI-GRAF\u0130KL\u0130<\/strong> anlat\u0131m\u0131 ve t\u00fcm detaylar\u0131 <a href=\"http:\/\/www.fanatik.com.tr\/\" target=\"_blank\">fanatik.com.tr<\/a>&#8216;den takip edebilirsiniz.<\/p>\n<p><strong>Eksik ve cezal\u0131lar<\/strong><\/p>\n<p><strong>Fenerbah\u00e7e<\/strong>&#8216;de sakatl\u0131\u011f\u0131 ge\u00e7en <strong>Lens<\/strong> Be\u015fikta\u015f ma\u00e7\u0131 \u00f6ncesi tak\u0131mla \u00e7al\u0131\u015fmalara ba\u015flad\u0131. Hollandal\u0131 futbolcunun derbi ma\u00e7\u0131n kardosunda yer almas\u0131 bekleniyor. Sar\u0131-lacivertli tak\u0131mda son oynanan Gen\u00e7lerbirli\u011fi ma\u00e7\u0131nda k\u0131rm\u0131z\u0131 kart g\u00f6ren <strong>\u0130smail K\u00f6yba\u015f\u0131<\/strong> eski tak\u0131m\u0131 Be\u015fikta\u015f&#8217;a kar\u015f\u0131 forma giyemeycek. <strong>Be\u015fikta\u015f<\/strong>&#8216;ta cezal\u0131 futbolcu bulunmazken sakatl\u0131klar\u0131 devam eden <strong>Talisca, Caner Erkin<\/strong> ve <strong>Aras \u00d6zbiliz<\/strong> Fenerbah\u00e7e&#8217;ye kar\u015f\u0131 oynamayacak.<\/p>\n<\/div>\n<div class=\"paragraph\"><img loading=\"lazy\" class=\"alignnone wp-image-8321\" src=\"http:\/\/emlaktuel.com\/wp-content\/uploads\/2016\/12\/5081931-300x169.jpg\" alt=\"5081931\" width=\"493\" height=\"247\" \/><\/div>\n<div class=\"paragraph\"><\/div>\n<div class=\"paragraph\"><strong>MUHTEMEL 11&#8217;LER<\/strong><\/div>\n<div class=\"paragraph\"><\/div>\n<div class=\"paragraph\"><strong>FENERBAH\u00c7E:<\/strong> Volkan Demirel, \u015eener \u00d6zbayrakl\u0131, Simon Kjaer, Martin Skrtel, Hasan Ali Kald\u0131r\u0131m, Mehmet Topal, Josef De Souza, Alper Potuk, Moussa Sow, Volkan \u015een, Robin van Persie<strong>BE\u015e\u0130KTA\u015e:<\/strong> Fabri, Andreas Beck, Marcelo, Tosic, Adriano, Atiba Hutchinson, Tolgay Arslan, Ricardo Quaresma, O\u011fuzhan \u00d6zyakup, Cenk Tosun, Vincent Aboubakar<strong>Kad\u0131k\u00f6y&#8217;e gidecek 1900 ki\u015finin g\u00fczergah\u0131 da belli oldu<\/strong><\/p>\n<p><strong>Be\u015fikta\u015f<\/strong> taraftar\u0131 deplasman yasa\u011f\u0131n\u0131n kalkmas\u0131n\u0131n ard\u0131ndan uzun bir s\u00fcre konra Kad\u0131k\u00f6y&#8217;de<strong> Fenerbah\u00e7e<\/strong> derbisini izleyecek. Siyah-beyazl\u0131 tak\u0131m i\u00e7in sat\u0131\u015fa \u00e7\u0131kan 1900 bilet an\u0131nda t\u00fckendi. Son Kad\u0131k\u00f6y deplasman\u0131na vapurla giden Be\u015fikta\u015f taraftar\u0131na bu kez deniz yolculu\u011fu ise izni \u00e7\u0131kmad\u0131. \u0130stanbul Emniyeti, cumartesi g\u00fcn\u00fc Kad\u0131k\u00f6y&#8217;e gidecek 1900 ki\u015fi i\u00e7in Vodafone Arena&#8217;y\u0131 toplanma noktas\u0131 olarak se\u00e7ti. Saat 14:00&#8217;de Vodafone Arena&#8217;da toplanacak taraftarlar, yap\u0131lacak \u00fcst aramas\u0131 ve bilet kontrol\u00fc sonras\u0131 saat 15.00&#8217;te kendilerini bekleyen 30 otob\u00fcse binerek Kad\u0131k\u00f6y&#8217;e do\u011fru hareket edecekler. Kar\u015f\u0131la\u015fma sonras\u0131 ise stat \u00e7evresi bo\u015fald\u0131ktan sonra ayn\u0131 yolla geri d\u00f6necekler.<\/p>\n<\/div>\n<\/div>\n","protected":false},"excerpt":{"rendered":"<p>Fenerbah\u00e7e, Be\u015fikta\u015f derbisi \u00f6ncesi resmi sitesinden bilet sat\u0131\u015f\u0131yla ilgili a\u00e7\u0131klama yapt\u0131. Fenerbah\u00e7e&#8217;nin yapt\u0131\u011f\u0131 a\u00e7\u0131klaman\u0131n ard\u0131ndan derbide yeni bir rekor beklentisi ba\u015flad\u0131. Fenerbah\u00e7e-Be\u015fikta\u015f derbisi \u00f6ncesi son dakika a\u00e7\u0131klamas\u0131. Fenerbah\u00e7e&#8216;nin resmi internet sitesinden derbi biletleri ile ilgili a\u00e7\u0131klama yap\u0131ld\u0131. Sar\u0131-Lacivertli kul\u00fcb\u00fcn sitesinden yap\u0131lan a\u00e7\u0131klamada, Be\u015fikta\u015f derbisi i\u00e7in piyasaya \u00e7\u0131kar\u0131lan t\u00fcm biletlerin t\u00fckendi\u011fi duyuruldu. A\u00e7\u0131klamada, biletlere yo\u011fun ilgi [&hellip;]<\/p>\n","protected":false},"author":1,"featured_media":8323,"comment_status":"open","ping_status":"open","sticky":false,"template":"","format":"standard","meta":{"ngg_post_thumbnail":0},"categories":[97,5214],"tags":[4444,2564,5329,5327,11419,73,11225,11184,5239,5328,5330],"_links":{"self":[{"href":"https:\/\/emlaktuel.com\/index.php?rest_route=\/wp\/v2\/posts\/8319"}],"collection":[{"href":"https:\/\/emlaktuel.com\/index.php?rest_route=\/wp\/v2\/posts"}],"about":[{"href":"https:\/\/emlaktuel.com\/index.php?rest_route=\/wp\/v2\/types\/post"}],"author":[{"embeddable":true,"href":"https:\/\/emlaktuel.com\/index.php?rest_route=\/wp\/v2\/users\/1"}],"replies":[{"embeddable":true,"href":"https:\/\/emlaktuel.com\/index.php?rest_route=%2Fwp%2Fv2%2Fcomments&post=8319"}],"version-history":[{"count":4,"href":"https:\/\/emlaktuel.com\/index.php?rest_route=\/wp\/v2\/posts\/8319\/revisions"}],"predecessor-version":[{"id":8326,"href":"https:\/\/emlaktuel.com\/index.php?rest_route=\/wp\/v2\/posts\/8319\/revisions\/8326"}],"wp:featuredmedia":[{"embeddable":true,"href":"https:\/\/emlaktuel.com\/index.php?rest_route=\/wp\/v2\/media\/8323"}],"wp:attachment":[{"href":"https:\/\/emlaktuel.com\/index.php?rest_route=%2Fwp%2Fv2%2Fmedia&parent=8319"}],"wp:term":[{"taxonomy":"category","embeddable":true,"href":"https:\/\/emlaktuel.com\/index.php?rest_route=%2Fwp%2Fv2%2Fcategories&post=8319"},{"taxonomy":"post_tag","embeddable":true,"href":"https:\/\/emlaktuel.com\/index.php?rest_route=%2Fwp%2Fv2%2Ftags&post=8319"}],"curies":[{"name":"wp","href":"https:\/\/api.w.org\/{rel}","templated":true}]}}