{"id":8314,"date":"2016-12-02T18:44:00","date_gmt":"2016-12-02T15:44:00","guid":{"rendered":"http:\/\/emlaktuel.com\/?p=8314"},"modified":"2018-07-05T15:21:53","modified_gmt":"2018-07-05T12:21:53","slug":"nico-rosberg-birakti","status":"publish","type":"post","link":"https:\/\/emlaktuel.com\/?p=8314","title":{"rendered":"Nico Rosberg, F1 kariyerini noktalad\u0131"},"content":{"rendered":"<p><img loading=\"lazy\" class=\"alignnone wp-image-8316\" src=\"http:\/\/emlaktuel.com\/wp-content\/uploads\/2016\/12\/rosb_will_08-1-300x225.jpg\" alt=\"Nico Rosberg b\u0131rakt\u0131!\" width=\"380\" height=\"285\" \/><\/p>\n<p>\u00c7ok de\u011fil, 6 g\u00fcn \u00f6nce kariyerindeki ilk Formula 1 \u015fampiyonlu\u011funu kazanan Mercedes pilotu Nico Rosberg, sosyal medya hesab\u0131ndan yapt\u0131\u011f\u0131 a\u00e7\u0131klamayla kariyerine son verdi\u011fini duyurdu.<\/p>\n<p>31 ya\u015f\u0131ndaki pilotun a\u00e7\u0131klamas\u0131 \u015f\u00f6yle: \u201c25 y\u0131ld\u0131r yar\u0131\u015f\u0131n i\u00e7indeyim ve tek r\u00fcyam Formula 1 d\u00fcnya \u015fampiyonu olmakt\u0131. S\u0131k\u0131 \u00e7al\u0131\u015fma, ac\u0131, fedakarl\u0131klar&#8230; Bu benim hedefimdi.<\/p>\n<p>Ve \u015fimdi bunu yapt\u0131m. Da\u011f\u0131ma t\u0131rmand\u0131m ve zirvedeyim. \u015eu anda hissetti\u011fim en g\u00fc\u00e7l\u00fc duygu bu r\u00fcyay\u0131 ger\u00e7ekle\u015ftirmemde bana destek olan herkese duydu\u011fum derin minnettarl\u0131k.\u201d Formula 1 tarihinde \u015fampiyon tamamlad\u0131\u011f\u0131 sezonun ard\u0131ndan emeklili\u011fini a\u00e7\u0131klayan son pilot 1993 y\u0131l\u0131nda Alain Prost olmu\u015ftu.<\/p>\n","protected":false},"excerpt":{"rendered":"<p>\u00c7ok de\u011fil, 6 g\u00fcn \u00f6nce kariyerindeki ilk Formula 1 \u015fampiyonlu\u011funu kazanan Mercedes pilotu Nico Rosberg, sosyal medya hesab\u0131ndan yapt\u0131\u011f\u0131 a\u00e7\u0131klamayla kariyerine son verdi\u011fini duyurdu. 31 ya\u015f\u0131ndaki pilotun a\u00e7\u0131klamas\u0131 \u015f\u00f6yle: \u201c25 y\u0131ld\u0131r yar\u0131\u015f\u0131n i\u00e7indeyim ve tek r\u00fcyam Formula 1 d\u00fcnya \u015fampiyonu olmakt\u0131. S\u0131k\u0131 \u00e7al\u0131\u015fma, ac\u0131, fedakarl\u0131klar&#8230; Bu benim hedefimdi. Ve \u015fimdi bunu yapt\u0131m. Da\u011f\u0131ma t\u0131rmand\u0131m ve [&hellip;]<\/p>\n","protected":false},"author":1,"featured_media":8316,"comment_status":"open","ping_status":"open","sticky":false,"template":"","format":"standard","meta":{"ngg_post_thumbnail":0},"categories":[5215],"tags":[258,11148,11464,11123,118],"_links":{"self":[{"href":"https:\/\/emlaktuel.com\/index.php?rest_route=\/wp\/v2\/posts\/8314"}],"collection":[{"href":"https:\/\/emlaktuel.com\/index.php?rest_route=\/wp\/v2\/posts"}],"about":[{"href":"https:\/\/emlaktuel.com\/index.php?rest_route=\/wp\/v2\/types\/post"}],"author":[{"embeddable":true,"href":"https:\/\/emlaktuel.com\/index.php?rest_route=\/wp\/v2\/users\/1"}],"replies":[{"embeddable":true,"href":"https:\/\/emlaktuel.com\/index.php?rest_route=%2Fwp%2Fv2%2Fcomments&post=8314"}],"version-history":[{"count":3,"href":"https:\/\/emlaktuel.com\/index.php?rest_route=\/wp\/v2\/posts\/8314\/revisions"}],"predecessor-version":[{"id":8318,"href":"https:\/\/emlaktuel.com\/index.php?rest_route=\/wp\/v2\/posts\/8314\/revisions\/8318"}],"wp:featuredmedia":[{"embeddable":true,"href":"https:\/\/emlaktuel.com\/index.php?rest_route=\/wp\/v2\/media\/8316"}],"wp:attachment":[{"href":"https:\/\/emlaktuel.com\/index.php?rest_route=%2Fwp%2Fv2%2Fmedia&parent=8314"}],"wp:term":[{"taxonomy":"category","embeddable":true,"href":"https:\/\/emlaktuel.com\/index.php?rest_route=%2Fwp%2Fv2%2Fcategories&post=8314"},{"taxonomy":"post_tag","embeddable":true,"href":"https:\/\/emlaktuel.com\/index.php?rest_route=%2Fwp%2Fv2%2Ftags&post=8314"}],"curies":[{"name":"wp","href":"https:\/\/api.w.org\/{rel}","templated":true}]}}