{"id":8311,"date":"2016-12-02T16:01:09","date_gmt":"2016-12-02T13:01:09","guid":{"rendered":"http:\/\/emlaktuel.com\/?p=8311"},"modified":"2018-07-05T15:21:51","modified_gmt":"2018-07-05T12:21:51","slug":"dev-proje-baskent-emlak-konutlari-basina-tanitildi","status":"publish","type":"post","link":"https:\/\/emlaktuel.com\/?p=8311","title":{"rendered":"Dev proje Ba\u015fkent Emlak Konutlar\u0131 bas\u0131na tan\u0131t\u0131ld\u0131"},"content":{"rendered":"<div>\n<div id=\"haberdetaybaslik\">\n<h1><\/h1>\n<\/div>\n<\/div>\n<div>\n<div>\n<div><img loading=\"lazy\" src=\"http:\/\/www.emlakdream.com\/haber_resim\/murathaber.jpg\" alt=\"Dev proje Ba\u015fkent Emlak Konutlar\u0131 n\u0131n lansman\u0131 yap\u0131ld\u0131\" width=\"630\" height=\"360\" border=\"0\" \/><\/div>\n<p><span style=\"color: #2e2e2e;\">Emlak Konut&#8217;un, Ankara\u2019n\u0131n \u00c7ankaya il\u00e7esinde hayata ge\u00e7ecek olan dev projesi Ba\u015fkent Emlak Konutlar\u0131\u2019n\u0131n bug\u00fcn lansman\u0131 yap\u0131ld\u0131. Emlak Konut GYO\u2019nun Ata\u015fehir\u2019deki Genel M\u00fcd\u00fcrl\u00fc\u011f\u00fc\u2019nde d\u00fczenlenen bas\u0131n toplant\u0131s\u0131na <strong>Emlak Konut GYO Genel M\u00fcd\u00fcr\u00fc Murat Kurum<\/strong>\u2019un yan\u0131 s\u0131ra projenin reklam y\u00fcz\u00fc olan <strong>Mustafa Ceceli<\/strong>\u2019de kat\u0131ld\u0131.<\/p>\n<p><strong>Proje \u00f6zellikleri<\/strong><br \/>\nAnkara&#8217;da \u00c7ankaya\u2019n\u0131n M\u00fchye Mahallesi\u2019nde yer alacak olan Ba\u015fkent Emlak Konutlar\u0131 toplamda 202 bin metrekare alan \u00fczerinde 1.504 ba\u011f\u0131ms\u0131z b\u00f6l\u00fcmden olu\u015fuyor. \u015eehir ya\u015fam\u0131n\u0131 ye\u015fil ile i\u00e7 i\u00e7e sunan Ba\u015fkent Emlak Konutlar\u0131\u2019nda <strong>1+1, 2+1, 3+1, 4+1, 5+1 dubleks ve 6+1 dubleks <\/strong>tiplerinde 1.478 adet konut ile birlikte 26 adet ticaret birimi yer al\u0131yor.<br \/>\nBa\u015fkent Emlak Konutlar\u0131\u2019nda sat\u0131\u015fa \u00e7\u0131kar\u0131lan <strong>1.504 ba\u011f\u0131ms\u0131z b\u00f6l\u00fcm\u00fcn yan\u0131 s\u0131ra projede kentsel d\u00f6n\u00fc\u015f\u00fcm kapsam\u0131nda hak sahiplerine verilecek olan 492 konut daha yer al\u0131yor. <\/strong><\/span><\/p>\n<p><span style=\"color: #2e2e2e;\"><strong><span style=\"color: #2e2e2e;\">Daire b\u00fcy\u00fckl\u00fckleri:<br \/>\nToplamda 202 bin metrekare alan \u00fczerinde in\u015fa edilen projede 10 adet 1+1, 388 adet 2+1, 788 adet 3+1, 285 adet 4+1, 5 adet 5+1 dubleks ve 2 adet de 6+1 dubleks daire bulunuyor.<br \/>\nBa\u015fkent Emlak Konutlar\u0131\u2019nda 1+1 konutlar 70,68 \u2013 77,52 m\u00b2, 2+1 konutlar 93,91 \u2013 159,75 m\u00b2, 3+1 konutlar 152,54 \u2013 252,66 m\u00b2, 4+1 konutlar 192,79 \u2013 220,13 m\u00b2, 5+1 dubleks konutlar 332,93 \u2013 345,44 m\u00b2 ve 6+1 dubleks konutlar ise 349,10 \u2013 350,97 m\u00b2 b\u00fcy\u00fckl\u00fc\u011fe sahip.<br \/>\n<\/span><br \/>\nFiyatlar \u015f\u00f6yle:<\/strong><br \/>\nY\u00fczde 10 pe\u015finat 15 y\u0131l vade ve 850 TL\u2019den ba\u015flayan cazip \u00f6deme ko\u015fullar\u0131n\u0131n bulundu\u011fu projede \u00f6demeler ise teslimden sonra ba\u015fl\u0131yor. Ba\u015fkent Emlak Konutlar\u0131 projesindeki daire fiyatlar\u0131 ise <strong>396 bin TL ile 1 milyon TL<\/strong> aras\u0131nda de\u011fi\u015fiyor.<br \/>\nBas\u0131n toplant\u0131s\u0131nda konu\u015fan <strong>Emlak Konut GYO Genel M\u00fcd\u00fcr\u00fc Murat Kurum<\/strong>, \u201cAnkara\u2019m\u0131za, halen devam etmekte oldu\u011fumuz \u00fc\u00e7 gelir payla\u015f\u0131m\u0131 projemizle birlikte Emlak Konut markas\u0131n\u0131 ve tecr\u00fcbesini daha \u00f6nce ta\u015f\u0131m\u0131\u015ft\u0131k. Bug\u00fcn de, ilk anahtar teslimi projemizi k\u0131ymetli Ba\u015fkentlilere sunmaktan b\u00fcy\u00fck bir heyecan ve mutluluk duyuyorum.\u201ddedi.<\/p>\n<p><strong>Ankara\u2019n\u0131n ekonomisini destekleyecek.<\/strong><br \/>\nKurum \u201cProjelerimizde ikamet eden vatanda\u015flar\u0131m\u0131z\u0131n hassasiyetlerine azami \u00f6zen g\u00f6sterdik ve hayatlar\u0131n\u0131 kolayla\u015ft\u0131rabilecek sosyal tesisleri, ye\u015fil alanlar, parklar, okul ve cami alanlar\u0131n\u0131 projelerimiz kapsam\u0131nda geli\u015ftirmeye \u00f6nem verdik. 202 bin metrekare alan \u00fczerinde hayata ge\u00e7irdi\u011fimiz projemizde Kentsel D\u00f6n\u00fc\u015f\u00fcm kapsam\u0131nda hak sahiplerine 98 ile 135 metrekare aras\u0131nda de\u011fi\u015fen<strong> 492 adet 3+1 daire <\/strong>ay\u0131r\u0131yoruz. Kentsel d\u00f6n\u00fc\u015f\u00fcm i\u00e7in ayr\u0131lan konutlar\u0131n haricinde projede <strong>1.478 adet konut ve 26 adet ticaret birimi olmak \u00fczere toplamda 1.504 adet ba\u011f\u0131ms\u0131z b\u00f6l\u00fcm sat\u0131\u015fa sunulmaktad\u0131r. Projemizde 71 m2\u2019lik 1+1 konutlardan, 351 m2 b\u00fcy\u00fckl\u00fc\u011fe ula\u015fan 6+1 dubleks konutlara kadar \u00e7ok farkl\u0131 konut alternatifleri bulunuyor. Y\u00fczde 10 pe\u015finat 15 y\u0131l vade ve 850 TL<\/strong>\u2019den ba\u015flayan cazip \u00f6deme ko\u015fullar\u0131 sundu\u011fumuz projemizde \u00f6demeler ise teslimden sonra ba\u015flayacak. Ankara\u2019n\u0131n geli\u015fimine, istihdam\u0131na, ekonomisine katk\u0131 sa\u011flayacak Ba\u015fkent Emlak Konutlar\u0131 ile \u00fclkemizin Ba\u015fkentine hizmet etmekten b\u00fcy\u00fck bir onur ve heyecan duyuyoruz.\u201d dedi.<\/p>\n<p><strong>\u00a0Murat Kurum konu\u015fmas\u0131na \u015f\u00f6yle devam etti:<\/strong><br \/>\n&#8220;Bildi\u011finiz gibi Kas\u0131m ay\u0131 i\u00e7erisinde ger\u00e7ekle\u015ftirdi\u011fimiz sat\u0131\u015f rakamlar\u0131n\u0131 hen\u00fcz a\u00e7\u0131klad\u0131k. Ay i\u00e7inde Gebze\u2019de anahtar teslim modeline g\u00f6re geli\u015ftirdi\u011fimiz ve sat\u0131\u015fa sundu\u011fumuz yeni projemiz \u201cGebze Emlak Konutlar\u0131 3.Etap\u201d yo\u011fun bir ilgi g\u00f6rd\u00fc. Olu\u015fan bu talep ve sonucunda ger\u00e7ekle\u015ftirdi\u011fimiz kural\u0131 sat\u0131\u015f ile projenin neredeyse tamam\u0131n\u0131n sat\u0131\u015f\u0131n\u0131 yapm\u0131\u015f olduk. S\u00f6z konusu projemizde yakalad\u0131\u011f\u0131m\u0131z ba\u015far\u0131 ve devam etmekte olan di\u011fer projelerimizdeki sat\u0131\u015flarla, Kas\u0131m ay\u0131nda 2.205 ba\u011f\u0131ms\u0131z b\u00f6l\u00fcm\u00fcn sat\u0131\u015f\u0131n\u0131 yapt\u0131k. B\u00f6ylece y\u0131l\u0131n ba\u015f\u0131ndan bug\u00fcne kadar toplam sat\u0131\u015f adedimiz 8.926 adete, sat\u0131\u015f de\u011feri toplam\u0131m\u0131z ise 6,2 milyar TL\u2019ye ula\u015fm\u0131\u015f oldu. Gelinen bu noktada, inan\u0131yorum ki, Emlak Konut olarak 2016 y\u0131l\u0131 i\u00e7in belirlemi\u015f oldu\u011fumuz 7,6 milyar TL de\u011ferinde 11 bin ba\u011f\u0131ms\u0131z b\u00f6l\u00fcm sat\u0131\u015f\u0131 hedefine art\u0131k biraz daha yak\u0131n\u0131z. \u201cBa\u015fkent Emlak Konutlar\u0131\u201d projemizde ger\u00e7ekle\u015fecek sat\u0131\u015flar\u0131n, Aral\u0131k ay\u0131nda hedefimize ula\u015fma konusunda bize katk\u0131 sa\u011flayaca\u011f\u0131n\u0131 d\u00fc\u015f\u00fcn\u00fcyorum. \u201c<br \/>\n<img src=\"http:\/\/www.emlakdream.com\/images\/image\/ankarasonn.jpg\" alt=\"\" \/><\/span><\/p>\n<p><span style=\"color: #2e2e2e;\"><span style=\"color: #2e2e2e;\"><img src=\"http:\/\/www.emlakdream.com\/images\/image\/1480672940_ANKARA_BA__KENT_RENDERLAR__9_.jpg\" alt=\"\" \/><\/span><br \/>\n<strong>TAR\u0130\u015e arazisine Galatasaray modeli<\/strong><br \/>\nMurat Kurum konu\u015fmas\u0131nda \u0130zmir&#8217;deki TAR\u0130\u015e arazisine de de\u011findi.<br \/>\nKurum, Alsancak&#8217;ta ger\u00e7ekle\u015fecek projeden elde edilen gelirin y\u00fczde 80&#8217;inin TAR\u0130\u015e&#8217;e b\u0131rak\u0131laca\u011f\u0131n\u0131 y\u00fczde 20&#8217;sinin ise Emla Konut&#8217;a kalaca\u011f\u0131n\u0131 belirtti.<br \/>\nMurat Kurum \u015funlar\u0131 s\u00f6yledi:<br \/>\nTAR\u0130\u015e\u2019in \u00fcye say\u0131s\u0131 600 bine ula\u015f\u0131yor. Bu proje \u0130zmir\u2019de tar\u0131mla ilgili i\u015f yapanlar\u0131 yak\u0131ndan ilgilendiriyor. Birlikleri bulundu\u011fu bu s\u0131k\u0131nt\u0131l\u0131 durumdan kurtarmak ad\u0131na hem de emlak konutun t\u00fcketici anlamda da bir g\u00fcven duygusu in\u015fa etti\u011fini d\u00fc\u015f\u00fcn\u00fcyorum. O anlamda TAR\u0130\u015e\u0130 birlikleri ad\u0131na ne varsa yapmak i\u00e7in orday\u0131z. \u0130zmir\u2019in yeni bir kent merkezi olu\u015fuyor. Alsancak\u2019ta eski sanayi b\u00f6lgesinde ve liman\u0131n arkas\u0131nda yer al\u0131yor. Lokasyon olarak da k\u0131ymetli bir yer. Protokolle buradaki gelirin y\u00fczde 80\u2019inin biliyorsunuz daha \u00f6nce Galatasaray\u2019la yapm\u0131\u015ft\u0131k. <strong>Y\u00fczde 80\u2019ini birlikler ad\u0131na y\u00fczde 20\u2019sini Emlak Konut ad\u0131na geli\u015ftiriyor olaca\u011f\u0131z.<\/strong> Bizim toplam sat\u0131\u015f beklentimiz 2-3 milyar seviyelerinde olacakt\u0131r diye d\u00fc\u015f\u00fcn\u00fcyoruz. Bu hem Ege\u2019deki tar\u0131m i\u015f\u00e7ileri ad\u0131na hem de \u0130zmir ad\u0131na \u00f6nemli bir proje.&#8221; diye konu\u015ftu.<\/p>\n<p><img src=\"http:\/\/www.emlakdream.com\/images\/image\/emlakkkkonutt.jpg\" alt=\"\" \/><br \/>\n<strong>\u00a0Burhaniye&#8217;de konut projesi \u00e7al\u0131\u015fmas\u0131\u00a0<\/strong><br \/>\n\u0130zmir&#8217;in yan\u0131 s\u0131ra Burhaniye&#8217;ye ili\u015fkin de bir \u00e7al\u0131\u015fmalar\u0131n\u0131n oldu\u011funu s\u00f6yleyen Murat Kurum, &#8220;Burhaniye\u2019yle ilgili bir \u00e7al\u0131\u015fma yap\u0131yoruz. Daha protokol olu\u015fmad\u0131. <strong>Merkezde denize s\u0131f\u0131r alanda orta ve orta \u00fcst kesime hitap bir proje geli\u015ftirmek istiyorlar. <\/strong>Bizimle g\u00f6r\u00fc\u015ft\u00fcler. A\u00e7\u0131k\u00e7as\u0131 biz de bir \u00e7al\u0131\u015fma yapt\u0131k ancak a\u00e7\u0131k\u00e7as\u0131 \u015fuan protokol s\u00f6z konusu de\u011fil. \u00c7al\u0131\u015fmalar\u0131m\u0131z s\u00fcr\u00fcyor. Olursa \u0130zmir benzeri protokol olacak. Anadolu\u2019da ihtiya\u00e7 duyulan her ile gidece\u011fiz.&#8221;dedi.<\/span><\/p>\n<p><span style=\"color: #2e2e2e;\"><\/p>\n<p><strong>Emlak konut kar\u0131na kar katt\u0131<\/strong><br \/>\nMurat Kurum ayr\u0131ca Emlak Konut&#8217;un y\u0131l sonunda gelirinin hedefin \u00fcst\u00fcne \u00e7\u0131kaca\u011f\u0131n\u0131 s\u00f6ledi. Kurum, &#8221; <strong>Y\u0131lsonu kar\u0131n\u0131 bir 500\u2019den bir 800\u2019e \u00e7\u0131kard\u0131k<\/strong> evet. Bir aksilik olmad\u0131\u011f\u0131 s\u00fcrece yakalayaca\u011f\u0131z ufak da olsa \u00fcst\u00fcne \u00e7\u0131kaca\u011f\u0131z. Sat\u0131\u015f rakamlar\u0131nda aksilik olmazsa hedeflerimizi yakalayaca\u011f\u0131z. &#8220;\u015feklinde konu\u015ftu.<br \/>\n<img src=\"http:\/\/www.emlakdream.com\/images\/image\/ankarabes.jpg\" alt=\"\" \/><\/p>\n<p><strong>Bas\u0131n toplant\u0131s\u0131nda g\u00f6r\u00fc\u015flerini dile getiren Mustafa Ceceli ise \u015funlar\u0131 s\u00f6yledi:<\/strong><br \/>\n\u201cAnkara do\u011fumluyum, 20 ya\u015f\u0131na kadar da orada oturdum. Projenin ger\u00e7ekle\u015ftirildi\u011fi M\u00fchye\u2019nin az ilerisinde Sancak Mahallesi vard\u0131r.\u00a0 Emlak Konut GYO Genel M\u00fcd\u00fcr\u00fc Murat Kurum projeyi tarif ederken kendisine de projenin 1 km \u00f6tesinde oturdu\u011fumu s\u00f6yledim. Benim a\u00e7\u0131mdan do\u011fdu\u011fum b\u00fcy\u00fcd\u00fc\u011f\u00fcm yerde olmas\u0131n\u0131n duygusal bir yan\u0131 da var. Bu anlamda bu projede olmaktan memnuniyet duyuyorum. Reklamlar d\u00fcn ak\u015fam itibariyle yay\u0131nlanmaya ba\u015flad\u0131 ama etkisi benim a\u00e7\u0131mdan \u00e7ok h\u0131zl\u0131 oldu. Sabah ekmek almaya gitti\u011fim bakkal bile \u2018d\u00fcn ak\u015fam seni televizyonda reklam filminde seni g\u00f6rd\u00fck\u2019 dedi. Hatta baz\u0131 arkada\u015flar\u0131m arayarak projede nas\u0131l yer alabileceklerini dahi sordu. Ben de projede yer almay\u0131 elbette ki d\u00fc\u015f\u00fcn\u00fcyorum. Bug\u00fcne kadar pek \u00e7ok sekt\u00f6rden ve bir\u00e7ok \u015firketten reklam teklifi ald\u0131m ancak \u00e7o\u011funu geri \u00e7evirdim. \u0130nsan\u0131n ya\u015fama hakk\u0131ndan sonra en de\u011ferli hakk\u0131n\u0131n bar\u0131nma hakk\u0131 oldu\u011funu d\u00fc\u015f\u00fcn\u00fcyorum. Ayr\u0131ca projenin do\u011fup b\u00fcy\u00fcd\u00fc\u011f\u00fcm yere de \u00e7ok yak\u0131n olmas\u0131ndan ve Emlak Konut\u2019un g\u00fcvenilirli\u011finden \u00f6t\u00fcr\u00fc Ba\u015fkent Emlak Konutlar\u0131\u2019n\u0131n reklam filminde yer ald\u0131m.\u201d<\/p>\n<p><strong>Ba\u015fkent Emlak Konutlar\u0131&#8217;n\u0131n sosyal donat\u0131lar\u0131<\/strong><br \/>\nBa\u015fkent Emlak Konutlar\u0131\u2019nda 2 adet kapal\u0131 havuz, <strong>2 adet kapal\u0131 \u00e7ocuk havuzu, 2 adet fitness alan\u0131 ile birlikte farkl\u0131 etkinliklerin yap\u0131laca\u011f\u0131 st\u00fcdyolar, buhar odas\u0131, sauna<\/strong> gibi alanlar\u0131n da i\u00e7inde yer ald\u0131\u011f\u0131 kapsaml\u0131 bir sosyal merkez olu\u015fturuluyor.<br \/>\nBitkisel d\u00fczenlemelerle projedeki alan\u0131n bir\u00e7ok yerinde peyzaj \u00e7al\u0131\u015fmas\u0131 ile ye\u015fil ile i\u00e7 i\u00e7e bir proje planland\u0131. Ba\u015fkent Emlak Konutlar\u0131\u2019n\u0131n sosyal donat\u0131 kapsam\u0131nda <strong>3 adet cami, 1 adet ilk\u00f6\u011fretim okulu, 1 adet sa\u011fl\u0131k tesisi ve 48.000 metrekare i\u00e7erisinde park alan\u0131 <\/strong>site sakinlerinin hizmetinde olacak.<br \/>\nBa\u015fkent Emlak Konutlar\u0131 projesindeki t\u00fcm parsellerde a\u00e7\u0131k ve kapal\u0131 otoparklar bulunurken kapal\u0131 otopark alanlar\u0131 binalar ile direk ba\u011flant\u0131l\u0131 olacak \u015fekilde tasarland\u0131. \u00a0Yere kadar uzanan camlar ile konut i\u00e7lerinde ayd\u0131nl\u0131k ve ferahl\u0131k oran\u0131 artt\u0131r\u0131l\u0131rken, temperli lamine camlar tercih edilerek g\u00fcvenlik \u00f6nlemleri al\u0131nd\u0131.<\/p>\n<p><\/span><\/p>\n<\/div>\n<\/div>\n<p>&nbsp;<\/p>\n","protected":false},"excerpt":{"rendered":"<p>Emlak Konut&#8217;un, Ankara\u2019n\u0131n \u00c7ankaya il\u00e7esinde hayata ge\u00e7ecek olan dev projesi Ba\u015fkent Emlak Konutlar\u0131\u2019n\u0131n bug\u00fcn lansman\u0131 yap\u0131ld\u0131. Emlak Konut GYO\u2019nun Ata\u015fehir\u2019deki Genel M\u00fcd\u00fcrl\u00fc\u011f\u00fc\u2019nde d\u00fczenlenen bas\u0131n toplant\u0131s\u0131na Emlak Konut GYO Genel M\u00fcd\u00fcr\u00fc Murat Kurum\u2019un yan\u0131 s\u0131ra projenin reklam y\u00fcz\u00fc olan Mustafa Ceceli\u2019de kat\u0131ld\u0131. Proje \u00f6zellikleri Ankara&#8217;da \u00c7ankaya\u2019n\u0131n M\u00fchye Mahallesi\u2019nde yer alacak olan Ba\u015fkent Emlak Konutlar\u0131 toplamda 202 [&hellip;]<\/p>\n","protected":false},"author":1,"featured_media":8312,"comment_status":"open","ping_status":"open","sticky":false,"template":"","format":"standard","meta":{"ngg_post_thumbnail":0},"categories":[221,1,219,97],"tags":[11170,62,459,78,4505,11475,80,5326,11342,106,11125],"_links":{"self":[{"href":"https:\/\/emlaktuel.com\/index.php?rest_route=\/wp\/v2\/posts\/8311"}],"collection":[{"href":"https:\/\/emlaktuel.com\/index.php?rest_route=\/wp\/v2\/posts"}],"about":[{"href":"https:\/\/emlaktuel.com\/index.php?rest_route=\/wp\/v2\/types\/post"}],"author":[{"embeddable":true,"href":"https:\/\/emlaktuel.com\/index.php?rest_route=\/wp\/v2\/users\/1"}],"replies":[{"embeddable":true,"href":"https:\/\/emlaktuel.com\/index.php?rest_route=%2Fwp%2Fv2%2Fcomments&post=8311"}],"version-history":[{"count":1,"href":"https:\/\/emlaktuel.com\/index.php?rest_route=\/wp\/v2\/posts\/8311\/revisions"}],"predecessor-version":[{"id":8313,"href":"https:\/\/emlaktuel.com\/index.php?rest_route=\/wp\/v2\/posts\/8311\/revisions\/8313"}],"wp:featuredmedia":[{"embeddable":true,"href":"https:\/\/emlaktuel.com\/index.php?rest_route=\/wp\/v2\/media\/8312"}],"wp:attachment":[{"href":"https:\/\/emlaktuel.com\/index.php?rest_route=%2Fwp%2Fv2%2Fmedia&parent=8311"}],"wp:term":[{"taxonomy":"category","embeddable":true,"href":"https:\/\/emlaktuel.com\/index.php?rest_route=%2Fwp%2Fv2%2Fcategories&post=8311"},{"taxonomy":"post_tag","embeddable":true,"href":"https:\/\/emlaktuel.com\/index.php?rest_route=%2Fwp%2Fv2%2Ftags&post=8311"}],"curies":[{"name":"wp","href":"https:\/\/api.w.org\/{rel}","templated":true}]}}