{"id":8293,"date":"2016-12-02T13:28:35","date_gmt":"2016-12-02T10:28:35","guid":{"rendered":"http:\/\/emlaktuel.com\/?p=8293"},"modified":"2018-07-05T15:21:38","modified_gmt":"2018-07-05T12:21:38","slug":"agaoglu-maslak-1453te-dunya-capinda-bir-ortaklik","status":"publish","type":"post","link":"https:\/\/emlaktuel.com\/?p=8293","title":{"rendered":"A\u011fao\u011flu Maslak 1453&#8217;te d\u00fcnya \u00e7ap\u0131nda bir ortakl\u0131k!"},"content":{"rendered":"<h1 class=\"news-detail-title selectionShareable\">A\u011fao\u011flu Maslak 1453\u2019te global bir i\u015fbirli\u011fi yap\u0131ld\u0131. Suudi Abduljawad Holding sat\u0131n ald\u0131\u011f\u0131 bir kuleyi i\u015fletmesi i\u00e7in Taylandl\u0131 Dusit\u2019le anla\u015ft\u0131&#8230;<\/h1>\n<p><img loading=\"lazy\" class=\"alignnone  wp-image-3394\" src=\"http:\/\/emlaktuel.com\/wp-content\/uploads\/2016\/07\/agaoglu-maslak-1453-istanbul_9174-1-300x120.jpg\" alt=\"agaoglu-maslak-1453-istanbul_9174-1\" width=\"560\" height=\"224\" \/><\/p>\n<div class=\"clear\"><\/div>\n<p>A\u011fao\u011flu \u015eirketler Grubu&#8217;nun Maslak 1453 projesi, d\u00fcnya \u00e7ap\u0131nda bir ortakl\u0131\u011fa ev sahipli\u011fi yapt\u0131. Projeden in\u015faat a\u015famas\u0131nda iki kule alan Suudi Arabistanl\u0131 Abduljawad Holding, bir kulenin i\u015fletmesi i\u00e7in Tayland merkezli l\u00fcks rezidans i\u015fletmecisi Dusit Thani International ile anla\u015ft\u0131. Anla\u015fman\u0131n d\u00fcnyaya \u00f6rnek oldu\u011funu belirten A\u011fao\u011flu \u015eirketler Grubu Y\u00f6netim Kurulu Ba\u015fkan\u0131 Ali A\u011fao\u011flu, &#8220;Bug\u00fcn yakla\u015f\u0131k 250 milyon dolar de\u011ferinde bir yabanc\u0131 yat\u0131r\u0131m\u0131 konu\u015fuyoruz. Bu giri\u015fimin maddi de\u011feri kadar sembolik de\u011feri de \u00e7ok \u00f6nemli&#8221; dedi. A\u011fao\u011flu, \u015f\u00f6yle konu\u015ftu: &#8220;Kredi derecelendirme kurulu\u015flar\u0131n\u0131n masa ba\u015f\u0131nda de\u011ferlendirme yapt\u0131\u011f\u0131n\u0131 g\u00f6r\u00fcyoruz. \u0130stedikleri kadar &#8216;T\u00fcrkiye riskli&#8217; desinler. T\u00fcrkiye&#8217;den \u00e7\u0131kmay\u0131 d\u00fc\u015f\u00fcnenlere de tokat gibi cevap bu masada at\u0131lacak imzalard\u0131r.&#8221;<\/p>\n<p>Avrupa&#8217;ya \u0130stanbul&#8217;dan a\u00e7\u0131ld\u0131<\/p>\n<p>Abduljawad Holding Y\u00f6netim Kurulu Ba\u015fkan\u0131 Ehsan Abduljawad ise &#8220;D\u00fcnyan\u0131n d\u00f6rt bir yan\u0131ndan gelecek ziyaret\u00e7iler i\u00e7in zarif bir misafirperverlik \u0131\u015f\u0131\u011f\u0131 olacak&#8221; dedi. Dusit International Grup CEO&#8217;su Suphajee Suthumpun da T\u00fcrkiye&#8217;ye g\u00fcvendiklerini belirtti.<\/p>\n<h2>Emlak Konut&#8217;un kasas\u0131na 3 misli fazla para soktuk<\/h2>\n<p>Maslak 1453&#8217;\u00fc Emlak Konut GYO ile has\u0131lat payla\u015f\u0131m\u0131yla in\u015fa ettiklerini hat\u0131rlatan A\u011fao\u011flu, &#8220;Emlak Konut&#8217;un kasas\u0131na s\u00f6z verdi\u011fimizin 3 mislisi para soktuk. Projeyi baltalamak isteyenlerle m\u00fccadele ede ede bug\u00fcnlere geldik. Biz kazand\u0131k, devlet kazand\u0131, yat\u0131r\u0131mc\u0131m\u0131z kazand\u0131&#8221; dedi.<\/p>\n<h2>\u00dcniversite kamp\u00fcs\u00fc geliyor<\/h2>\n<p>Ali A\u011fao\u011flu, &#8220;Maslak 1453&#8217;te eyl\u00fclden bu yana ya\u015fam ba\u015flad\u0131. May\u0131s ay\u0131na kadar teslimleri tamaml\u0131yoruz. Ayr\u0131ca T\u00fcrkiye&#8217;nin en modern ve ileri teknoloji ile donat\u0131lm\u0131\u015f \u00fcniversite kamp\u00fcs\u00fc hizmete girecek. Yerli ve yabanc\u0131 markalar \u015fimdiden Maslak 1453&#8217;te yer kapmak i\u00e7in s\u0131raya girdi&#8221; diye konu\u015ftu.<\/p>\n<h2>TMSF&#8217;nin sataca\u011f\u0131 \u015firketlerle ilgileniriz<\/h2>\n<p>Ali A\u011fao\u011flu, FET\u00d6\/PDY ili\u015fkisi iddias\u0131yla Tasarruf Mevduat\u0131 Sigorta Fonu&#8217;na (TMSF) devredilen ve sat\u0131\u015fa \u00e7\u0131kar\u0131lacak in\u015faat \u015firketleriyle \u015fartlara ba\u011fl\u0131 olarak ilgilenebileceklerini belirtti. A\u011fao\u011flu, &#8220;Ancak bu \u015firketlerin ba\u015flam\u0131\u015f ya da bir k\u0131sm\u0131 tamamlanm\u0131\u015f de\u011fil, hen\u00fcz ba\u015flamam\u0131\u015f projelerine yat\u0131r\u0131m yapabililiriz&#8221; ifadelerini kulland\u0131.<\/p>\n<p>Sabah \/ Seda Tabak<\/p>\n","protected":false},"excerpt":{"rendered":"<p>A\u011fao\u011flu Maslak 1453\u2019te global bir i\u015fbirli\u011fi yap\u0131ld\u0131. Suudi Abduljawad Holding sat\u0131n ald\u0131\u011f\u0131 bir kuleyi i\u015fletmesi i\u00e7in Taylandl\u0131 Dusit\u2019le anla\u015ft\u0131&#8230; A\u011fao\u011flu \u015eirketler Grubu&#8217;nun Maslak 1453 projesi, d\u00fcnya \u00e7ap\u0131nda bir ortakl\u0131\u011fa ev sahipli\u011fi yapt\u0131. Projeden in\u015faat a\u015famas\u0131nda iki kule alan Suudi Arabistanl\u0131 Abduljawad Holding, bir kulenin i\u015fletmesi i\u00e7in Tayland merkezli l\u00fcks rezidans i\u015fletmecisi Dusit Thani International ile [&hellip;]<\/p>\n","protected":false},"author":1,"featured_media":3394,"comment_status":"open","ping_status":"open","sticky":false,"template":"","format":"standard","meta":{"ngg_post_thumbnail":0},"categories":[5216,221,1,26,5217,97],"tags":[253,11472,2540,5310,5311,5312,11522,258,459,78,11160,80,3965],"_links":{"self":[{"href":"https:\/\/emlaktuel.com\/index.php?rest_route=\/wp\/v2\/posts\/8293"}],"collection":[{"href":"https:\/\/emlaktuel.com\/index.php?rest_route=\/wp\/v2\/posts"}],"about":[{"href":"https:\/\/emlaktuel.com\/index.php?rest_route=\/wp\/v2\/types\/post"}],"author":[{"embeddable":true,"href":"https:\/\/emlaktuel.com\/index.php?rest_route=\/wp\/v2\/users\/1"}],"replies":[{"embeddable":true,"href":"https:\/\/emlaktuel.com\/index.php?rest_route=%2Fwp%2Fv2%2Fcomments&post=8293"}],"version-history":[{"count":3,"href":"https:\/\/emlaktuel.com\/index.php?rest_route=\/wp\/v2\/posts\/8293\/revisions"}],"predecessor-version":[{"id":8296,"href":"https:\/\/emlaktuel.com\/index.php?rest_route=\/wp\/v2\/posts\/8293\/revisions\/8296"}],"wp:featuredmedia":[{"embeddable":true,"href":"https:\/\/emlaktuel.com\/index.php?rest_route=\/wp\/v2\/media\/3394"}],"wp:attachment":[{"href":"https:\/\/emlaktuel.com\/index.php?rest_route=%2Fwp%2Fv2%2Fmedia&parent=8293"}],"wp:term":[{"taxonomy":"category","embeddable":true,"href":"https:\/\/emlaktuel.com\/index.php?rest_route=%2Fwp%2Fv2%2Fcategories&post=8293"},{"taxonomy":"post_tag","embeddable":true,"href":"https:\/\/emlaktuel.com\/index.php?rest_route=%2Fwp%2Fv2%2Ftags&post=8293"}],"curies":[{"name":"wp","href":"https:\/\/api.w.org\/{rel}","templated":true}]}}