{"id":8257,"date":"2016-12-01T13:20:14","date_gmt":"2016-12-01T10:20:14","guid":{"rendered":"http:\/\/emlaktuel.com\/?p=8257"},"modified":"2018-07-05T15:21:11","modified_gmt":"2018-07-05T12:21:11","slug":"emlak-konut-gyodan-izmir-alsancakta-dev-proje-uretecek","status":"publish","type":"post","link":"https:\/\/emlaktuel.com\/?p=8257","title":{"rendered":"Emlak Konut GYO, \u0130zmir Alsancak&#8217;ta dev proje \u00fcretecek"},"content":{"rendered":"<div class=\"row mb10\">\n<div class=\"col-lg-12 col-md-12 col-sm-12\">\n<h1 class=\"news-title\"><img loading=\"lazy\" class=\"alignnone  wp-image-8280\" src=\"http:\/\/emlaktuel.com\/wp-content\/uploads\/2016\/12\/emlak-konut-izmir-alsancak-ta-dev-proje-uretecek-300x173.jpg\" alt=\"emlak-konut-izmir-alsancak-ta-dev-proje-uretecek\" width=\"421\" height=\"243\" \/><\/h1>\n<h1 class=\"news-title\">Emlak Konut GYO ve Tari\u015f Koorperatif Birlikleri aras\u0131nda 1 Aral\u0131k 2016\u2019da imzalanan protokol ile Emlak Konut GYO, \u0130zmir Alsancak\u2019ta Liman Arkas\u0131 olarak bilinen b\u00f6lgede yeni bir proje geli\u015ftirecek.<\/h1>\n<\/div>\n<\/div>\n<p>Toplamda 140 bin metrekare alan b\u00fcy\u00fckl\u00fc\u011fe sahip \u0130zmir Liman Arkas\u0131 b\u00f6lgesindeki proje turizm, ticaret ve k\u00fclt\u00fcr odakl\u0131 olacak \u015fekilde tasarlan\u0131yor. Yakla\u015f\u0131k 820 milyon TL has\u0131lat \u00f6ng\u00f6r\u00fclen proje ile \u0130zmir\u2019in at\u0131l kalm\u0131\u015f olan bu k\u0131sm\u0131n\u0131 kentin kullan\u0131m\u0131na kazand\u0131r\u0131lmas\u0131, fiziksel ve g\u00f6rsel a\u00e7\u0131dan sa\u011fl\u0131kl\u0131 mekanlar olu\u015fturulmas\u0131 ve \u015fehrin kentsel ya\u015fam standard\u0131n\u0131 artt\u0131r\u0131lmas\u0131 hedeflenmektedir. D\u00fczenlenen imza t\u00f6reninde Emlak Konut GYO Y\u00f6netim Kurulu Ba\u015fkan\u0131 ve Emlak Konut GYO Genel M\u00fcd\u00fcr\u00fc Murat Kurum ile birlikte Tari\u015f Zeytin ve Zeytinya\u011f\u0131 Tar\u0131m Sat\u0131\u015f Kooperatifleri Birli\u011fi Ba\u015fkan\u0131 H\u00fcseyin Cahit \u00c7etin, Tari\u015f \u0130ncir Tar\u0131m Sat\u0131\u015f Kooperatifleri Birli\u011fi Ba\u015fkan\u0131 Mustafa Bircan, Tari\u015f Pamuk ve Ya\u011fl\u0131 Tohumlar Tar\u0131m Sat\u0131\u015f Kooperatifleri Birli\u011fi Ba\u015fkan Yard\u0131mc\u0131s\u0131 Faruk Ayd\u0131n ve Yemta A.\u015e Y\u00f6netim Kurulu Ba\u015fkan\u0131 G\u00fcltekin \u00d6zbek bulundu.<\/p>\n<p><strong>\u0130zmir\u2019in kent ya\u015fam\u0131na y\u00f6n verecek tarihi imza<\/strong><\/p>\n<p>Protokol imza t\u00f6reninde projeye dair g\u00f6r\u00fc\u015flerini belirten Emlak Konut GYO Genel M\u00fcd\u00fcr\u00fc Murat Kurum: \u0130zmir\u2019in kent ya\u015fam\u0131na y\u00f6n verecek nitelikteki bu proje i\u00e7in bug\u00fcn Tari\u015f Kooperatif Birlikleri ile birlikte tarihi bir imza at\u0131yoruz. \u00dclkemizin en de\u011ferli \u015fehirlerinden \u0130zmir\u2019in g\u00fczelli\u011fine g\u00fczellik katacak bir proje i\u00e7in yola \u00e7\u0131kt\u0131k. \u0130zmir\u2019in bizim a\u00e7\u0131m\u0131zdan ayr\u0131 bir anlam\u0131 bulunuyor. Bilindi\u011fi \u00fczere Mavi\u015fehir b\u00f6lgesi, Emlak Bankas\u0131 taraf\u0131ndan 90\u2019l\u0131 y\u0131llarda projelendirilmeye ba\u015flanm\u0131\u015ft\u0131r. Emlak Konut GYO olarak 2000\u2019li y\u0131llardan itibaren biz de bu b\u00f6lgeye yat\u0131r\u0131m yaparak ya\u015fam kalitesi y\u00fcksek, modern ya\u015fam alanlar\u0131 olu\u015fturmaya ba\u015flad\u0131k.<\/p>\n<p>\u201cSoyak Mavi\u015fehir\u201d, \u201cEmlak Konut Pelikan Sitesi\u201d, \u201cMavi\u015fehir Modern\u201d ve \u201cParkYa\u015fam Mavi\u015fehir\u201d gibi proje de\u011ferleri toplam\u0131 yakla\u015f\u0131k 1.2 milyar TL\u2019yi bulan projeleri ba\u015far\u0131yla tamamlad\u0131k. Yakla\u015f\u0131k 4.000 ba\u011f\u0131ms\u0131z b\u00f6l\u00fcm hak sahiplerine teslim edildi. Mavi\u015fehir b\u00f6lgesinde geli\u015ftirdi\u011fimiz projelerde yakla\u015f\u0131k %80\u2019e varan park ve ye\u015fil alanlar ile birlikte b\u00f6lgenin her t\u00fcrl\u00fc sosyal donat\u0131 alanlar\u0131 da hayata ge\u00e7irilmi\u015ftir. Bu noktadan bak\u0131ld\u0131\u011f\u0131nda, \u0130zmir, Emlak Konut a\u00e7\u0131s\u0131ndan ba\u015far\u0131l\u0131 projelere imza at\u0131lan bir \u015fehrimiz oldu.<\/p>\n<p>Mavi\u015fehir\u2019de geli\u015ftirmi\u015f oldu\u011fumuz projelerden sonra Emlak Konut GYO olarak \u0130zmir\u2019in yeni kent merkezi olan Alsancak da hayata ge\u00e7irece\u011fimiz bu proje ile yeniden \u0130zmirliler ile bulu\u015facak ve Emlak Konut GYO markas\u0131n\u0131 \u0130zmirlilerin hizmetine sunmaktan mutluluk duyaca\u011f\u0131z. Bu vesile ile sadece \u0130zmir\u2019i de\u011fil yakla\u015f\u0131k 150 bin \u00fcyesi ile Ege B\u00f6lgesi\u2019ni de temsil eden Tari\u015f Kooperatif Birlikleri ve Yemta ile bir anla\u015fma yaparak \u0130zmir\u2019de yeni ve \u00f6nemli bir projeye daha ad\u0131m atm\u0131\u015f bulunuyoruz.<\/p>\n<p>\u0130zmir Liman Arkas\u0131 olarak bilinen, yeni kent merkezi olmas\u0131 planlanan alanda 140 bin metrekare alan \u00fczerinde bir proje haz\u0131rlad\u0131klar\u0131n\u0131 s\u00f6yleyen Murat Kurum:\u201d eskimi\u015f ve kentin kullan\u0131m d\u0131\u015f\u0131nda kalan bu alan\u0131n; sosyal, k\u00fclt\u00fcrel ve teknik altyap\u0131 ihtiya\u00e7lar\u0131n\u0131 da kar\u015f\u0131layarak geli\u015ftirmeyi planl\u0131yoruz. Turizm, Ticaret ve K\u00fclt\u00fcr odakl\u0131 projenin \u0130zmir\u2019imizin ekonomik dinamiklerine, turizm potansiyeline ve k\u00fclt\u00fcrel faaliyetlerine \u00f6nemli katk\u0131 sa\u011flamas\u0131n\u0131 hedefledik. B\u00f6lgenin, Turizm, Ticaret ve K\u00fclt\u00fcr odakl\u0131 olarak yeniden i\u015flevlendirilmesi sonucunda as\u0131l kazanan \u0130zmir olacakt\u0131r. Birliklerle yapm\u0131\u015f oldu\u011fumuz anla\u015fmaya g\u00f6re bu projeden hedefledi\u011fimiz asgari gelir 820 milyon TL olup, bu bedelin %20 si emlak konut %80 i de birliklerin pay\u0131 olacakt\u0131r.\u201d dedi.<\/p>\n<p><strong>Bu topraklar\u0131n de\u011ferini yine bu topraklarla payla\u015fan proje<\/strong><\/p>\n<p>\u0130mza t\u00f6reninde konu\u015fan Tari\u015f Zeytin ve Zeytinya\u011f\u0131 Tar\u0131m Sat\u0131\u015f Kooperatifler Birli\u011fi Ba\u015fkan\u0131 Cahit \u00c7etin s\u00f6z konusu projenin \u00fclkenin en \u00f6nemli sosyal projelerinden biri oldu\u011funu ifade ederek \u00fcreticilerin 100 y\u0131ll\u0131k birikimlerinin ekonomik de\u011ferlerini artt\u0131rarak g\u00fcn\u00fcm\u00fcze ula\u015ft\u0131\u011f\u0131n\u0131 s\u00f6yledi. Tari\u015f \u00fcretici ortaklar\u0131n\u0131n toprakta \u00fcretti\u011fini tar\u0131msal ekonomiye katt\u0131\u011f\u0131n\u0131 kaydeden \u00c7etin \u015f\u00f6yle konu\u015ftu: \u201c\u00e7ift\u00e7i ortaklar\u0131m\u0131z bug\u00fcne tar\u0131m, tar\u0131msal sanayi ve istihdama y\u00f6nelik katt\u0131klar\u0131 de\u011ferlerle geldi. Bu projeyle birlikte bu de\u011ferlerin yan\u0131 s\u0131ra \u00e7ift\u00e7ilerimize ve \u00fclke ekonomimize farkl\u0131 alanlarda da deste\u011fimizi \u00e7e\u015fitlendirerek s\u00fcrd\u00fcr\u00fcyoruz. Bu topraklar\u0131n de\u011ferini yine bu topraklarla payla\u015fan \u00f6nemli projenin hepimize hay\u0131rl\u0131 olmas\u0131n\u0131 diliyorum.\u201d dedi.<\/p>\n<p>Tari\u015f \u0130ncir Tar\u0131m Sat\u0131\u015f Kooperatifleri Birli\u011fi Ba\u015fkan\u0131 Mustafa Bircan ise yapt\u0131\u011f\u0131 konu\u015fmas\u0131nda bu projenin b\u00f6lge ekonomisine kazand\u0131r\u0131lmas\u0131n\u0131n \u00f6nemine de\u011finerek incir \u00fcreticisinin eme\u011finin kar\u015f\u0131l\u0131\u011f\u0131n\u0131 artt\u0131rmaya \u00e7al\u0131\u015ft\u0131klar\u0131 s\u00f6yledi. Avrupa\u2019n\u0131n en b\u00fcy\u00fck incir i\u015fleme tesisine sahip olduklar\u0131na de\u011finen Bircan, projeden elde edilecek kazan\u0131mla \u00fcretici kadar, b\u00f6lge ve \u00fclke ekonomisinin de kazanaca\u011f\u0131n\u0131 belirtti.<\/p>\n<p>Tari\u015f Pamuk ve Ya\u011fl\u0131 Tohumlar Tar\u0131m Sat\u0131\u015f Kooperatifleri Birli\u011fi Ba\u015fkan Yard\u0131mc\u0131s\u0131 Faruk Ayd\u0131n birli\u011fin 1915 y\u0131l\u0131nda Cumhuriyetten \u00f6nce kuruldu\u011funa de\u011finerek \u00e7ift\u00e7isine ve \u00fclkesine hizmet etti\u011fini belirtti. Ayd\u0131n, \u201cTari\u015f \u00fcr\u00fcnleriyle \u00fclkemizde \u00e7ok \u00f6nemli markalardan biri olmay\u0131 ba\u015fard\u0131. Bug\u00fcn sadece T\u00fcrkiye\u2019de de\u011fil Avrupa\u2019da da say\u0131l\u0131 kooperatifler aras\u0131nda yer al\u0131yor. \u00c7ift\u00e7imizin daha g\u00fc\u00e7l\u00fc olabilmesi i\u00e7in bu projeyi \u00e7ok \u00f6nemsiyoruz. \u00dcreticimizin ihracat\u0131n\u0131 artt\u0131rmas\u0131 i\u00e7in gerekli finansal kayna\u011f\u0131 olu\u015fturma ad\u0131na \u00e7ok de\u011ferli buluyoruz ve projede eme\u011fi olan herkese te\u015fekk\u00fcr ediyoruz.\u201d dedi.<\/p>\n<p><strong>Projenin %42\u2019si sosyal donat\u0131 alan\u0131 olacak<\/strong><\/p>\n<p>\u0130zmir\u2019in Liman Arkas\u0131 b\u00f6lgesinde hayata ge\u00e7irilecek proje ile kent ya\u015fam\u0131n\u0131n kullan\u0131m\u0131 d\u0131\u015f\u0131nda kalm\u0131\u015f bu b\u00f6lgenin kente yeniden kazan\u0131m\u0131 sa\u011flanacak. Bu geli\u015fme ile Yeni Kent Merkezi d\u00fczenlemelerine katk\u0131 sa\u011flayacak proje ile b\u00f6lgenin kentsel geli\u015fim ve n\u00fcfus dinamikleri ile yerel \u015fartlar\u0131 ve ihtiya\u00e7lar\u0131 g\u00f6z \u00f6n\u00fcnde bulunduruldu. Bu kapsamda dengeli, sa\u011fl\u0131kl\u0131 ve s\u00fcrd\u00fcr\u00fclebilir bir kentsel mekan \u00fcretmek \u00fczere projenin %42\u2019si sosyal donat\u0131 alan\u0131 olarak kamuya yarar sa\u011flayacak \u015fekilde d\u00fczenleniyor.<\/p>\n","protected":false},"excerpt":{"rendered":"<p>Emlak Konut GYO ve Tari\u015f Koorperatif Birlikleri aras\u0131nda 1 Aral\u0131k 2016\u2019da imzalanan protokol ile Emlak Konut GYO, \u0130zmir Alsancak\u2019ta Liman Arkas\u0131 olarak bilinen b\u00f6lgede yeni bir proje geli\u015ftirecek. Toplamda 140 bin metrekare alan b\u00fcy\u00fckl\u00fc\u011fe sahip \u0130zmir Liman Arkas\u0131 b\u00f6lgesindeki proje turizm, ticaret ve k\u00fclt\u00fcr odakl\u0131 olacak \u015fekilde tasarlan\u0131yor. Yakla\u015f\u0131k 820 milyon TL has\u0131lat \u00f6ng\u00f6r\u00fclen proje [&hellip;]<\/p>\n","protected":false},"author":1,"featured_media":0,"comment_status":"open","ping_status":"open","sticky":false,"template":"","format":"standard","meta":{"ngg_post_thumbnail":0},"categories":[221,26,5217,219,97],"tags":[11421,62,459,78,5295,80,11246,106],"_links":{"self":[{"href":"https:\/\/emlaktuel.com\/index.php?rest_route=\/wp\/v2\/posts\/8257"}],"collection":[{"href":"https:\/\/emlaktuel.com\/index.php?rest_route=\/wp\/v2\/posts"}],"about":[{"href":"https:\/\/emlaktuel.com\/index.php?rest_route=\/wp\/v2\/types\/post"}],"author":[{"embeddable":true,"href":"https:\/\/emlaktuel.com\/index.php?rest_route=\/wp\/v2\/users\/1"}],"replies":[{"embeddable":true,"href":"https:\/\/emlaktuel.com\/index.php?rest_route=%2Fwp%2Fv2%2Fcomments&post=8257"}],"version-history":[{"count":4,"href":"https:\/\/emlaktuel.com\/index.php?rest_route=\/wp\/v2\/posts\/8257\/revisions"}],"predecessor-version":[{"id":8281,"href":"https:\/\/emlaktuel.com\/index.php?rest_route=\/wp\/v2\/posts\/8257\/revisions\/8281"}],"wp:attachment":[{"href":"https:\/\/emlaktuel.com\/index.php?rest_route=%2Fwp%2Fv2%2Fmedia&parent=8257"}],"wp:term":[{"taxonomy":"category","embeddable":true,"href":"https:\/\/emlaktuel.com\/index.php?rest_route=%2Fwp%2Fv2%2Fcategories&post=8257"},{"taxonomy":"post_tag","embeddable":true,"href":"https:\/\/emlaktuel.com\/index.php?rest_route=%2Fwp%2Fv2%2Ftags&post=8257"}],"curies":[{"name":"wp","href":"https:\/\/api.w.org\/{rel}","templated":true}]}}