{"id":8152,"date":"2016-11-30T00:08:53","date_gmt":"2016-11-29T21:08:53","guid":{"rendered":"http:\/\/emlaktuel.com\/?p=8152"},"modified":"2018-07-05T15:20:08","modified_gmt":"2018-07-05T12:20:08","slug":"erdogan-doviz-baskisindan-piyasalari-kurtaralim","status":"publish","type":"post","link":"https:\/\/emlaktuel.com\/?p=8152","title":{"rendered":"Erdo\u011fan: &#8220;D\u00f6viz bask\u0131s\u0131ndan piyasalar\u0131 kurtaral\u0131m&#8221;"},"content":{"rendered":"<h1>Cumhurba\u015fkan\u0131 Erdo\u011fan 7. Bo\u011fazi\u00e7i Zirvesi&#8217;nde \u00f6nemli a\u00e7\u0131klamalarda bulundu. Erdo\u011fan; &#8220;D\u00f6viz bask\u0131s\u0131ndan piyasalar\u0131 kurtaral\u0131m. Yerli para birimleriyle bor\u00e7lanman\u0131n yollar\u0131n\u0131 arayal\u0131m. D\u00f6vizle bor\u00e7lanmay\u0131 b\u0131rakal\u0131m&#8221; dedi.<\/h1>\n<div class=\"txt\">\n<div class=\"txtIn\">\n<article id=\"contextual\" class=\"selectionShareable\"><strong>Cumhurba\u015fkan\u0131 Erdo\u011fan&#8217;\u0131n konu\u015fmas\u0131ndan sat\u0131r ba\u015flar\u0131;<\/strong><\/p>\n<p>15 Temmuz bu m\u00fccadelenin ad\u0131 ve adresidir. Devletimiz iradesine can\u0131 pahas\u0131na \u00e7abalayaca\u011f\u0131n\u0131 anlatm\u0131\u015ft\u0131r.<\/p>\n<p><strong>ALTINI DEVREYE SOKALIM<\/strong><\/p>\n<p>Biz uluslararas\u0131nda hep birlikte alt\u0131n\u0131 devreye sokal\u0131m.<\/p>\n<p><strong>D\u00d6V\u0130Z BASKISI<\/strong><\/p>\n<p>D\u00f6viz bask\u0131s\u0131ndan piyasalar\u0131 kurtaral\u0131m.<\/p>\n<p><strong>YERL\u0130 PARA \u0130LE BOR\u00c7LANMA<\/strong><\/p>\n<p>Yerli para birimleriyle bor\u00e7lanman\u0131n yollar\u0131n\u0131 arayal\u0131m. D\u00f6vizle bor\u00e7lanmay\u0131 b\u0131rakal\u0131m.<\/p>\n<p><strong>AVM&#8217;LERDE D\u00d6V\u0130Z \u0130LE BOR\u00c7LANIYORLAR<\/strong><\/p>\n<p>H\u00fck\u00fcmetimiz medya vs. sa\u011folsunlar ama AVM&#8217;lerde vs hep d\u00f6viz yoluyla kiralamay\u0131 se\u00e7iyorlar.<\/p>\n<p><strong>D\u00dcZENLEME S\u0130NYAL\u0130<\/strong><\/p>\n<p>Bunlarla ilgili gerekirse ge\u00e7ici bir d\u00fczenleme yap\u0131l\u0131r. Yerli para birimiyle bu s\u00fcreci atlatmal\u0131d\u0131r.<\/p>\n<p><strong>BU M\u0130LLET BASKILARA KAR\u015eI KOYACAKTIR<\/strong><\/p>\n<p>Di\u011ferinde emperyal mant\u0131k var. \u00d6b\u00fcr tarafta \u00e7\u0131rp\u0131nan batt\u0131 batacak durumunda olan esnaf var. En sinsi i\u015fgal te\u015febb\u00fcs\u00fcn\u00fc atlatan bu millet ekonomik bask\u0131lara kar\u015f\u0131 da kendisini m\u00fcdafa edecektir.<\/p>\n<p><strong>YERL\u0130 PARAYLA \u0130THALAT \u0130HRACAT<\/strong><\/p>\n<p>Yerli parayla ithalat ihracat mevzusunun da unutulmamas\u0131 gerekti\u011fini tekrar devreye sokuyorum.<\/p>\n<\/article>\n<\/div>\n<\/div>\n","protected":false},"excerpt":{"rendered":"<p>Cumhurba\u015fkan\u0131 Erdo\u011fan 7. Bo\u011fazi\u00e7i Zirvesi&#8217;nde \u00f6nemli a\u00e7\u0131klamalarda bulundu. Erdo\u011fan; &#8220;D\u00f6viz bask\u0131s\u0131ndan piyasalar\u0131 kurtaral\u0131m. Yerli para birimleriyle bor\u00e7lanman\u0131n yollar\u0131n\u0131 arayal\u0131m. D\u00f6vizle bor\u00e7lanmay\u0131 b\u0131rakal\u0131m&#8221; dedi. Cumhurba\u015fkan\u0131 Erdo\u011fan&#8217;\u0131n konu\u015fmas\u0131ndan sat\u0131r ba\u015flar\u0131; 15 Temmuz bu m\u00fccadelenin ad\u0131 ve adresidir. Devletimiz iradesine can\u0131 pahas\u0131na \u00e7abalayaca\u011f\u0131n\u0131 anlatm\u0131\u015ft\u0131r. ALTINI DEVREYE SOKALIM Biz uluslararas\u0131nda hep birlikte alt\u0131n\u0131 devreye sokal\u0131m. D\u00d6V\u0130Z BASKISI D\u00f6viz bask\u0131s\u0131ndan [&hellip;]<\/p>\n","protected":false},"author":1,"featured_media":2111,"comment_status":"open","ping_status":"open","sticky":false,"template":"","format":"standard","meta":{"ngg_post_thumbnail":0},"categories":[5213],"tags":[59,4610,5177,11376,5052,11314,89],"_links":{"self":[{"href":"https:\/\/emlaktuel.com\/index.php?rest_route=\/wp\/v2\/posts\/8152"}],"collection":[{"href":"https:\/\/emlaktuel.com\/index.php?rest_route=\/wp\/v2\/posts"}],"about":[{"href":"https:\/\/emlaktuel.com\/index.php?rest_route=\/wp\/v2\/types\/post"}],"author":[{"embeddable":true,"href":"https:\/\/emlaktuel.com\/index.php?rest_route=\/wp\/v2\/users\/1"}],"replies":[{"embeddable":true,"href":"https:\/\/emlaktuel.com\/index.php?rest_route=%2Fwp%2Fv2%2Fcomments&post=8152"}],"version-history":[{"count":1,"href":"https:\/\/emlaktuel.com\/index.php?rest_route=\/wp\/v2\/posts\/8152\/revisions"}],"predecessor-version":[{"id":8153,"href":"https:\/\/emlaktuel.com\/index.php?rest_route=\/wp\/v2\/posts\/8152\/revisions\/8153"}],"wp:featuredmedia":[{"embeddable":true,"href":"https:\/\/emlaktuel.com\/index.php?rest_route=\/wp\/v2\/media\/2111"}],"wp:attachment":[{"href":"https:\/\/emlaktuel.com\/index.php?rest_route=%2Fwp%2Fv2%2Fmedia&parent=8152"}],"wp:term":[{"taxonomy":"category","embeddable":true,"href":"https:\/\/emlaktuel.com\/index.php?rest_route=%2Fwp%2Fv2%2Fcategories&post=8152"},{"taxonomy":"post_tag","embeddable":true,"href":"https:\/\/emlaktuel.com\/index.php?rest_route=%2Fwp%2Fv2%2Ftags&post=8152"}],"curies":[{"name":"wp","href":"https:\/\/api.w.org\/{rel}","templated":true}]}}