{"id":8023,"date":"2016-11-26T12:27:50","date_gmt":"2016-11-26T09:27:50","guid":{"rendered":"http:\/\/emlaktuel.com\/?p=8023"},"modified":"2018-07-05T15:18:37","modified_gmt":"2018-07-05T12:18:37","slug":"elite-conceptten-yuzde-40-prim-vaadi","status":"publish","type":"post","link":"https:\/\/emlaktuel.com\/?p=8023","title":{"rendered":"Elite Concept&#8217;ten y\u00fczde 40 prim vaadi!"},"content":{"rendered":"<h1 class=\"news-detail-title selectionShareable\">Kentsel d\u00f6n\u00fc\u015f\u00fcm\u00fcn merkezi Fikirtepe&#8217;de \u00e7al\u0131\u015fmalar h\u0131zland\u0131. B\u00f6lgede Elite Concept projesini hayata ge\u00e7iren \u015eua \u0130n\u015faat Pazarlama Koordinat\u00f6r\u00fc Ahmet Sar\u0131\u00e7al\u0131, &#8220;Projemiz bitti\u011finde yat\u0131r\u0131mc\u0131lar\u0131na y\u00fczde 40&#8217;\u0131n \u00fczerinde prim sa\u011flayacak&#8221; dedi.<\/h1>\n<div class=\"soc2 nmobilw\">Kentsel d\u00f6n\u00fc\u015f\u00fcm\u00fcn merkezi Fikirtepe&#8217;de \u00e7al\u0131\u015fmalar h\u0131zland\u0131. B\u00f6lgede <strong>Elite Concept projesini<\/strong> hayata ge\u00e7iren \u015eua \u0130n\u015faat Pazarlama Koordinat\u00f6r\u00fc Ahmet Sar\u0131\u00e7al\u0131, &#8220;Projemiz bitti\u011finde yat\u0131r\u0131mc\u0131lar\u0131na y\u00fczde 40&#8217;\u0131n \u00fczerinde prim sa\u011flayacak&#8221; dedi.<\/div>\n<div>\n<p>\u0130stanbul&#8217;da kentsel d\u00f6n\u00fc\u015f\u00fcm \u00e7al\u0131\u015fmalar\u0131n\u0131n en \u00e7ok tart\u0131\u015f\u0131ld\u0131\u011f\u0131 Fikirtepe&#8217;de \u00e7al\u0131\u015fmalar \u00c7evre ve \u015eehircilik Bakanl\u0131\u011f\u0131&#8217;nm m\u00fcdahalesi sonras\u0131 h\u0131zland\u0131. Projelerin tamamland\u0131\u011f\u0131 baz\u0131 adalarda da teslimler y\u0131l sonuna do\u011fru ba\u015flayacak. B\u00f6lgede metrekare ba\u015flang\u0131\u00e7 fiyatlar\u0131 7 bin TL&#8217;ye kadar \u00e7\u0131kt\u0131 ancak maliyetlerin y\u00fcksekli\u011fini gerek\u00e7e g\u00f6steren \u015firketler sat\u0131\u015f fiyatlar\u0131n\u0131n istenilen seviyede olmad\u0131\u011f\u0131n\u0131 dile getiriyorlar.<\/p>\n<p>Uzmanlar ise d\u00f6n\u00fc\u015f\u00fcm tamamland\u0131\u011f\u0131nda F\u0131kirtepe&#8217;nin, sahip oldu\u011fu lokasyon ve ula\u015f\u0131m imk\u00e2nlar\u0131yla fiyatlar\u0131n\u0131n b\u00fcy\u00fck \u00f6l\u00e7\u00fcde prim yapaca\u011f\u0131n\u0131 \u00f6ng\u00f6r\u00fcyor.<\/p>\n<h2>METREKARES\u0130 7.500 TL<\/h2>\n<p>Fikirtepe&#8217;de, &#8220;Elite&#8221; markal\u0131 projelerin yeni halkas\u0131 Elite Concept projesini hayata ge\u00e7iren \u015eua \u0130n\u015faat Pazarlama Koordinat\u00f6r\u00fc Ahmet Sar\u0131\u00e7al\u0131 da b\u00f6lgenin y\u00fcksek prim potansiyeliyle konut al\u0131c\u0131lar\u0131na \u00f6nemli bir yat\u0131r\u0131m imk\u00e2n\u0131 sundu\u011funu dile getiriyor. Ahmet Sar\u0131\u00e7al\u0131 projede yakla\u015f\u0131k 3 ayd\u0131r \u00f6n talep toplad\u0131klar\u0131n\u0131 belirterek &#8220;Projemize konut al\u0131c\u0131lar\u0131n\u0131n ilgisi b\u00fcy\u00fck. Projemizde dairelerin metrekare fiyatlar\u0131 7 bin 500 TL&#8217;den ba\u015fl\u0131yor.<\/p>\n<p>Anadolu yakas\u0131n\u0131n kalbinde y\u00fckselen Elite Concept, y\u00fcksek prim potansiyeliyle konut al\u0131c\u0131lar\u0131na \u00f6nemli bir yat\u0131r\u0131m f\u0131rsat\u0131 sunuyor. Fikirtepe&#8217;nin yenilenen siluetine imzam\u0131z\u0131 att\u0131\u011f\u0131m\u0131z projemiz bitti\u011finde yat\u0131r\u0131mc\u0131lar\u0131na y\u00fczde 40&#8217;m \u00fczerinde prim sa\u011flayacak&#8221; a\u00e7\u0131klamas\u0131nda bulundu.<\/p>\n<p>Habert\u00fcrk<\/p>\n<\/div>\n","protected":false},"excerpt":{"rendered":"<p>Kentsel d\u00f6n\u00fc\u015f\u00fcm\u00fcn merkezi Fikirtepe&#8217;de \u00e7al\u0131\u015fmalar h\u0131zland\u0131. B\u00f6lgede Elite Concept projesini hayata ge\u00e7iren \u015eua \u0130n\u015faat Pazarlama Koordinat\u00f6r\u00fc Ahmet Sar\u0131\u00e7al\u0131, &#8220;Projemiz bitti\u011finde yat\u0131r\u0131mc\u0131lar\u0131na y\u00fczde 40&#8217;\u0131n \u00fczerinde prim sa\u011flayacak&#8221; dedi. Kentsel d\u00f6n\u00fc\u015f\u00fcm\u00fcn merkezi Fikirtepe&#8217;de \u00e7al\u0131\u015fmalar h\u0131zland\u0131. B\u00f6lgede Elite Concept projesini hayata ge\u00e7iren \u015eua \u0130n\u015faat Pazarlama Koordinat\u00f6r\u00fc Ahmet Sar\u0131\u00e7al\u0131, &#8220;Projemiz bitti\u011finde yat\u0131r\u0131mc\u0131lar\u0131na y\u00fczde 40&#8217;\u0131n \u00fczerinde prim sa\u011flayacak&#8221; dedi. \u0130stanbul&#8217;da [&hellip;]<\/p>\n","protected":false},"author":1,"featured_media":8025,"comment_status":"open","ping_status":"open","sticky":false,"template":"","format":"standard","meta":{"ngg_post_thumbnail":0},"categories":[221,26,219],"tags":[4480,11460,5199,5149,5148,5147,5146,88,11399,441,11320,2699,106,11153],"_links":{"self":[{"href":"https:\/\/emlaktuel.com\/index.php?rest_route=\/wp\/v2\/posts\/8023"}],"collection":[{"href":"https:\/\/emlaktuel.com\/index.php?rest_route=\/wp\/v2\/posts"}],"about":[{"href":"https:\/\/emlaktuel.com\/index.php?rest_route=\/wp\/v2\/types\/post"}],"author":[{"embeddable":true,"href":"https:\/\/emlaktuel.com\/index.php?rest_route=\/wp\/v2\/users\/1"}],"replies":[{"embeddable":true,"href":"https:\/\/emlaktuel.com\/index.php?rest_route=%2Fwp%2Fv2%2Fcomments&post=8023"}],"version-history":[{"count":2,"href":"https:\/\/emlaktuel.com\/index.php?rest_route=\/wp\/v2\/posts\/8023\/revisions"}],"predecessor-version":[{"id":8026,"href":"https:\/\/emlaktuel.com\/index.php?rest_route=\/wp\/v2\/posts\/8023\/revisions\/8026"}],"wp:featuredmedia":[{"embeddable":true,"href":"https:\/\/emlaktuel.com\/index.php?rest_route=\/wp\/v2\/media\/8025"}],"wp:attachment":[{"href":"https:\/\/emlaktuel.com\/index.php?rest_route=%2Fwp%2Fv2%2Fmedia&parent=8023"}],"wp:term":[{"taxonomy":"category","embeddable":true,"href":"https:\/\/emlaktuel.com\/index.php?rest_route=%2Fwp%2Fv2%2Fcategories&post=8023"},{"taxonomy":"post_tag","embeddable":true,"href":"https:\/\/emlaktuel.com\/index.php?rest_route=%2Fwp%2Fv2%2Ftags&post=8023"}],"curies":[{"name":"wp","href":"https:\/\/api.w.org\/{rel}","templated":true}]}}