{"id":8019,"date":"2016-11-26T12:25:29","date_gmt":"2016-11-26T09:25:29","guid":{"rendered":"http:\/\/emlaktuel.com\/?p=8019"},"modified":"2018-07-05T15:18:34","modified_gmt":"2018-07-05T12:18:34","slug":"aykon-suites-studyo-daireleriyle-yogun-ilgi-goruyor","status":"publish","type":"post","link":"https:\/\/emlaktuel.com\/?p=8019","title":{"rendered":"Aykon Suites st\u00fcdyo daireleriyle yo\u011fun ilgi g\u00f6r\u00fcyor!"},"content":{"rendered":"<h1 class=\"news-detail-title selectionShareable\">AYKON Suites projesi, Ankara&#8217;da de\u011fi\u015fen ya\u015fam tarz\u0131na \u0131\u015f\u0131k tutuyor. Proje, k\u00fc\u00e7\u00fck alanlarda konfor arayan ve home office \u00e7al\u0131\u015fma tarz\u0131n\u0131 benimseyen bireylerden ilgi g\u00f6r\u00fcyor.<\/h1>\n<div>\n<p><strong>AYKON Suites projesi<\/strong>, Ankara&#8217;da de\u011fi\u015fen ya\u015fam tarz\u0131na \u0131\u015f\u0131k tutuyor. Proje, k\u00fc\u00e7\u00fck alanlarda konfor arayan ve home office \u00e7al\u0131\u015fma tarz\u0131n\u0131 benimseyen bireylerden ilgi g\u00f6r\u00fcyor.<\/p>\n<p>&#8220;Aykon Yap\u0131&#8221; ad\u0131yla in\u015faat alan\u0131nda faaliyet g\u00f6steren Ayranc\u0131o\u011flu \u015eirketler Grubu in\u015faat\u0131 devam eden &#8220;Aykon Suites&#8221; projesiyle daire b\u00fcy\u00fckl\u00fckleri bak\u0131m\u0131ndan farkl\u0131l\u0131k g\u00f6steriyor. Projeyi olu\u015ftururken tek ki\u015finin kullan\u0131m\u0131ndaki konut say\u0131s\u0131nda g\u00f6zlenen art\u0131\u015f\u0131 dikkate alan Ayrim Mimarl\u0131k&#8217;m tasarlad\u0131\u011f\u0131 proje sonucundan 59 adet ba\u011f\u0131ms\u0131z b\u00f6l\u00fcm olu\u015fturuldu. Projede sosyal tesis, peyzaj alan\u0131, kapal\u0131 ve a\u00e7\u0131k otopark bulunuyor. Projedeki st\u00fcdyo dairelerin ilgi g\u00f6rmesinin en b\u00fcy\u00fck sebeplerinde biri olarak b\u00fcy\u00fck dairelerde ya\u015faman\u0131n daha zor ve maliyetli olmas\u0131 g\u00f6steriliyor. D\u00fcnyada geli\u015fmi\u015f \u00fclkelerdeki kent merkezlerine bak\u0131ld\u0131\u011f\u0131nda da insanlar st\u00fcdyo tipinde daireleri daha \u00e7ok tercih ediyor ve bo\u015f zamanlar\u0131n\u0131 d\u0131\u015far\u0131da sosyal alanlarda ge\u00e7iriyor. \u0130stanbul&#8217;da uzun zaman \u00f6nce yerle\u015fen bu ya\u015fam tarz\u0131 Ankara&#8217;da da yava\u015f yava\u015f etkisini hissettiriyor.<\/p>\n<p>&#8220;Aykon Suites&#8221; projesi yeni a\u00e7\u0131lan ODT\u00dc Bulvar\u0131 \u00fczerinde ODT\u00dc Vi\u015fnelik tesislerinin yan\u0131nda yer al\u0131yor. Proje 1 +1 ve 1 + 0 \u015feklindeki ba\u011f\u0131ms\u0131z b\u00f6l\u00fcmlerden olu\u015fuyor.<\/p>\n<p>Proje konumuna da ba\u011fl\u0131 olarak genellikle, \u00f6\u011frenci, memur ve i\u015f adamlar\u0131ndan ilgi g\u00f6r\u00fcyor. Projenin tasar\u0131m\u0131nda konfor, pratiklik, modernlik, fonksiyonellik ve ferahl\u0131k unsurlar\u0131 \u00f6ne \u00e7\u0131k\u0131yor.<\/p>\n<\/div>\n","protected":false},"excerpt":{"rendered":"<p>AYKON Suites projesi, Ankara&#8217;da de\u011fi\u015fen ya\u015fam tarz\u0131na \u0131\u015f\u0131k tutuyor. Proje, k\u00fc\u00e7\u00fck alanlarda konfor arayan ve home office \u00e7al\u0131\u015fma tarz\u0131n\u0131 benimseyen bireylerden ilgi g\u00f6r\u00fcyor. AYKON Suites projesi, Ankara&#8217;da de\u011fi\u015fen ya\u015fam tarz\u0131na \u0131\u015f\u0131k tutuyor. Proje, k\u00fc\u00e7\u00fck alanlarda konfor arayan ve home office \u00e7al\u0131\u015fma tarz\u0131n\u0131 benimseyen bireylerden ilgi g\u00f6r\u00fcyor. &#8220;Aykon Yap\u0131&#8221; ad\u0131yla in\u015faat alan\u0131nda faaliyet g\u00f6steren Ayranc\u0131o\u011flu \u015eirketler [&hellip;]<\/p>\n","protected":false},"author":1,"featured_media":8021,"comment_status":"open","ping_status":"open","sticky":false,"template":"","format":"standard","meta":{"ngg_post_thumbnail":0},"categories":[221,1,26,219],"tags":[5144,5145,5143,180,11311,11148,4701,11204,11320,11328,11125],"_links":{"self":[{"href":"https:\/\/emlaktuel.com\/index.php?rest_route=\/wp\/v2\/posts\/8019"}],"collection":[{"href":"https:\/\/emlaktuel.com\/index.php?rest_route=\/wp\/v2\/posts"}],"about":[{"href":"https:\/\/emlaktuel.com\/index.php?rest_route=\/wp\/v2\/types\/post"}],"author":[{"embeddable":true,"href":"https:\/\/emlaktuel.com\/index.php?rest_route=\/wp\/v2\/users\/1"}],"replies":[{"embeddable":true,"href":"https:\/\/emlaktuel.com\/index.php?rest_route=%2Fwp%2Fv2%2Fcomments&post=8019"}],"version-history":[{"count":2,"href":"https:\/\/emlaktuel.com\/index.php?rest_route=\/wp\/v2\/posts\/8019\/revisions"}],"predecessor-version":[{"id":8022,"href":"https:\/\/emlaktuel.com\/index.php?rest_route=\/wp\/v2\/posts\/8019\/revisions\/8022"}],"wp:featuredmedia":[{"embeddable":true,"href":"https:\/\/emlaktuel.com\/index.php?rest_route=\/wp\/v2\/media\/8021"}],"wp:attachment":[{"href":"https:\/\/emlaktuel.com\/index.php?rest_route=%2Fwp%2Fv2%2Fmedia&parent=8019"}],"wp:term":[{"taxonomy":"category","embeddable":true,"href":"https:\/\/emlaktuel.com\/index.php?rest_route=%2Fwp%2Fv2%2Fcategories&post=8019"},{"taxonomy":"post_tag","embeddable":true,"href":"https:\/\/emlaktuel.com\/index.php?rest_route=%2Fwp%2Fv2%2Ftags&post=8019"}],"curies":[{"name":"wp","href":"https:\/\/api.w.org\/{rel}","templated":true}]}}