{"id":8016,"date":"2016-11-26T12:23:01","date_gmt":"2016-11-26T09:23:01","guid":{"rendered":"http:\/\/emlaktuel.com\/?p=8016"},"modified":"2018-07-05T15:18:32","modified_gmt":"2018-07-05T12:18:32","slug":"avrasya-tuneli-acilmadan-zamlandi","status":"publish","type":"post","link":"https:\/\/emlaktuel.com\/?p=8016","title":{"rendered":"Avrasya T\u00fcneli a\u00e7\u0131lmadan zamland\u0131!"},"content":{"rendered":"<h1 class=\"news-detail-title selectionShareable\">20 Aral\u0131k&#8217;ta a\u00e7\u0131l\u0131\u015f\u0131 ger\u00e7ekle\u015ftirilecek olan Avrasya T\u00fcneli ge\u00e7i\u015f \u00fccretleri dolar\u0131n rekor \u00fczerine rekor k\u0131rmas\u0131 sebebiyle bug\u00fcn itibar\u0131yla y\u00fczde 16 (2 TL) zamland\u0131.<\/h1>\n<div>\n<p>20 Aral\u0131k&#8217;ta a\u00e7\u0131l\u0131\u015f\u0131 ger\u00e7ekle\u015ftirilecek olan Avrasya T\u00fcneli ge\u00e7i\u015f \u00fccretleri dolar\u0131n rekor \u00fczerine rekor k\u0131rmas\u0131 sebebiyle bug\u00fcn itibar\u0131yla y\u00fczde 16 (2 TL) zamland\u0131<\/p>\n<p>\u0130stanbul\u2019un Anadolu ve Avrupa yakalar\u0131n\u0131 deniz taban\u0131n\u0131n alt\u0131ndan karayoluyla ba\u011flayacak Avrasya T\u00fcneli 20 Aral\u0131k\u2019ta a\u00e7\u0131l\u0131yor. T\u00fcnel, bitti\u011finde, kara t\u00fcnelleriyle birlikte 5.4 kilometre olacak. T\u00fcnelin en derin noktas\u0131 ise eksi 106.4 metre. Avrasya T\u00fcneli\u2019nin tamamlanmas\u0131yla Kazl\u0131\u00e7e\u015fme ile G\u00f6ztepe aras\u0131ndaki seyahat s\u00fcresi trafi\u011fin olmad\u0131\u011f\u0131 zamanlarda 15 dakikaya kadar inecek.<\/p>\n<h2>A\u00c7ILMAYAN T\u00dcNELE 2,5 AYDA 2 TL ZAM<\/h2>\n<p>13 Eyl\u00fcl\u2019de T\u00fcnelden ge\u00e7i\u015f \u00fccreti otomobiller i\u00e7in 4 dolar+KDV olarak a\u00e7\u0131klanm\u0131\u015ft\u0131. Osmangazi ve Yavuz Sultan Selim K\u00f6pr\u00fclerinde KDV oran\u0131n\u0131n y\u00fczde 8 olarak uyguland\u0131\u011f\u0131 g\u00f6z \u00f6n\u00fcne al\u0131n\u0131rsa Avrasya T\u00fcneli\u2019nde de ayn\u0131 oran\u0131n uygulanaca\u011f\u0131 tahmin ediliyor. T\u00fcnel 13 Eyl\u00fcl\u2019de a\u00e7\u0131lsayd\u0131, t\u00fcnelden ge\u00e7mek isteyen bir otomobil, ozamanki 2,96 seviyesindeki dolar\/TL \u00fczerinden KDV dahil 12,79 TL\u2019lik bir \u00fccret \u00f6deyecekti. Ancak dolar kurunun rekor \u00fczerine rekor k\u0131rmas\u0131 \u00fczerine t\u00fcnele daha a\u00e7\u0131lmadan zam geldi. T\u00fcnelden ge\u00e7mek isteyen bir otomobil \u015fu anki kur (3.44 TL) \u00fczerinden KDV dahil 14,86 TL\u2019lik bir \u00fccret \u00f6demesi gerekiyor. Buna g\u00f6re Avrasya T\u00fcneli ge\u00e7i\u015f \u00fccretleri daha a\u00e7\u0131lmadan iki bu\u00e7uk ayda y\u00fczde 16 (2 TL) zamlanm\u0131\u015f oldu. T\u00fcnelden ge\u00e7mek isteyen minib\u00fcsler ise 6 dolar + KDV \u00f6deyecek.<\/p>\n<h2>K\u0130MLER YARARLANAB\u0130LECEK?<\/h2>\n<p>T\u00fcnelden yaln\u0131zca otomobil ve minib\u00fcsler ge\u00e7ebilirken en fazla 2.80 m y\u00fckseklikteki ara\u00e7lar yararlanabilecek. A\u011f\u0131r ta\u015f\u0131tlar, motosiklet ve yayalar ge\u00e7emeyecek. T\u00fcnelden ge\u00e7mek isteyen otomobiller 4 dolar + KDV, minib\u00fcsler ise 6 dolar + KDV \u00f6deyecek<\/p>\n<\/div>\n","protected":false},"excerpt":{"rendered":"<p>20 Aral\u0131k&#8217;ta a\u00e7\u0131l\u0131\u015f\u0131 ger\u00e7ekle\u015ftirilecek olan Avrasya T\u00fcneli ge\u00e7i\u015f \u00fccretleri dolar\u0131n rekor \u00fczerine rekor k\u0131rmas\u0131 sebebiyle bug\u00fcn itibar\u0131yla y\u00fczde 16 (2 TL) zamland\u0131. 20 Aral\u0131k&#8217;ta a\u00e7\u0131l\u0131\u015f\u0131 ger\u00e7ekle\u015ftirilecek olan Avrasya T\u00fcneli ge\u00e7i\u015f \u00fccretleri dolar\u0131n rekor \u00fczerine rekor k\u0131rmas\u0131 sebebiyle bug\u00fcn itibar\u0131yla y\u00fczde 16 (2 TL) zamland\u0131 \u0130stanbul\u2019un Anadolu ve Avrupa yakalar\u0131n\u0131 deniz taban\u0131n\u0131n alt\u0131ndan karayoluyla ba\u011flayacak Avrasya [&hellip;]<\/p>\n","protected":false},"author":1,"featured_media":6091,"comment_status":"open","ping_status":"open","sticky":false,"template":"","format":"standard","meta":{"ngg_post_thumbnail":0},"categories":[1,26],"tags":[4005,477,5142,5140,5141,486,11562,11433,851],"_links":{"self":[{"href":"https:\/\/emlaktuel.com\/index.php?rest_route=\/wp\/v2\/posts\/8016"}],"collection":[{"href":"https:\/\/emlaktuel.com\/index.php?rest_route=\/wp\/v2\/posts"}],"about":[{"href":"https:\/\/emlaktuel.com\/index.php?rest_route=\/wp\/v2\/types\/post"}],"author":[{"embeddable":true,"href":"https:\/\/emlaktuel.com\/index.php?rest_route=\/wp\/v2\/users\/1"}],"replies":[{"embeddable":true,"href":"https:\/\/emlaktuel.com\/index.php?rest_route=%2Fwp%2Fv2%2Fcomments&post=8016"}],"version-history":[{"count":2,"href":"https:\/\/emlaktuel.com\/index.php?rest_route=\/wp\/v2\/posts\/8016\/revisions"}],"predecessor-version":[{"id":8018,"href":"https:\/\/emlaktuel.com\/index.php?rest_route=\/wp\/v2\/posts\/8016\/revisions\/8018"}],"wp:featuredmedia":[{"embeddable":true,"href":"https:\/\/emlaktuel.com\/index.php?rest_route=\/wp\/v2\/media\/6091"}],"wp:attachment":[{"href":"https:\/\/emlaktuel.com\/index.php?rest_route=%2Fwp%2Fv2%2Fmedia&parent=8016"}],"wp:term":[{"taxonomy":"category","embeddable":true,"href":"https:\/\/emlaktuel.com\/index.php?rest_route=%2Fwp%2Fv2%2Fcategories&post=8016"},{"taxonomy":"post_tag","embeddable":true,"href":"https:\/\/emlaktuel.com\/index.php?rest_route=%2Fwp%2Fv2%2Ftags&post=8016"}],"curies":[{"name":"wp","href":"https:\/\/api.w.org\/{rel}","templated":true}]}}