{"id":7908,"date":"2016-11-23T12:40:35","date_gmt":"2016-11-23T09:40:35","guid":{"rendered":"http:\/\/emlaktuel.com\/?p=7908"},"modified":"2018-07-05T15:16:55","modified_gmt":"2018-07-05T12:16:55","slug":"kamu-ve-ozel-sektor-yatirimlari-2017de-artacak","status":"publish","type":"post","link":"https:\/\/emlaktuel.com\/?p=7908","title":{"rendered":"Kamu ve \u00f6zel sekt\u00f6r yat\u0131r\u0131mlar\u0131 2017&#8217;de artacak!"},"content":{"rendered":"<h1 class=\"news-detail-title selectionShareable\">2016 y\u0131l\u0131nda 440.7 milyar lira seviyesinde ger\u00e7ekle\u015fen yat\u0131r\u0131mlar gelecek y\u0131l 497.1 milyar TL`ye y\u00fckselecek. Yat\u0131r\u0131mlar\u0131n 374.8 milyar liral\u0131k b\u00f6l\u00fcm\u00fc ise \u00f6zel kesim taraf\u0131ndan yap\u0131lacak. \u00d6te yandan yat\u0131r\u0131mlar\u0131n tamamlanma s\u00fcresi de k\u0131sal\u0131yor.<\/h1>\n<div>\n<p>2016 y\u0131l\u0131nda 440.7 milyar lira seviyesinde ger\u00e7ekle\u015fen yat\u0131r\u0131mlar gelecek y\u0131l 497.1 milyar TL`ye y\u00fckselecek. Yat\u0131r\u0131mlar\u0131n 374.8 milyar liral\u0131k b\u00f6l\u00fcm\u00fc ise \u00f6zel kesim taraf\u0131ndan yap\u0131lacak. \u00d6te yandan yat\u0131r\u0131mlar\u0131n tamamlanma s\u00fcresi de k\u0131sal\u0131yor.<\/p>\n<p>2017 y\u0131l\u0131 yat\u0131r\u0131mlar\u0131n y\u0131l\u0131 olacak. Kamu ve \u00f6zel sekt\u00f6r\u00fcn yat\u0131r\u0131mlar\u0131 2017 y\u0131l\u0131nda artacak. 2016 y\u0131l\u0131nda 440,7 milyar TL olarak ger\u00e7ekle\u015fece\u011fi tahmin edilen toplam sabit sermaye yat\u0131r\u0131mlar\u0131n\u0131n gelecek y\u0131l 497,1 milyar TL olmas\u0131 bekleniyor.<\/p>\n<h2>3 B\u0130N 8 KAMU YATIRIMI<\/h2>\n<p>Bu yat\u0131r\u0131mlar\u0131n ise 374,8 milyar TL&#8217;sinin \u00f6zel kesim taraf\u0131ndan yap\u0131lmas\u0131 planlan\u0131yor. Ak\u015fam&#8217;\u0131n haberine g\u00f6re Kalk\u0131nma Bakanl\u0131\u011f\u0131 verilerine g\u00f6re 2016 Y\u0131l\u0131 Yat\u0131r\u0131m Program\u0131 kapsam\u0131nda mahalli idare yat\u0131r\u0131mlar\u0131, yat\u0131r\u0131m i\u015f\u00e7ili\u011fi ve kamula\u015ft\u0131rma giderleri hari\u00e7 olmak \u00fczere toplam proje tutar\u0131 543,3 milyar TL olan 3 bin 8 olan kamu yat\u0131r\u0131m projesi y\u00fcr\u00fct\u00fcl\u00fcyor.<\/p>\n<h2>Y\u00dcZDE 75&#8217;i \u00d6ZEL SEKT\u00d6RDEN<\/h2>\n<p>S\u00f6z konusu projeler i\u00e7in ba\u015flang\u0131\u00e7ta 64,9 milyar TL \u00f6denek ayr\u0131ld\u0131. 2017 y\u0131l\u0131nda kamu ve \u00f6zel sekt\u00f6r yat\u0131r\u0131mlar\u0131nda art\u0131\u015f olacak. Buna g\u00f6re, 2016 y\u0131l\u0131nda 440,7 milyar TL olarak ger\u00e7ekle\u015fece\u011fi tahmin edilen toplam sabit sermaye yat\u0131r\u0131mlar\u0131n\u0131n gelecek y\u0131l y\u00fczde 5,1 oran\u0131nda art\u0131\u015fla 497,1 milyar TL olmas\u0131 bekleniyor. Bunun y\u00fczde 75,4&#8217;\u00fc \u00f6zel kesim taraf\u0131ndan ger\u00e7ekle\u015ftirilecek.<\/p>\n<h2>S\u00dcRE DE G\u0130TT\u0130K\u00c7E KISALIYOR<\/h2>\n<p>Kamu ve \u00f6zel sekt\u00f6r\u00fcn yat\u0131r\u0131mlar\u0131 artarken, di\u011fer taraftan bunlar\u0131n tamamlanma s\u00fcresi de gittik\u00e7e k\u0131sal\u0131yor. 2017 y\u0131l\u0131nda kamunun toplam 122,3 milyar liral\u0131k yat\u0131r\u0131m yapmas\u0131 \u00f6ng\u00f6r\u00fcl\u00fcrken, bunlar\u0131n tamamlanma s\u00fcresi de k\u0131sa olacak. Kalk\u0131nma Bakanl\u0131\u011f\u0131 verilerine g\u00f6re kamu yat\u0131r\u0131mlar\u0131n\u0131n ortalama tamamlanma s\u00fcresi son 14 y\u0131ll\u0131k d\u00f6nemde b\u00fcy\u00fck oranda k\u0131sald\u0131.<\/p>\n<h2>EN HIZLISI E\u011e\u0130T\u0130M SEKT\u00d6R\u00dc<\/h2>\n<p>2002&#8217;de 8.5 y\u0131l olan kamu yat\u0131r\u0131mlar\u0131n\u0131n ortalama tamamlanma s\u00fcresi 2016&#8217;da 3,7&#8217;ye geriledi. Sekt\u00f6rlerin ortalama proje tamamlanma s\u00fcrelerine bak\u0131ld\u0131\u011f\u0131nda en h\u0131zl\u0131 tamamlanan yat\u0131r\u0131m e\u011fitim. Kamunun e\u011fitim yat\u0131r\u0131mlar\u0131 ortalama 2016 y\u0131l\u0131 itibar\u0131yla 1.5 y\u0131la gerilerken, ula\u015ft\u0131rmada bu s\u00fcre 5.6, tar\u0131m yat\u0131r\u0131mlar\u0131nda ise 6.9 y\u0131la \u00e7\u0131k\u0131yor.<\/p>\n<p>Sabah<\/p>\n<\/div>\n","protected":false},"excerpt":{"rendered":"<p>2016 y\u0131l\u0131nda 440.7 milyar lira seviyesinde ger\u00e7ekle\u015fen yat\u0131r\u0131mlar gelecek y\u0131l 497.1 milyar TL`ye y\u00fckselecek. Yat\u0131r\u0131mlar\u0131n 374.8 milyar liral\u0131k b\u00f6l\u00fcm\u00fc ise \u00f6zel kesim taraf\u0131ndan yap\u0131lacak. \u00d6te yandan yat\u0131r\u0131mlar\u0131n tamamlanma s\u00fcresi de k\u0131sal\u0131yor. 2016 y\u0131l\u0131nda 440.7 milyar lira seviyesinde ger\u00e7ekle\u015fen yat\u0131r\u0131mlar gelecek y\u0131l 497.1 milyar TL`ye y\u00fckselecek. Yat\u0131r\u0131mlar\u0131n 374.8 milyar liral\u0131k b\u00f6l\u00fcm\u00fc ise \u00f6zel kesim taraf\u0131ndan yap\u0131lacak. [&hellip;]<\/p>\n","protected":false},"author":1,"featured_media":1213,"comment_status":"open","ping_status":"open","sticky":false,"template":"","format":"standard","meta":{"ngg_post_thumbnail":0},"categories":[221,1,26,97],"tags":[940,5075,5076,825,556,11607,96,3038],"_links":{"self":[{"href":"https:\/\/emlaktuel.com\/index.php?rest_route=\/wp\/v2\/posts\/7908"}],"collection":[{"href":"https:\/\/emlaktuel.com\/index.php?rest_route=\/wp\/v2\/posts"}],"about":[{"href":"https:\/\/emlaktuel.com\/index.php?rest_route=\/wp\/v2\/types\/post"}],"author":[{"embeddable":true,"href":"https:\/\/emlaktuel.com\/index.php?rest_route=\/wp\/v2\/users\/1"}],"replies":[{"embeddable":true,"href":"https:\/\/emlaktuel.com\/index.php?rest_route=%2Fwp%2Fv2%2Fcomments&post=7908"}],"version-history":[{"count":1,"href":"https:\/\/emlaktuel.com\/index.php?rest_route=\/wp\/v2\/posts\/7908\/revisions"}],"predecessor-version":[{"id":7909,"href":"https:\/\/emlaktuel.com\/index.php?rest_route=\/wp\/v2\/posts\/7908\/revisions\/7909"}],"wp:featuredmedia":[{"embeddable":true,"href":"https:\/\/emlaktuel.com\/index.php?rest_route=\/wp\/v2\/media\/1213"}],"wp:attachment":[{"href":"https:\/\/emlaktuel.com\/index.php?rest_route=%2Fwp%2Fv2%2Fmedia&parent=7908"}],"wp:term":[{"taxonomy":"category","embeddable":true,"href":"https:\/\/emlaktuel.com\/index.php?rest_route=%2Fwp%2Fv2%2Fcategories&post=7908"},{"taxonomy":"post_tag","embeddable":true,"href":"https:\/\/emlaktuel.com\/index.php?rest_route=%2Fwp%2Fv2%2Ftags&post=7908"}],"curies":[{"name":"wp","href":"https:\/\/api.w.org\/{rel}","templated":true}]}}