{"id":7901,"date":"2016-11-23T12:19:19","date_gmt":"2016-11-23T09:19:19","guid":{"rendered":"http:\/\/emlaktuel.com\/?p=7901"},"modified":"2018-07-05T15:16:49","modified_gmt":"2018-07-05T12:16:49","slug":"istanbul-216-konutlarinda-ogretmenler-gunune-ozel-yuzde-20-indirim","status":"publish","type":"post","link":"https:\/\/emlaktuel.com\/?p=7901","title":{"rendered":"\u0130stanbul 216 Konutlar\u0131\u2019nda \u00d6\u011fretmenler G\u00fcn\u00fc\u2019ne \u00f6zel y\u00fczde 20 indirim"},"content":{"rendered":"<p><strong>Baysa\u015f \u0130n\u015faat<\/strong>,\u00a0 <strong>Fikirtepe<\/strong>\u2019de hayata ge\u00e7irdi\u011fi <strong>\u0130stanbul 216 Konutlar\u0131<\/strong> projesinde \u00d6\u011fretmenler G\u00fcn\u00fc haftas\u0131 s\u00fcresince e\u011fitimcilere \u00f6zel indirim f\u0131rsat\u0131 sunuyor<\/p>\n<p>\u0130stanbul 216 Konutlar\u0131\u2019nda 24 Kas\u0131m &#8211; 30 Kas\u0131m tarihleri aras\u0131nda <strong>\u00d6\u011fretmenler G\u00fcn\u00fc<\/strong>\u2019ne \u00f6zel t\u00fcm \u00f6\u011fretmen ve \u00f6\u011fretim g\u00f6revlilerine pe\u015fin veya banka kredili al\u0131mlarda y\u00fczde 20 indirim imkan\u0131 sunuluyor. Fiyatlar\u0131n \u015fu an i\u00e7in 388 bin TL\u2019den ba\u015flayarak 1 milyon 250 bin TL\u2019ye kadar y\u00fckseldi\u011fi \u0130stanbul 216 Konutlar\u0131\u2019nda 120 aya kadar y\u00fczde 0.70 faiz oran\u0131 uygulan\u0131yor.\u00a0 Ayr\u0131ca firma b\u00fcnyesinde yat\u0131r\u0131mc\u0131lar\u0131n b\u00fct\u00e7elerine g\u00f6re \u00f6deme plan\u0131 da yap\u0131l\u0131yor.<\/p>\n<p>&nbsp;<\/p>\n<p>\u0130stanbul 216 Konutlar\u0131\u2019n\u0131n ilk etab\u0131 bu y\u0131l\u0131n sonunda, ikinci etab\u0131 ise 2018 y\u0131l\u0131nda teslim edilecek. \u0130ki etapta da sat\u0131\u015f ve in\u015faat \u00e7al\u0131\u015fmalar\u0131 t\u00fcm h\u0131z\u0131yla devam ediyor. Projenin ilk etab\u0131nda sat\u0131\u015flar\u0131n ise y\u00fczde 85\u2019i, ikinci etab\u0131nda ise y\u00fczde 50\u2019si tamamland\u0131.<\/p>\n<p>\u0130stanbul 216&#8217;n\u0131n ilk etab\u0131nda b\u00fcy\u00fckl\u00fckleri\u00a050\u00a0\u00a0metrekare ile\u00a0160 metrekare aras\u0131nda de\u011fi\u015fen 1+1, 2+1 ve 3+1 olmak \u00fczere toplam 541 konut yer al\u0131yor. 47 bin metrekare sat\u0131labilir alan; 42 bin metrekare ortak-sosyal alan ve 4 bin 500 metrekare ye\u015fil alana sahip olan \u0130stanbul 216 Konutlar\u0131\u2019n\u0131n birinci etab\u0131 zemin art\u0131 24 katl\u0131 3 bloktan olu\u015fuyor. Sosyal alanlar\u0131nda havuz, fitness, sauna ve \u00e7ocuk oyun alanlar\u0131n\u0131n yer ald\u0131\u011f\u0131 proje; metrob\u00fcs, metro ve marmaray gibi ula\u015f\u0131m akslar\u0131na yak\u0131nl\u0131\u011f\u0131yla dikkat \u00e7ekiyor.<\/p>\n<p>24, 24 ve 13 katl\u0131 3 blokta toplam 579 konuttan meydana gelen 2\u2019nci etap ise 12 bin 123 metrekare arsa alan\u0131 \u00fczerinde 90 bin metrekare in\u015faat alan\u0131na sahip bulunuyor. 80 milyon dolar yat\u0131r\u0131m de\u011ferine sahip olan 2\u2019nci etapta alanlar\u0131 52 ila 246 metrekare aras\u0131nda de\u011fi\u015fen 1+1, 2+1, 3+1 ve 4+1 konutlar yer al\u0131yor. Metro ve metrob\u00fcse yak\u0131nl\u0131\u011f\u0131 ile dikkat \u00e7eken \u0130stanbul 216 projesinin 2\u2019nci etab\u0131nda a\u00e7\u0131k-kapal\u0131 havuz, fitness, sauna, kapal\u0131 otopark ve \u00e7ocuk oyun alanlar\u0131 yer al\u0131yor. 2\u2019nci etab\u0131n en \u00f6nemli \u00f6zelli\u011fi aras\u0131nda 1700 metrekarelik spor kul\u00fcb\u00fc g\u00f6steriliyor. \u00d6n cephesi a\u00e7\u0131k olan spor kul\u00fcb\u00fc, 5\u2019nci katta konumlanarak, spor yapanlara \u00c7aml\u0131ca manzaras\u0131 sunuyor.<\/p>\n<p>Anadolu Yakas\u0131\u2019n\u0131n en prestijli noktas\u0131 Kad\u0131k\u00f6y Fikirtepe\u2019de y\u00fckselen \u0130stanbul 216 Konutlar\u0131, Mimar Deniz \u00c7a\u011flar Duman imzas\u0131 ta\u015f\u0131yor.<\/p>\n<p><a href=\"http:\/\/www.istanbul216.com.tr\">www.istanbul216.com.tr<\/a><\/p>\n","protected":false},"excerpt":{"rendered":"<p>Baysa\u015f \u0130n\u015faat,\u00a0 Fikirtepe\u2019de hayata ge\u00e7irdi\u011fi \u0130stanbul 216 Konutlar\u0131 projesinde \u00d6\u011fretmenler G\u00fcn\u00fc haftas\u0131 s\u00fcresince e\u011fitimcilere \u00f6zel indirim f\u0131rsat\u0131 sunuyor \u0130stanbul 216 Konutlar\u0131\u2019nda 24 Kas\u0131m &#8211; 30 Kas\u0131m tarihleri aras\u0131nda \u00d6\u011fretmenler G\u00fcn\u00fc\u2019ne \u00f6zel t\u00fcm \u00f6\u011fretmen ve \u00f6\u011fretim g\u00f6revlilerine pe\u015fin veya banka kredili al\u0131mlarda y\u00fczde 20 indirim imkan\u0131 sunuluyor. Fiyatlar\u0131n \u015fu an i\u00e7in 388 bin TL\u2019den ba\u015flayarak 1 [&hellip;]<\/p>\n","protected":false},"author":1,"featured_media":7902,"comment_status":"open","ping_status":"open","sticky":false,"template":"","format":"standard","meta":{"ngg_post_thumbnail":0},"categories":[221,1,26,219,97],"tags":[2505,11417,11326,73,11084,80,11167,478,11261],"_links":{"self":[{"href":"https:\/\/emlaktuel.com\/index.php?rest_route=\/wp\/v2\/posts\/7901"}],"collection":[{"href":"https:\/\/emlaktuel.com\/index.php?rest_route=\/wp\/v2\/posts"}],"about":[{"href":"https:\/\/emlaktuel.com\/index.php?rest_route=\/wp\/v2\/types\/post"}],"author":[{"embeddable":true,"href":"https:\/\/emlaktuel.com\/index.php?rest_route=\/wp\/v2\/users\/1"}],"replies":[{"embeddable":true,"href":"https:\/\/emlaktuel.com\/index.php?rest_route=%2Fwp%2Fv2%2Fcomments&post=7901"}],"version-history":[{"count":2,"href":"https:\/\/emlaktuel.com\/index.php?rest_route=\/wp\/v2\/posts\/7901\/revisions"}],"predecessor-version":[{"id":7904,"href":"https:\/\/emlaktuel.com\/index.php?rest_route=\/wp\/v2\/posts\/7901\/revisions\/7904"}],"wp:featuredmedia":[{"embeddable":true,"href":"https:\/\/emlaktuel.com\/index.php?rest_route=\/wp\/v2\/media\/7902"}],"wp:attachment":[{"href":"https:\/\/emlaktuel.com\/index.php?rest_route=%2Fwp%2Fv2%2Fmedia&parent=7901"}],"wp:term":[{"taxonomy":"category","embeddable":true,"href":"https:\/\/emlaktuel.com\/index.php?rest_route=%2Fwp%2Fv2%2Fcategories&post=7901"},{"taxonomy":"post_tag","embeddable":true,"href":"https:\/\/emlaktuel.com\/index.php?rest_route=%2Fwp%2Fv2%2Ftags&post=7901"}],"curies":[{"name":"wp","href":"https:\/\/api.w.org\/{rel}","templated":true}]}}