{"id":7724,"date":"2016-11-16T14:23:31","date_gmt":"2016-11-16T11:23:31","guid":{"rendered":"http:\/\/emlaktuel.com\/?p=7724"},"modified":"2018-07-05T15:14:47","modified_gmt":"2018-07-05T12:14:47","slug":"satya-insaatin-sahibi-yilmaz-aydogan-sektore-giris-hikayesi","status":"publish","type":"post","link":"https:\/\/emlaktuel.com\/?p=7724","title":{"rendered":"Satya \u0130n\u015faat&#8217;\u0131n sahibi Y\u0131lmaz Aydo\u011fan sekt\u00f6re giri\u015f hikayesi!"},"content":{"rendered":"<h1 class=\"news-detail-title selectionShareable\">2005 y\u0131l\u0131ndan bu yana gayrimenkul sekt\u00f6r\u00fcnde sat\u0131\u015f ve pazarlama alan\u0131nda \u00e7al\u0131\u015fan Y\u0131lmaz Aydo\u011fan, m\u00fcteahhitli\u011fe soyundu.<\/h1>\n<div class=\"clear\"><\/div>\n<div>\n<p>Evrenin ilk dilinde g\u00fcven ve d\u00fcr\u00fcstl\u00fck anlam\u0131na gelen Satya ad\u0131yla \u015firket kuran Y\u0131lmaz Aydo\u011fan, sekt\u00f6re ad\u0131m atma hikayesini \u015f\u00f6yle anlatt\u0131: \u201cTuzla\u2019da bir projenin sat\u0131\u015f i\u015fini \u00fcstlendik. Proje geli\u015ftiren ortaklar finansal durumlar\u0131n\u0131n g\u00fc\u00e7l\u00fc oldu\u011funu s\u00f6yledi. \u0130\u015fe ba\u015flad\u0131k, ruhsat al\u0131nm\u0131yor. Me\u011fer ruhsat alacak paralar\u0131 bile yokmu\u015f. O projede zorland\u0131k ama isk\u00e2n\u0131 al\u0131p evleri teslim edip sonu\u00e7land\u0131rd\u0131k. Ben \u2018bu i\u015fi \u00a0hakk\u0131yla yapaca\u011f\u0131m\u2019 dedim ve kendi \u015firketimi kurdum.\u201d<\/p>\n<h2>500 M\u0130LYAR DOLARLIK<\/h2>\n<p>\u0130lk etapta 18 dairelik sonra 24 dairelik projeler yapt\u0131\u011f\u0131n\u0131 belirten Aydo\u011fan, \u015fimdi Tuzla ve Pendik\u2019te 2 konut projesi i\u00e7in \u00e7al\u0131\u015ft\u0131klar\u0131n\u0131 dile getirdi. 188 konutluk KriyaTime Tuzla\u2019da sat\u0131\u015flar\u0131 tamamlamak \u00fczere olduklar\u0131n\u0131 belirten Aydo\u011fan, \u201cPendik\u2019te ise 340 daire ve 25 ticari \u00fcniteden olu\u015fan bir proje hayata ge\u00e7irece\u011fiz. 2 projemizin de\u011feri 370 milyon lira. 100 bin metrekare sat\u0131labilir alan ortaya \u00e7\u0131kacak\u201d dedi. Her y\u0131l en az 500 dairelik bir konut projesi hedeflediklerini dile getiren Aydo\u011fan, yeni konut yat\u0131r\u0131mlar\u0131n\u0131n Kurtk\u00f6y ve Kartal\u2019da olaca\u011f\u0131n\u0131 s\u00f6yledi.<\/p>\n<p>Satya\u2019n\u0131n, s\u00fcrekli \u2018do\u011fruluk ve d\u00fcr\u00fcstl\u00fck\u2019 vurgusu yapmas\u0131na ili\u015fkin de Aydo\u011fan, \u015funlar\u0131 s\u00f6yledi: \u201cBiz insanlara ne vaat ediyorsak onu yapaca\u011f\u0131z. Evleri zaman\u0131nda teslim edece\u011fiz, hangi malzeme i\u00e7in garanti verdiysek onu kullanaca\u011f\u0131z.\u201d<\/p>\n<p>Yat\u0131r\u0131m ama\u00e7l\u0131 konut alacak kesime ve orta gelirli vatanda\u015fa odakland\u0131klar\u0131n\u0131 belirten Aydo\u011fan, \u015funlar\u0131 s\u00f6yledi: \u201c\u00c7al\u0131\u015fanlar\u0131m\u0131z\u0131n \u00e7o\u011fu finans sekt\u00f6r\u00fcnden. Finansbank\u2019tan 17 ki\u015fi ald\u0131k. Belli aral\u0131klarla m\u00fc\u015fteriyi ar\u0131yor \u2018eviniz bu kadar prim yapt\u0131, satal\u0131m m\u0131, devam m\u0131 edelim\u2019 diye soruyoruz.\u201d<\/p>\n<h2>D\u00dcR\u00dcSTL\u00dcK \u0130DD\u0130ASI TEPK\u0130 \u00c7EKT\u0130<\/h2>\n<p>B\u0130R in\u015faat \u015firketi olarak d\u00fcr\u00fcstl\u00fck vurgusu yapmalar\u0131n\u0131n baz\u0131 \u015firketleri rahats\u0131z etti\u011fini belirten Satya Yap\u0131 Y\u00f6netim Kurulu Ba\u015fkan\u0131 Y\u0131lmaz Aydo\u011fan, \u201c\u0130stanbul \u0130n\u015faat\u00e7\u0131lar Derne\u011fi\u2019ne \u00fcyeyiz. Buraya \u2018kim bunlar\u2019 diye \u015fikayet gelmi\u015f. \u2018D\u00fcr\u00fcst olaca\u011f\u0131m\u2019 dedim uyar\u0131 yaz\u0131s\u0131 ald\u0131m. Bizi aray\u0131p takdir edenler de oldu. Tabii ki sekt\u00f6rde i\u015fini do\u011fu yapan kurumsal firmalar da var. Biz de onlardan biri olmak istiyoruz\u201d dedi.<\/p>\n<p>H\u00fcrriyet \/ G\u00fclistan ALAG\u00d6Z<\/p>\n<\/div>\n","protected":false},"excerpt":{"rendered":"<p>2005 y\u0131l\u0131ndan bu yana gayrimenkul sekt\u00f6r\u00fcnde sat\u0131\u015f ve pazarlama alan\u0131nda \u00e7al\u0131\u015fan Y\u0131lmaz Aydo\u011fan, m\u00fcteahhitli\u011fe soyundu. Evrenin ilk dilinde g\u00fcven ve d\u00fcr\u00fcstl\u00fck anlam\u0131na gelen Satya ad\u0131yla \u015firket kuran Y\u0131lmaz Aydo\u011fan, sekt\u00f6re ad\u0131m atma hikayesini \u015f\u00f6yle anlatt\u0131: \u201cTuzla\u2019da bir projenin sat\u0131\u015f i\u015fini \u00fcstlendik. Proje geli\u015ftiren ortaklar finansal durumlar\u0131n\u0131n g\u00fc\u00e7l\u00fc oldu\u011funu s\u00f6yledi. \u0130\u015fe ba\u015flad\u0131k, ruhsat al\u0131nm\u0131yor. Me\u011fer ruhsat [&hellip;]<\/p>\n","protected":false},"author":1,"featured_media":7726,"comment_status":"open","ping_status":"open","sticky":false,"template":"","format":"standard","meta":{"ngg_post_thumbnail":0},"categories":[1,26],"tags":[67,11358,80,10655,2430,11359,4976,4975,4974,556,11408],"_links":{"self":[{"href":"https:\/\/emlaktuel.com\/index.php?rest_route=\/wp\/v2\/posts\/7724"}],"collection":[{"href":"https:\/\/emlaktuel.com\/index.php?rest_route=\/wp\/v2\/posts"}],"about":[{"href":"https:\/\/emlaktuel.com\/index.php?rest_route=\/wp\/v2\/types\/post"}],"author":[{"embeddable":true,"href":"https:\/\/emlaktuel.com\/index.php?rest_route=\/wp\/v2\/users\/1"}],"replies":[{"embeddable":true,"href":"https:\/\/emlaktuel.com\/index.php?rest_route=%2Fwp%2Fv2%2Fcomments&post=7724"}],"version-history":[{"count":2,"href":"https:\/\/emlaktuel.com\/index.php?rest_route=\/wp\/v2\/posts\/7724\/revisions"}],"predecessor-version":[{"id":7727,"href":"https:\/\/emlaktuel.com\/index.php?rest_route=\/wp\/v2\/posts\/7724\/revisions\/7727"}],"wp:featuredmedia":[{"embeddable":true,"href":"https:\/\/emlaktuel.com\/index.php?rest_route=\/wp\/v2\/media\/7726"}],"wp:attachment":[{"href":"https:\/\/emlaktuel.com\/index.php?rest_route=%2Fwp%2Fv2%2Fmedia&parent=7724"}],"wp:term":[{"taxonomy":"category","embeddable":true,"href":"https:\/\/emlaktuel.com\/index.php?rest_route=%2Fwp%2Fv2%2Fcategories&post=7724"},{"taxonomy":"post_tag","embeddable":true,"href":"https:\/\/emlaktuel.com\/index.php?rest_route=%2Fwp%2Fv2%2Ftags&post=7724"}],"curies":[{"name":"wp","href":"https:\/\/api.w.org\/{rel}","templated":true}]}}