{"id":7653,"date":"2016-11-14T12:29:28","date_gmt":"2016-11-14T09:29:28","guid":{"rendered":"http:\/\/emlaktuel.com\/?p=7653"},"modified":"2018-07-05T15:13:59","modified_gmt":"2018-07-05T12:13:59","slug":"guneydogu-dunyanin-en-buyuk-santiyesi-oldu","status":"publish","type":"post","link":"https:\/\/emlaktuel.com\/?p=7653","title":{"rendered":"G\u00fcneydo\u011fu d\u00fcnyan\u0131n en b\u00fcy\u00fck \u015fantiyesi oldu!"},"content":{"rendered":"<h1 class=\"news-detail-title selectionShareable\">G\u00fcneydo\u011fu&#8217;da y\u0131k\u0131lan \u015fehirler yeniden in\u015fa ediliyor. PKK\u2019n\u0131n hendek ter\u00f6r\u00fc y\u00fcz\u00fcnden evini terk edenler, art\u0131k g\u00fcvenle geri geliyor.<\/h1>\n<div class=\"clear\"><\/div>\n<div>\n<p><strong>Ter\u00f6r \u00f6rg\u00fct\u00fc PKK<\/strong>\u2019n\u0131n hendek-barikat siyasetiyle neredeyse yerle bir etti\u011fi <strong>\u015e\u0131rnak<\/strong>\u2019ta hayat bug\u00fcnden itibaren normale d\u00f6n\u00fcyor. Ter\u00f6r \u00f6rg\u00fct\u00fcn\u00fcn may\u0131n, el yap\u0131m\u0131 patlay\u0131c\u0131larla tuzaklad\u0131\u011f\u0131 evler, sokaklar g\u00fcvenlik birimleri taraf\u0131ndan tek tek temizlendi. \u00d6ncelikle hasarl\u0131 binalar y\u0131k\u0131larak, molozlar\u0131n temizlenmesi \u00e7al\u0131\u015fmas\u0131 yap\u0131l\u0131yor. \u015e\u0131rnak Valili\u011fi, h\u0131zl\u0131 bir \u00e7al\u0131\u015fmayla y\u0131k\u0131lm\u0131\u015f binalar\u0131n yerine yenilerinin in\u015fa edilece\u011fini a\u00e7\u0131klad\u0131.<\/p>\n<h2>KONTROLL\u00dc \u00c7IKACAKLAR<\/h2>\n<p>\u015e\u0131rnak\u2019ta bug\u00fcn saat 05.00-22.00 aras\u0131nda soka\u011fa \u00e7\u0131kma yasa\u011f\u0131 kalkt\u0131. Ancak, \u015fehre giri\u015flerde yo\u011funluk ya\u015fanmamas\u0131 kontroll\u00fc bir giri\u015f uygulanacak. Bunun i\u00e7in \u015fehre giri\u015fler mahalle mahalle olacak. Valilik planlamas\u0131na g\u00f6re, Atat\u00fcrk ve Vak\u0131fkent Mahalle sakinlerinin bug\u00fcn, \u015eehri Nuh ve G\u00fcndo\u011fdu Mahalle sakinleri yar\u0131n, Ayd\u0131nl\u0131kevler ve \u0130smetpa\u015fa Mahalle sakinleri \u00e7ar\u015famba, Cumhuriyet ve Gazipa\u015fa Mahalle sakinleri per\u015fembe, Ye\u015filyurt ve Bah\u00e7elievler Mahalle sakinlerinin cuma, Yenimahalle ve Dicle Mahalle sakinleri ise cumartesi \u015fehre al\u0131nacak.<\/p>\n<h2>\u015eEH\u0130T \u015eANT\u0130YE ALANI G\u0130B\u0130<\/h2>\n<p>Hendek barikat siyaseti ile vatanda\u015fla devleti kar\u015f\u0131 kar\u015f\u0131ya getirmeyi planlayan ter\u00f6r \u00f6rg\u00fct\u00fc, kenti terk ederken de her yere may\u0131n d\u00f6\u015femi\u015f. Ter\u00f6rist unsurlar\u0131n\u0131n etkisiz hale getirilmesi sonras\u0131nda ter\u00f6ristlerin yerle\u015ftirdi\u011fi may\u0131n ve el yap\u0131m\u0131 bombalar kontroll\u00fc olarak patlat\u0131lm\u0131\u015f. \u0130\u015f makinalar\u0131 y\u0131k\u0131lm\u0131\u015f binalar\u0131n molozlar\u0131n\u0131 temizlemek i\u00e7in yo\u011fun bir \u00e7al\u0131\u015fma y\u00fcr\u00fct\u00fcyor. Valilik kaynaklar\u0131, soka\u011fa \u00e7\u0131kma yasa\u011f\u0131n\u0131n tuzaklamalardan ve a\u011f\u0131r hasar g\u00f6ren binalar\u0131n y\u0131k\u0131m\u0131 s\u0131ras\u0131nda vatanda\u015flar\u0131n zarar g\u00f6rmemesi i\u00e7in bug\u00fcne kadar uzat\u0131ld\u0131\u011f\u0131n\u0131 belirtti.<\/p>\n<h2>5 bin konut yap\u0131m\u0131<\/h2>\n<p>\u015e\u0131rnak valili\u011fi, kent merkezinde \u00f6ncelikle 30-40 y\u0131ll\u0131k tamamen eskimi\u015f olan su-kanalizasyon \u015febekesi, ar\u0131tma sistemi de \u00a0ilave edilmek suretiyle projelendirme \u00e7al\u0131\u015fmalar\u0131 tamamland\u0131\u011f\u0131n\u0131 a\u00e7\u0131klad\u0131. Ayn\u0131 \u015fekilde \u015fehir i\u00e7i cadde ve sokaklara 105 kilometre s\u0131cak asfalt yap\u0131lmas\u0131 konusunda ihale i\u015flemlerinin tamamland\u0131\u011f\u0131 da ifade edildi. Ayn\u0131 \u015fekilde 1 y\u0131l i\u00e7erisinde \u015e\u0131rnak merkezde i\u00e7inde i\u015f yerlerinin de oldu\u011fu Gazi Caddesi\u2019nde 960 konut, di\u011fer mahallelerde ise 5 bin konut in\u015fa edilecek.<\/p>\n<p><img class=\"lazy\" src=\"http:\/\/emlakkulisi.com\/resim\/tamboyut\/MTAwMjQ3MT-guneydogu-dunyanin-en-buyuk-santiyesine-donustu.jpg\" width=\"100%\" data-original=\"\/resim\/tamboyut\/MTAwMjQ3MT-guneydogu-dunyanin-en-buyuk-santiyesine-donustu.jpg\" \/><\/p>\n<h2>EV VE K\u0130RA YARDIMI<\/h2>\n<p>\u015e\u0131rnak Valili\u011fi, evleri y\u0131k\u0131lan ve imar\u0131 i\u00e7in anla\u015fma imzalayan vatanda\u015flara ayda 500 TL kira yard\u0131m\u0131 yapacak. Vatanda\u015f\u0131n 100 metrekarelik evi y\u0131k\u0131ld\u0131ysa kendisine \u00fccretsiz olarak 100 metrekarelik ev verilecek. Daha geni\u015f bir ev almak isteyen ise aradaki fark\u0131 \u00f6deyecek. Yeni yap\u0131lacak binalar; her t\u00fcrl\u00fc sosyal, fiziksel ve k\u00fclt\u00fcrel ihtiya\u00e7lar\u0131n\u0131 kar\u015f\u0131layacak \u015fekilde planlanm\u0131\u015f durumda.<\/p>\n<h2>TER\u00d6R HASARINA 36 B\u0130N YEN\u0130 KONUT<\/h2>\n<p>Sur, \u015e\u0131rnak il merkezi, Cizre, Silopi, \u0130dil, Nusaybin ve Y\u00fcksekova gibi yerlerde y\u00fcr\u00fct\u00fclen imar \u00e7al\u0131\u015fmalar\u0131 kapsam\u0131nda zarar tespit \u00e7al\u0131\u015fmalar\u0131 da tamamland\u0131. Ter\u00f6r \u00f6rg\u00fct\u00fcn\u00fcn kullan\u0131lamaz hale getirdi\u011fi 30 bin konutun yerine alt yap\u0131 ve sosyal donat\u0131 alanlar\u0131yla birlikte 36 bin yeni konut yap\u0131lacak. \u00a0Diyarbak\u0131r Sur il\u00e7esinin tarihi dokusu korunarak \u015fehir yeniden in\u015fa edilecek. Bu y\u0131l\u0131n sonunda ilk konutlar\u0131n teslim edilmesi planlan\u0131yor. Sur haricindeki 6 yerle\u015fim yerinde 1 y\u0131l i\u00e7inde, Sur da ise iki y\u0131l i\u00e7inde \u00e7al\u0131\u015fmalar\u0131n tamamlanmas\u0131 hedefleniyor. 2017 ba\u015f\u0131ndan itibaren \u201cSur\u2019da ev istiyorum\u201d diyen bir vatanda\u015fa TOK\u0130\u2019den ev verilebilecek.<\/p>\n<p>Star<\/p>\n<\/div>\n","protected":false},"excerpt":{"rendered":"<p>G\u00fcneydo\u011fu&#8217;da y\u0131k\u0131lan \u015fehirler yeniden in\u015fa ediliyor. PKK\u2019n\u0131n hendek ter\u00f6r\u00fc y\u00fcz\u00fcnden evini terk edenler, art\u0131k g\u00fcvenle geri geliyor. Ter\u00f6r \u00f6rg\u00fct\u00fc PKK\u2019n\u0131n hendek-barikat siyasetiyle neredeyse yerle bir etti\u011fi \u015e\u0131rnak\u2019ta hayat bug\u00fcnden itibaren normale d\u00f6n\u00fcyor. Ter\u00f6r \u00f6rg\u00fct\u00fcn\u00fcn may\u0131n, el yap\u0131m\u0131 patlay\u0131c\u0131larla tuzaklad\u0131\u011f\u0131 evler, sokaklar g\u00fcvenlik birimleri taraf\u0131ndan tek tek temizlendi. \u00d6ncelikle hasarl\u0131 binalar y\u0131k\u0131larak, molozlar\u0131n temizlenmesi \u00e7al\u0131\u015fmas\u0131 yap\u0131l\u0131yor. [&hellip;]<\/p>\n","protected":false},"author":1,"featured_media":7655,"comment_status":"open","ping_status":"open","sticky":false,"template":"","format":"standard","meta":{"ngg_post_thumbnail":0},"categories":[221,1,26,97],"tags":[11276,11199,258,11306,2498,4939,67,4940,4942,4941,11408],"_links":{"self":[{"href":"https:\/\/emlaktuel.com\/index.php?rest_route=\/wp\/v2\/posts\/7653"}],"collection":[{"href":"https:\/\/emlaktuel.com\/index.php?rest_route=\/wp\/v2\/posts"}],"about":[{"href":"https:\/\/emlaktuel.com\/index.php?rest_route=\/wp\/v2\/types\/post"}],"author":[{"embeddable":true,"href":"https:\/\/emlaktuel.com\/index.php?rest_route=\/wp\/v2\/users\/1"}],"replies":[{"embeddable":true,"href":"https:\/\/emlaktuel.com\/index.php?rest_route=%2Fwp%2Fv2%2Fcomments&post=7653"}],"version-history":[{"count":2,"href":"https:\/\/emlaktuel.com\/index.php?rest_route=\/wp\/v2\/posts\/7653\/revisions"}],"predecessor-version":[{"id":7656,"href":"https:\/\/emlaktuel.com\/index.php?rest_route=\/wp\/v2\/posts\/7653\/revisions\/7656"}],"wp:featuredmedia":[{"embeddable":true,"href":"https:\/\/emlaktuel.com\/index.php?rest_route=\/wp\/v2\/media\/7655"}],"wp:attachment":[{"href":"https:\/\/emlaktuel.com\/index.php?rest_route=%2Fwp%2Fv2%2Fmedia&parent=7653"}],"wp:term":[{"taxonomy":"category","embeddable":true,"href":"https:\/\/emlaktuel.com\/index.php?rest_route=%2Fwp%2Fv2%2Fcategories&post=7653"},{"taxonomy":"post_tag","embeddable":true,"href":"https:\/\/emlaktuel.com\/index.php?rest_route=%2Fwp%2Fv2%2Ftags&post=7653"}],"curies":[{"name":"wp","href":"https:\/\/api.w.org\/{rel}","templated":true}]}}