{"id":7602,"date":"2016-11-11T13:20:33","date_gmt":"2016-11-11T10:20:33","guid":{"rendered":"http:\/\/emlaktuel.com\/?p=7602"},"modified":"2018-07-05T15:13:12","modified_gmt":"2018-07-05T12:13:12","slug":"nefe-sign-of-the-cityden-3-odul","status":"publish","type":"post","link":"https:\/\/emlaktuel.com\/?p=7602","title":{"rendered":"Nef\u2019e Sign of the City\u2019den 3 \u00d6d\u00fcl"},"content":{"rendered":"<div>\n<div id=\"haberdetaybaslik\">\n<h1>Gayrimenkul sekt\u00f6r\u00fcnde, farkl\u0131 platformlarda \u00f6d\u00fcllere abone olan Nef, Sign of the City Awards\u2019tan da \u00fc\u00e7 farkl\u0131 projesiyle 3 farkl\u0131 \u00f6d\u00fcl ald\u0131.<\/h1>\n<div><\/div>\n<\/div>\n<\/div>\n<div>\n<div>\n<div><\/div>\n<p><span style=\"color: #2e2e2e;\">H\u00fcrriyet Gazetesi taraf\u0131ndan bu sene \u00fc\u00e7\u00fcnc\u00fcs\u00fc d\u00fczenlenen \u00e7evreci ve s\u00fcrd\u00fcr\u00fclebilir vizyona sahip in\u015faat ve gayrimenkul projelerinin de\u011ferlendirildi\u011fi <strong>Sign of the City Awards 2016<\/strong>&#8216;da kazanan gayrimenkul projelerinin \u00f6d\u00fclleri 9 kas\u0131m \u00e7ar\u015famba ak\u015fam\u0131 d\u00fczenlenen t\u00f6renle sahiplerini teslim edildi.<br \/>\nGerek yurti\u00e7i gerekse yurtd\u0131\u015f\u0131nda farkl\u0131 platformlarda d\u00fczenlenen gayrimenkul proje yar\u0131\u015fmalar\u0131nda pek \u00e7ok \u00f6d\u00fcl\u00fcn sahibi olan<strong> Nef<\/strong> , Sign of the City Awards 2016\u2019da; <strong>Nef Apartments Kemerburgaz 04<\/strong> ile \u2018<strong>En \u0130yi Konut<\/strong>\u2019, <strong>Nef Offices Ka\u011f\u0131thane 11<\/strong> ile \u2018<strong>En \u0130yi Ofis<\/strong>\u2019 ve <strong>Nef Atak\u00f6y 22<\/strong> ile \u2018<strong>En \u0130yi Rezidans<\/strong>\u2019 \u00f6d\u00fcllerine lay\u0131k g\u00f6r\u00fcld\u00fc. Nef 3 \u00f6d\u00fclle gecenin en \u00e7ok \u00f6d\u00fcl alan gayrimenkul markas\u0131 oldu.\u00a0<\/span><\/p>\n<\/div>\n<\/div>\n","protected":false},"excerpt":{"rendered":"<p>Gayrimenkul sekt\u00f6r\u00fcnde, farkl\u0131 platformlarda \u00f6d\u00fcllere abone olan Nef, Sign of the City Awards\u2019tan da \u00fc\u00e7 farkl\u0131 projesiyle 3 farkl\u0131 \u00f6d\u00fcl ald\u0131. H\u00fcrriyet Gazetesi taraf\u0131ndan bu sene \u00fc\u00e7\u00fcnc\u00fcs\u00fc d\u00fczenlenen \u00e7evreci ve s\u00fcrd\u00fcr\u00fclebilir vizyona sahip in\u015faat ve gayrimenkul projelerinin de\u011ferlendirildi\u011fi Sign of the City Awards 2016&#8216;da kazanan gayrimenkul projelerinin \u00f6d\u00fclleri 9 kas\u0131m \u00e7ar\u015famba ak\u015fam\u0131 d\u00fczenlenen t\u00f6renle sahiplerini [&hellip;]<\/p>\n","protected":false},"author":1,"featured_media":7603,"comment_status":"open","ping_status":"open","sticky":false,"template":"","format":"standard","meta":{"ngg_post_thumbnail":0},"categories":[221,26,27,97],"tags":[107,2662,1923,420,80,4907,4909,4908,11456,106,4906,11612],"_links":{"self":[{"href":"https:\/\/emlaktuel.com\/index.php?rest_route=\/wp\/v2\/posts\/7602"}],"collection":[{"href":"https:\/\/emlaktuel.com\/index.php?rest_route=\/wp\/v2\/posts"}],"about":[{"href":"https:\/\/emlaktuel.com\/index.php?rest_route=\/wp\/v2\/types\/post"}],"author":[{"embeddable":true,"href":"https:\/\/emlaktuel.com\/index.php?rest_route=\/wp\/v2\/users\/1"}],"replies":[{"embeddable":true,"href":"https:\/\/emlaktuel.com\/index.php?rest_route=%2Fwp%2Fv2%2Fcomments&post=7602"}],"version-history":[{"count":2,"href":"https:\/\/emlaktuel.com\/index.php?rest_route=\/wp\/v2\/posts\/7602\/revisions"}],"predecessor-version":[{"id":7605,"href":"https:\/\/emlaktuel.com\/index.php?rest_route=\/wp\/v2\/posts\/7602\/revisions\/7605"}],"wp:featuredmedia":[{"embeddable":true,"href":"https:\/\/emlaktuel.com\/index.php?rest_route=\/wp\/v2\/media\/7603"}],"wp:attachment":[{"href":"https:\/\/emlaktuel.com\/index.php?rest_route=%2Fwp%2Fv2%2Fmedia&parent=7602"}],"wp:term":[{"taxonomy":"category","embeddable":true,"href":"https:\/\/emlaktuel.com\/index.php?rest_route=%2Fwp%2Fv2%2Fcategories&post=7602"},{"taxonomy":"post_tag","embeddable":true,"href":"https:\/\/emlaktuel.com\/index.php?rest_route=%2Fwp%2Fv2%2Ftags&post=7602"}],"curies":[{"name":"wp","href":"https:\/\/api.w.org\/{rel}","templated":true}]}}