{"id":7597,"date":"2016-11-11T13:15:04","date_gmt":"2016-11-11T10:15:04","guid":{"rendered":"http:\/\/emlaktuel.com\/?p=7597"},"modified":"2018-07-05T15:13:07","modified_gmt":"2018-07-05T12:13:07","slug":"tual-bahcekentte-fiyatlar-244-bin-tlden-basliyor","status":"publish","type":"post","link":"https:\/\/emlaktuel.com\/?p=7597","title":{"rendered":"Tual Bah\u00e7ekent&#8217;te fiyatlar 244 Bin TL&#8217;den ba\u015fl\u0131yor"},"content":{"rendered":"<div>\n<div id=\"haberdetaybaslik\">\n<h1><\/h1>\n<h2>Ba\u015fak\u015fehir Bah\u00e7ekent\u2019te yap\u0131m\u0131 devam eden Tual Bah\u00e7ekent projesinde; kas\u0131m ay\u0131 itibar\u0131yla g\u00fcncel fiyatlar , genel bilgiler , teslim tarihi , \u00f6deme plan\u0131 , kat planlar\u0131 , kim yap\u0131yor , nerede yap\u0131yor sorular\u0131n\u0131z\u0131n cevaplar\u0131 haberimizde.<\/h2>\n<\/div>\n<\/div>\n<div>\n<div>\n<div><\/div>\n<p><span style=\"color: #2e2e2e;\"><strong>Emlak Konut GYO <\/strong>&amp;<strong> Da\u011f M\u00fchendislik <\/strong>\u00a0i\u015f ortakl\u0131\u011f\u0131yla; \u0130stanbul Avrupa Yakas\u0131 <strong>Bah\u00e7e\u015fehir Bah\u00e7ekent<\/strong>\u2019te 190 bin M2 b\u00fcy\u00fckl\u00fc\u011f\u00fcndeki arsa \u00fczerinde yap\u0131m\u0131 devam eden <strong>Tual Bah\u00e7ekent konut \u00a0projesinde<\/strong>, b\u00fcy\u00fckl\u00fckleri 76 M2 ile 200 M2 metrekare aras\u0131nda de\u011fi\u015fen, 1+1\u2019den 4+1\u2019e kadar konut se\u00e7eneklerinin de bulundu\u011fu 1.739 daire ve 187 ticari \u00fcnite bulunuyor. 4 ile 26 kat aras\u0131nda de\u011fi\u015fen toplam 20 bloktan meydana gelen <strong>Projede konut teslimleri<\/strong> aral\u0131k 2018 olarak planlan\u0131yor.<\/span><\/p>\n<p>Tual Bah\u00e7ekent \u2018te;\u00a0devlet ilk\u00f6\u011fretim okulu\u00a0, \u00f6zel okul\u00a0,\u00a0\u00f6zel kre\u015f\u00a0,\u00a0\u00f6zel hastane\u00a0ve 1 adet cami de\u00a0bulunacak. <strong>Sosyal donat\u0131 alanlar\u0131<\/strong>\u00a0olarak; al\u0131\u015fveri\u015f d\u00fckkanlar\u0131 , kapal\u0131 y\u00fczme havuzu , fitness merkezi , sauna , \u00e7ocuk park\u0131 , kapal\u0131 otopark , kafe ve restoran ile y\u00fcr\u00fcy\u00fc\u015f ve ko\u015fu parkuru bulunuyor.<\/p>\n<p><strong>Tual Bah\u00e7ekent projesinde<\/strong> \u00a0g\u00fcncel <strong>sat\u0131\u015f fiyatlar\u0131<\/strong> ve <strong>\u00f6deme planlar\u0131<\/strong> \u015f\u00f6yle: (Kas\u0131m 2016)<br \/>\n<img src=\"http:\/\/www.emlakdream.com\/images\/image\/tual-bahcekent-odeme-plani-kasim-2016.jpg\" alt=\"\" \/><\/p>\n<\/div>\n<\/div>\n","protected":false},"excerpt":{"rendered":"<p>Ba\u015fak\u015fehir Bah\u00e7ekent\u2019te yap\u0131m\u0131 devam eden Tual Bah\u00e7ekent projesinde; kas\u0131m ay\u0131 itibar\u0131yla g\u00fcncel fiyatlar , genel bilgiler , teslim tarihi , \u00f6deme plan\u0131 , kat planlar\u0131 , kim yap\u0131yor , nerede yap\u0131yor sorular\u0131n\u0131z\u0131n cevaplar\u0131 haberimizde. Emlak Konut GYO &amp; Da\u011f M\u00fchendislik \u00a0i\u015f ortakl\u0131\u011f\u0131yla; \u0130stanbul Avrupa Yakas\u0131 Bah\u00e7e\u015fehir Bah\u00e7ekent\u2019te 190 bin M2 b\u00fcy\u00fckl\u00fc\u011f\u00fcndeki arsa \u00fczerinde yap\u0131m\u0131 devam [&hellip;]<\/p>\n","protected":false},"author":1,"featured_media":7598,"comment_status":"open","ping_status":"open","sticky":false,"template":"","format":"standard","meta":{"ngg_post_thumbnail":0},"categories":[221,26,219],"tags":[696,1156,459,4905,11165,11166,11188,11084,11234,11283,11102,1340],"_links":{"self":[{"href":"https:\/\/emlaktuel.com\/index.php?rest_route=\/wp\/v2\/posts\/7597"}],"collection":[{"href":"https:\/\/emlaktuel.com\/index.php?rest_route=\/wp\/v2\/posts"}],"about":[{"href":"https:\/\/emlaktuel.com\/index.php?rest_route=\/wp\/v2\/types\/post"}],"author":[{"embeddable":true,"href":"https:\/\/emlaktuel.com\/index.php?rest_route=\/wp\/v2\/users\/1"}],"replies":[{"embeddable":true,"href":"https:\/\/emlaktuel.com\/index.php?rest_route=%2Fwp%2Fv2%2Fcomments&post=7597"}],"version-history":[{"count":2,"href":"https:\/\/emlaktuel.com\/index.php?rest_route=\/wp\/v2\/posts\/7597\/revisions"}],"predecessor-version":[{"id":7600,"href":"https:\/\/emlaktuel.com\/index.php?rest_route=\/wp\/v2\/posts\/7597\/revisions\/7600"}],"wp:featuredmedia":[{"embeddable":true,"href":"https:\/\/emlaktuel.com\/index.php?rest_route=\/wp\/v2\/media\/7598"}],"wp:attachment":[{"href":"https:\/\/emlaktuel.com\/index.php?rest_route=%2Fwp%2Fv2%2Fmedia&parent=7597"}],"wp:term":[{"taxonomy":"category","embeddable":true,"href":"https:\/\/emlaktuel.com\/index.php?rest_route=%2Fwp%2Fv2%2Fcategories&post=7597"},{"taxonomy":"post_tag","embeddable":true,"href":"https:\/\/emlaktuel.com\/index.php?rest_route=%2Fwp%2Fv2%2Ftags&post=7597"}],"curies":[{"name":"wp","href":"https:\/\/api.w.org\/{rel}","templated":true}]}}