{"id":7594,"date":"2016-11-11T13:10:38","date_gmt":"2016-11-11T10:10:38","guid":{"rendered":"http:\/\/emlaktuel.com\/?p=7594"},"modified":"2018-07-05T15:13:02","modified_gmt":"2018-07-05T12:13:02","slug":"yakuplu-deniz-istanbulda-iki-farkli-odeme-secenegi","status":"publish","type":"post","link":"https:\/\/emlaktuel.com\/?p=7594","title":{"rendered":"Yakuplu Deniz \u0130stanbul&#8217;da iki farkl\u0131 \u00f6deme se\u00e7ene\u011fi!"},"content":{"rendered":"<h1 class=\"news-detail-title selectionShareable\">Beylikd\u00fcz\u00fc Yakuplu Sahil\u2019de konumland\u0131r\u0131lan Deniz\u0130stanbul\u2019da y\u00fczde 25 pe\u015finat 120 ay y\u00fczde 0,70 veya 60 ay y\u00fczde 0,42 faiz oranlar\u0131 ile iki farkl\u0131 \u00f6deme se\u00e7ene\u011fi sunuluyor..q<\/h1>\n<div>\n<p><strong>Kele\u015fo\u011flu Holding<\/strong>\u2019in denizle i\u00e7 i\u00e7e bir ya\u015fam vaat etti\u011fi <strong>Deniz\u0130stanbul<\/strong> sahil kasabas\u0131, \u0130stanbul\u2019un en h\u0131zl\u0131 geli\u015fen b\u00f6lgesi Beylikd\u00fcz\u00fc Yakuplu Sahil\u2019de ye\u015fil ile mavinin bulu\u015ftu\u011fu bir ortamda hayata ge\u00e7iyor.<\/p>\n<p>Deniz\u0130stanbul, hem yat\u0131r\u0131m hem de oturum ama\u00e7l\u0131 ev sahibi olmak isteyenlere lansmandan teslim tarihine kadar y\u00fczde 57 prim elde edecek bir f\u0131rsat sunuyor. Hayata ge\u00e7irdi\u011fi bir\u00e7ok sembol projede sekt\u00f6r\u00fcn en \u00e7ok kazand\u0131ran firmalar\u0131ndan olan Kele\u015fo\u011flu Holding, Deniz\u0130stanbul\u2019da y\u00fczde 25 pe\u015finat 120 ay y\u00fczde 0,70 veya 60 ay y\u00fczde 0,42 faiz oranlar\u0131 ile iki farkl\u0131 \u00f6deme se\u00e7ene\u011fi sunuyor.<\/p>\n<h2>DEN\u0130Z\u0130STANBULDA YA\u015eAMAK \u0130\u00c7\u0130N 12 NEDEN<\/h2>\n<p>1.200 d\u00f6n\u00fcm alan \u00fczerinde tamam\u0131 denize cephe ve marinaya kom\u015fu 4.619 konut ve 330 \u00a0villadan olu\u015fan Deniz\u0130stanbul, 135 bin metrekare akarsu y\u00fczeyine sahip. Ki\u015fi ba\u015f\u0131na ortalama 15 metrekare ye\u015fil alan\u0131 ile ferah bir ya\u015fam vaat eden Deniz\u0130stanbul\u2019da ya\u015famak i\u00e7in i\u015fte 12 neden:<\/p>\n<p>Marina<\/p>\n<p>Avm<\/p>\n<p>Okul<\/p>\n<p>Hastane<\/p>\n<p>Deniz kenar\u0131 kafe &amp; restoranlar<\/p>\n<p>Otel<\/p>\n<p>Deniz\u0130stanbul Spor ve Ya\u015fam Kulub\u00fc<\/p>\n<p>Kumsal<\/p>\n<p>Binicilik<\/p>\n<p>Su sporlar\u0131 kul\u00fcb\u00fc<\/p>\n<p>Cami<\/p>\n<p>Shuttle<\/p>\n<h2>\u0130LK ETAP KALYON EVLER\u0130 TESL\u0130M ED\u0130L\u0130YOR<\/h2>\n<p>Kalyon Evlerini teslim ald\u0131\u011f\u0131 andan itibaren 20 ay gibi k\u0131sa bir s\u00fcrede projeyi g\u00fcncel in\u015faat trendlerine uygun bir \u015fekilde yeniden dizayn ederek hak sahiplerine teslim etmeye ba\u015flayan Kele\u015fo\u011flu Holding, Kas\u0131m 2017\u2019de ise Deniz\u0130stanbul Mercan Konaklar\u0131 birinci etab\u0131n teslimi i\u00e7in haz\u0131rl\u0131klar\u0131n\u0131 s\u00fcrd\u00fcr\u00fcyor.<\/p>\n<p><a href=\"http:\/\/www.denizistanbul.com\">www.denizistanbul.com<\/a><\/p>\n<\/div>\n","protected":false},"excerpt":{"rendered":"<p>Beylikd\u00fcz\u00fc Yakuplu Sahil\u2019de konumland\u0131r\u0131lan Deniz\u0130stanbul\u2019da y\u00fczde 25 pe\u015finat 120 ay y\u00fczde 0,70 veya 60 ay y\u00fczde 0,42 faiz oranlar\u0131 ile iki farkl\u0131 \u00f6deme se\u00e7ene\u011fi sunuluyor..q Kele\u015fo\u011flu Holding\u2019in denizle i\u00e7 i\u00e7e bir ya\u015fam vaat etti\u011fi Deniz\u0130stanbul sahil kasabas\u0131, \u0130stanbul\u2019un en h\u0131zl\u0131 geli\u015fen b\u00f6lgesi Beylikd\u00fcz\u00fc Yakuplu Sahil\u2019de ye\u015fil ile mavinin bulu\u015ftu\u011fu bir ortamda hayata ge\u00e7iyor. Deniz\u0130stanbul, hem [&hellip;]<\/p>\n","protected":false},"author":1,"featured_media":7595,"comment_status":"open","ping_status":"open","sticky":false,"template":"","format":"standard","meta":{"ngg_post_thumbnail":0},"categories":[221,26,219],"tags":[4904,191,724,723,11221,11107,73,4407,11118,11283,9343,11295,4903],"_links":{"self":[{"href":"https:\/\/emlaktuel.com\/index.php?rest_route=\/wp\/v2\/posts\/7594"}],"collection":[{"href":"https:\/\/emlaktuel.com\/index.php?rest_route=\/wp\/v2\/posts"}],"about":[{"href":"https:\/\/emlaktuel.com\/index.php?rest_route=\/wp\/v2\/types\/post"}],"author":[{"embeddable":true,"href":"https:\/\/emlaktuel.com\/index.php?rest_route=\/wp\/v2\/users\/1"}],"replies":[{"embeddable":true,"href":"https:\/\/emlaktuel.com\/index.php?rest_route=%2Fwp%2Fv2%2Fcomments&post=7594"}],"version-history":[{"count":1,"href":"https:\/\/emlaktuel.com\/index.php?rest_route=\/wp\/v2\/posts\/7594\/revisions"}],"predecessor-version":[{"id":7596,"href":"https:\/\/emlaktuel.com\/index.php?rest_route=\/wp\/v2\/posts\/7594\/revisions\/7596"}],"wp:featuredmedia":[{"embeddable":true,"href":"https:\/\/emlaktuel.com\/index.php?rest_route=\/wp\/v2\/media\/7595"}],"wp:attachment":[{"href":"https:\/\/emlaktuel.com\/index.php?rest_route=%2Fwp%2Fv2%2Fmedia&parent=7594"}],"wp:term":[{"taxonomy":"category","embeddable":true,"href":"https:\/\/emlaktuel.com\/index.php?rest_route=%2Fwp%2Fv2%2Fcategories&post=7594"},{"taxonomy":"post_tag","embeddable":true,"href":"https:\/\/emlaktuel.com\/index.php?rest_route=%2Fwp%2Fv2%2Ftags&post=7594"}],"curies":[{"name":"wp","href":"https:\/\/api.w.org\/{rel}","templated":true}]}}