{"id":7565,"date":"2016-11-11T12:32:15","date_gmt":"2016-11-11T09:32:15","guid":{"rendered":"http:\/\/emlaktuel.com\/?p=7565"},"modified":"2018-07-05T15:12:58","modified_gmt":"2018-07-05T12:12:58","slug":"kuzu-gruptan-seapearl-atakoye-2-7-milyar-dolarlik-yatirim","status":"publish","type":"post","link":"https:\/\/emlaktuel.com\/?p=7565","title":{"rendered":"Kuzu Grup&#8217;tan SeaPearl Atak\u00f6y&#8217;e 2.7 milyar dolarl\u0131k yat\u0131r\u0131m!"},"content":{"rendered":"<h1 class=\"news-detail-title selectionShareable\">Kuzu Grup, Atak\u00f6y\u2019de 2.7 milyar dolarl\u0131k yat\u0131r\u0131mla hayata ge\u00e7irdi\u011fi SeaPearl\u2019de ev al\u0131c\u0131s\u0131na \u00f6zel \u00f6deme plan\u0131 sunuyor. Kuzu Grup Y\u00f6netim Kurulu \u00dcyesi \u00d6zen Kuzu, \u201cYat\u0131r\u0131mc\u0131lar\u0131m\u0131zla bir araya gelerek, \u00f6deme planlar\u0131n\u0131 birlikte olu\u015fturuyoruz\u201d dedi.<\/h1>\n<div class=\"clear\"><\/div>\n<div>\n<p>Kuzu Grup, Atak\u00f6y\u2019de 2.7 milyar dolarl\u0131k yat\u0131r\u0131mla hayata ge\u00e7irdi\u011fi SeaPearl\u2019de ev al\u0131c\u0131s\u0131na \u00f6zel \u00f6deme plan\u0131 sunuyor. Kuzu Grup Y\u00f6netim Kurulu \u00dcyesi \u00d6zen Kuzu, \u201cYat\u0131r\u0131mc\u0131lar\u0131m\u0131zla bir araya gelerek, \u00f6deme planlar\u0131n\u0131 birlikte olu\u015fturuyoruz\u201d dedi.<\/p>\n<p>Kuzu Grup taraf\u0131ndan \u0130stanbul Atak\u00f6y&#8217;de 2.7 milyar dolarl\u0131k yat\u0131r\u0131mla hayata ge\u00e7irilen SeaPearl Atak\u00f6y projesinde ev al\u0131c\u0131s\u0131na \u00f6zel \u00f6deme planlar\u0131 olu\u015fturuluyor. Kuzu Grup Y\u00f6netim Kurulu \u00dcyesi \u00d6zen Kuzu, &#8220;Yat\u0131r\u0131mc\u0131lar ile kar\u015f\u0131 kar\u015f\u0131ya gelip nas\u0131l bir \u00f6deme plan\u0131 ile ev sahibi olabileceklerini dinliyor, \u00f6deme plan\u0131n\u0131 birlikte olu\u015fturuyoruz&#8221; \u015feklinde konu\u015ftu.<\/p>\n<h2>\u00d6rnek daireye tam not<\/h2>\n<p>SeaPearl Atak\u00f6y projesinin, Fatih K\u0131ral Mobilya ve Dekorasyon taraf\u0131ndan dekore edilen \u00f6rnek daireleri projeyi ziyaret eden yat\u0131r\u0131mc\u0131 profilinden tam not ald\u0131. \u00d6zen Kuzu, \u015f\u00f6yle devam etti: &#8220;2014 y\u0131l\u0131ndan bu yana in\u015faat\u0131na ve sat\u0131\u015f\u0131na devam etti\u011fimiz projemizde merakla beklenen \u00f6rnek dairelerimizin haz\u0131rlanmas\u0131n\u0131n ard\u0131ndan k\u0131sa bir s\u00fcre ge\u00e7mesine ra\u011fmen ald\u0131\u011f\u0131m\u0131z olumlu tepkiler bizleri \u00e7ok mutlu ediyor. \u00d6yle ki yat\u0131r\u0131m yapma fikrini bir s\u00fcre durduran yat\u0131r\u0131mc\u0131lar\u0131m\u0131z \u00f6rnek daireleri g\u00f6rd\u00fckten sonra bu kararlar\u0131n\u0131 h\u0131zland\u0131rarak yat\u0131r\u0131mlar\u0131n\u0131 sonu\u00e7land\u0131rd\u0131.&#8221;<\/p>\n<h2>Temmuz 2017&#8217;de teslim edilecek<\/h2>\n<p>Proje yakla\u015f\u0131k 2 milyar 700 milyon dolar yat\u0131r\u0131m de\u011feriyle 2 etap halinde y\u00fckseliyor. 217 bin metrekare in\u015faat alan\u0131na, 6 bin 185 metrekare g\u00f6let alan\u0131na, 33 bin metrekare de ye\u015fil alan ve y\u00fcr\u00fcy\u00fc\u015f yollar\u0131na sahip olan 1. etapta metrekare birim fiyatlar\u0131 ortalama 8 bin dolardan ba\u015fl\u0131yor. \u0130lk etapta teslimlerin Temmuz 2017&#8217;de yap\u0131lmas\u0131 planlan\u0131yor. 20 katl\u0131 4 blokta 631 \u00fcniteden meydana gelen ilk etapta, alanlar\u0131 88 ila 398 metrekare aras\u0131nda de\u011fi\u015febilen 1+1&#8217;den 4.5+1&#8217;e kadar farkl\u0131l\u0131k g\u00f6steren konut tipleri yer al\u0131yor. SeaPearl Atak\u00f6y&#8217;de her blokun kullan\u0131m\u0131na \u00f6zel 150 ila 200 metrekare aras\u0131nda de\u011fi\u015fen fitness salonlar\u0131, yoga salonlar\u0131, dinlenme alanlar\u0131 ve bunlar\u0131n yan\u0131 s\u0131ra \u00e7ocuk oyun alanlar\u0131, deniz kenar\u0131nda y\u00fcr\u00fcy\u00fc\u015f imk\u00e2n\u0131, tenis kortu, streetball sahas\u0131, yaya yollar\u0131, biyolojik g\u00f6let, seyir adas\u0131, barok tarz\u0131 peyzaj alan\u0131 da yer al\u0131yor. Projedeki t\u00fcm ba\u011f\u0131ms\u0131z b\u00f6l\u00fcmler deniz manzaras\u0131na h\u00e2kim bir konumda y\u00fckseliyor. Atat\u00fcrk Havaalan\u0131&#8217;na 2 km uzakl\u0131kta olan projenin, E5 ve Bas\u0131n Express Yolu \u00fcze0rinden TEM ile ba\u011flant\u0131s\u0131 bulunuyor.<\/p>\n<p>Sabah<\/p>\n<\/div>\n","protected":false},"excerpt":{"rendered":"<p>Kuzu Grup, Atak\u00f6y\u2019de 2.7 milyar dolarl\u0131k yat\u0131r\u0131mla hayata ge\u00e7irdi\u011fi SeaPearl\u2019de ev al\u0131c\u0131s\u0131na \u00f6zel \u00f6deme plan\u0131 sunuyor. Kuzu Grup Y\u00f6netim Kurulu \u00dcyesi \u00d6zen Kuzu, \u201cYat\u0131r\u0131mc\u0131lar\u0131m\u0131zla bir araya gelerek, \u00f6deme planlar\u0131n\u0131 birlikte olu\u015fturuyoruz\u201d dedi. Kuzu Grup, Atak\u00f6y\u2019de 2.7 milyar dolarl\u0131k yat\u0131r\u0131mla hayata ge\u00e7irdi\u011fi SeaPearl\u2019de ev al\u0131c\u0131s\u0131na \u00f6zel \u00f6deme plan\u0131 sunuyor. Kuzu Grup Y\u00f6netim Kurulu \u00dcyesi \u00d6zen Kuzu, [&hellip;]<\/p>\n","protected":false},"author":1,"featured_media":6477,"comment_status":"open","ping_status":"open","sticky":false,"template":"","format":"standard","meta":{"ngg_post_thumbnail":0},"categories":[221,1,26,219],"tags":[272,11570,11455,2820,6039,4900,11111,4199,2590,96],"_links":{"self":[{"href":"https:\/\/emlaktuel.com\/index.php?rest_route=\/wp\/v2\/posts\/7565"}],"collection":[{"href":"https:\/\/emlaktuel.com\/index.php?rest_route=\/wp\/v2\/posts"}],"about":[{"href":"https:\/\/emlaktuel.com\/index.php?rest_route=\/wp\/v2\/types\/post"}],"author":[{"embeddable":true,"href":"https:\/\/emlaktuel.com\/index.php?rest_route=\/wp\/v2\/users\/1"}],"replies":[{"embeddable":true,"href":"https:\/\/emlaktuel.com\/index.php?rest_route=%2Fwp%2Fv2%2Fcomments&post=7565"}],"version-history":[{"count":1,"href":"https:\/\/emlaktuel.com\/index.php?rest_route=\/wp\/v2\/posts\/7565\/revisions"}],"predecessor-version":[{"id":7566,"href":"https:\/\/emlaktuel.com\/index.php?rest_route=\/wp\/v2\/posts\/7565\/revisions\/7566"}],"wp:featuredmedia":[{"embeddable":true,"href":"https:\/\/emlaktuel.com\/index.php?rest_route=\/wp\/v2\/media\/6477"}],"wp:attachment":[{"href":"https:\/\/emlaktuel.com\/index.php?rest_route=%2Fwp%2Fv2%2Fmedia&parent=7565"}],"wp:term":[{"taxonomy":"category","embeddable":true,"href":"https:\/\/emlaktuel.com\/index.php?rest_route=%2Fwp%2Fv2%2Fcategories&post=7565"},{"taxonomy":"post_tag","embeddable":true,"href":"https:\/\/emlaktuel.com\/index.php?rest_route=%2Fwp%2Fv2%2Ftags&post=7565"}],"curies":[{"name":"wp","href":"https:\/\/api.w.org\/{rel}","templated":true}]}}