{"id":7500,"date":"2016-11-09T11:46:53","date_gmt":"2016-11-09T08:46:53","guid":{"rendered":"http:\/\/emlaktuel.com\/?p=7500"},"modified":"2018-07-05T15:12:09","modified_gmt":"2018-07-05T12:12:09","slug":"colorist-silede-yuzde-10-indirim-firsati","status":"publish","type":"post","link":"https:\/\/emlaktuel.com\/?p=7500","title":{"rendered":"Colorist \u015eile&#8217;de y\u00fczde 10 indirim f\u0131rsat\u0131!"},"content":{"rendered":"<h1 class=\"news-detail-title selectionShareable\">\u0130stanbul\u2019un sayfiye il\u00e7esi \u015eile\u2019de yat\u0131r\u0131m de\u011feri y\u00fcksek, huzurlu ve farkl\u0131 konseptiyle dikkat \u00e7eken Colorist \u015eile&#8217;de ki\u015fiye \u00f6zel \u00f6deme plan\u0131 uygulan\u0131yor.<\/h1>\n<div class=\"clear\"><\/div>\n<div class=\"clear\"><\/div>\n<div>\n<p>\u0130stanbul\u2019un sayfiye il\u00e7esi \u015eile\u2019de yat\u0131r\u0131m de\u011feri y\u00fcksek, huzurlu ve farkl\u0131 konseptiyle dikkat \u00e7eken <strong>Colorist \u015eile<\/strong>&#8216;de ki\u015fiye \u00f6zel \u00f6deme plan\u0131 uygulan\u0131yor. Bug\u00fcne kadar yapt\u0131\u011f\u0131 kampanyalarla ad\u0131n\u0131 s\u0131k\u00e7a duydu\u011fumuz CFR Yap\u0131, \u015fimdi de \u00f6deme plan\u0131na kolayl\u0131k getiriyor. \u00d6deme plan\u0131n\u0131 siz belirleyin diyen <strong>CFR Yap\u0131 Y\u00f6netim Kurulu Ba\u015fkan\u0131 Cafer \u0130nan<\/strong>, \u201cAyr\u0131ca daire fiyatlar\u0131nda y\u00fczde 10 indirim uygulayarak \u00f6deme plan\u0131na kolayl\u0131k getiriyoruz\u201d dedi .<\/p>\n<p>sekt\u00f6r\u00fcne getirdi\u011fi yeni bir konseptle ad\u0131n\u0131 s\u0131k\u00e7a duydu\u011fumuz Colorist \u015eile, \u00e7ocuklu ailelerin g\u00f6zdesi olmay\u0131 s\u00fcrd\u00fcr\u00fcyor. CFR Yap\u0131 taraf\u0131ndan \u015eile&#8217;de in\u015fa edilen Colorist \u015eile&#8217;den ev almak art\u0131k \u00e7ok kolay. Projenin ba\u015flad\u0131\u011f\u0131 g\u00fcnden bu yana yapt\u0131\u011f\u0131 kampanyalarla t\u00fcm dikkatleri \u00fczerine \u00e7eken CFR Yap\u0131, \u015fimdi de \u00f6deme plan\u0131n getirdi\u011fi yenilikle yat\u0131r\u0131mc\u0131s\u0131n\u0131n kar\u015f\u0131s\u0131na \u00e7\u0131k\u0131yor. Ki\u015fiye \u00f6zel \u00f6deme plan\u0131 sunan CFR Yap\u0131, ayr\u0131ca daire fiyatlar\u0131nda y\u00fczde 10 indirim uyguluyor. Yat\u0131r\u0131mc\u0131s\u0131yla bir araya gelerek ki\u015fiye \u00f6zel \u00f6deme plan\u0131 sunduklar\u0131n\u0131 s\u00f6yleyen CFR Yap\u0131 Y\u00f6netim Kurulu Ba\u015fkan\u0131 Cafer \u0130nan, \u201cColorist \u015eile&#8217;den ev almak isteyenlerle kar\u015f\u0131l\u0131kl\u0131 m\u00fczakerelerde bulunuyoruz. Yat\u0131r\u0131mc\u0131m\u0131z\u0131 dinleyip, nas\u0131l bir \u00f6deme plan\u0131 ile ev sahibi olabilece\u011fini tart\u0131\u015f\u0131yoruz. \u00d6nerilerimiz do\u011frultusunda onlar\u0131n istedi\u011fi \u00f6deme plan\u0131n\u0131 belirliyoruz\u201d dedi. Ayr\u0131ca daire fiyatlar\u0131nda y\u00fczde 10 indirim uygulad\u0131klar\u0131n\u0131 belirten \u0130nan, herkesin ev sahibi olabilmesi i\u00e7in \u00f6deme planlar\u0131nda olabildi\u011fince kolayl\u0131k sa\u011flad\u0131klar\u0131n\u0131 ifade etti.<\/p>\n<h2>Yat\u0131r\u0131m de\u011feri y\u00fcksek proje<\/h2>\n<p>Huzurlu ve farkl\u0131 konseptiyle dikkat \u00e7eken Colorist \u015eile&#8217;nin yat\u0131r\u0131m de\u011ferinin y\u00fcksek oldu\u011funu belirten \u0130nan, projenin 10 y\u0131lda kendisini amorti edebildi\u011fini bildirdi. \u0130stanbul\u2019un sayfiye il\u00e7esi \u015eile\u2019de yer alan Colorist \u015eile\u2019nin lokasyon a\u00e7\u0131s\u0131ndan gelecek vadetti\u011fini anlatan \u0130nan, \u201cProjenin bulundu\u011fu yere 300 metre uzakl\u0131kta yap\u0131lacak devlet hastanesi ve yap\u0131m\u0131 tamamlanmak \u00fczere olan marina, b\u00f6lgenin cazibesini art\u0131r\u0131yor. Kazan\u00e7l\u0131 yat\u0131r\u0131m arayanlar\u0131n ilgi noktas\u0131 olan Colorist \u015eile\u2019nin yak\u0131n\u0131ndan ayr\u0131ca Osman Gazi k\u00f6pr\u00fcs\u00fc ba\u011flant\u0131 yolu da ge\u00e7iyor. Bu yol sayesinde Bursa\u2019ya 1,5, Ankara\u2019ya 2,5, \u0130zmir\u2019e ise ula\u015f\u0131m 3,5 saate iniliyor\u201d diye konu\u015ftu.<\/p>\n<h2>50 ay 0 faiz kampanyas\u0131na ilgi b\u00fcy\u00fck<\/h2>\n<p>Ge\u00e7ti\u011fimiz g\u00fcnlerde 50 ay &#8216;0&#8217; faiz kampanyas\u0131yla konut al\u0131c\u0131s\u0131n\u0131n kar\u015f\u0131s\u0131na \u00e7\u0131kan Colorist \u015eile&#8217;de sat\u0131\u015flar t\u00fcm h\u0131z\u0131yla s\u00fcr\u00fcyor. Bankalardan kredi \u00e7ekmeden, taksit tutarlar\u0131n\u0131 b\u00fct\u00e7eye g\u00f6re ayarlayabilecek esnek \u00f6deme planlar\u0131 sunduklar\u0131n\u0131 belirten \u0130nan, ev sahibi olmak isteyenler i\u00e7in bu kampanyan\u0131n ka\u00e7\u0131r\u0131lmayacak bir f\u0131rsat oldu\u011funu ifade etti. \u0130nan evlerin teslim tarihini ise Haziran 2018 olarak a\u00e7\u0131klad\u0131.<\/p>\n<h2>Yat\u0131r\u0131m bedeli 20 milyon TL<\/h2>\n<p>\u0130ki etap halinde in\u015fa edilen Colorist \u015eile\u2019nin yat\u0131r\u0131m bedeli ilk etap i\u00e7in 20 milyon TL, ikinci etap i\u00e7in ise 38 milyon TL oldu. Colorist \u015eile\u2019de 1+1 daireler 210 bin TL, 2+1 loft bah\u00e7e daireler 320 bin TL, 3+1 loft bah\u00e7e daireler ise 420 bin TL&#8217;ye sat\u0131l\u0131yor. Colorist \u015eile&#8217;nin en b\u00fcy\u00fck \u00f6zelliklerinden biri kendine ait bir sahilinin olmas\u0131. 15 y\u0131ll\u0131\u011f\u0131na bir k\u00f6y derne\u011finden kiralanan kumsal, yakla\u015f\u0131k 800 metrekareden olu\u015fuyor. Tesiste siteye \u00f6zel bir de cafe olacak ve bu alana d\u0131\u015far\u0131dan kimse al\u0131nmayacak.<\/p>\n<h2>Hedef kitle \u00e7ocuklu aileler<\/h2>\n<p>\u0130n\u015faat sekt\u00f6r\u00fcndeki deneyimini emlak sekt\u00f6r\u00fcne ta\u015f\u0131yan CFR Yap\u0131, ilk projesi Colorist \u015eile ile \u00e7ocuklu ailelerin tercihi oldu. \u0130lk duyuldu\u011fu anda b\u00fcy\u00fck merak uyand\u0131ran Colorist \u015eile\u2019de \u00e7al\u0131\u015fmalar t\u00fcm h\u0131z\u0131yla s\u00fcr\u00fcyor. \u201c\u00c7ocuklar nerede oynas\u0131n\u201d slogan\u0131yla yola \u00e7\u0131kan Colorist \u015eile&#8217;de hedef kitleyi \u00e7ocuklu aileler olu\u015fturuyor. Y\u00fczde 60\u2019\u0131n\u0131 oyun alanlar\u0131n\u0131n olu\u015fturdu\u011fu Colorist \u015eile&#8217;de, profesyonel, spor akademisi ve pedagojik formasyon e\u011fitimi alm\u0131\u015f e\u011fitmenler, her ya\u015f grubundaki \u00e7ocuklar\u0131n e\u011fitimine katk\u0131 sunuyor. CFR Yap\u0131\u2019n\u0131n konumland\u0131rd\u0131\u011f\u0131 evler iki katl\u0131. Bah\u00e7e kat\u0131ndaki evler kendi i\u00e7inde dubleks evlerden olu\u015fuyor. Konutlar\u0131n alt katlar\u0131 2+1 ve 3+1 dubleksloft daireler olup, tavan y\u00fcksekli\u011fi be\u015f metreyi buluyor. \u00dcst kattaki evler ise tek kat terasl\u0131, 1+1 ya da 2+1 \u015feklinde in\u015fa ediliyor. T\u00fcm evlerin bah\u00e7e ve verandas\u0131 olup, ayr\u0131ca her evin kendine ait be\u015f metrekarelik hobi bah\u00e7esi bulunuyor.<\/p>\n<p>0850 5320060<\/p>\n<p><a href=\"http:\/\/www.coloristsile.com\">www.coloristsile.com<\/a><\/p>\n<\/div>\n","protected":false},"excerpt":{"rendered":"<p>\u0130stanbul\u2019un sayfiye il\u00e7esi \u015eile\u2019de yat\u0131r\u0131m de\u011feri y\u00fcksek, huzurlu ve farkl\u0131 konseptiyle dikkat \u00e7eken Colorist \u015eile&#8217;de ki\u015fiye \u00f6zel \u00f6deme plan\u0131 uygulan\u0131yor. \u0130stanbul\u2019un sayfiye il\u00e7esi \u015eile\u2019de yat\u0131r\u0131m de\u011feri y\u00fcksek, huzurlu ve farkl\u0131 konseptiyle dikkat \u00e7eken Colorist \u015eile&#8216;de ki\u015fiye \u00f6zel \u00f6deme plan\u0131 uygulan\u0131yor. Bug\u00fcne kadar yapt\u0131\u011f\u0131 kampanyalarla ad\u0131n\u0131 s\u0131k\u00e7a duydu\u011fumuz CFR Yap\u0131, \u015fimdi de \u00f6deme plan\u0131na kolayl\u0131k getiriyor. [&hellip;]<\/p>\n","protected":false},"author":1,"featured_media":7501,"comment_status":"open","ping_status":"open","sticky":false,"template":"","format":"standard","meta":{"ngg_post_thumbnail":0},"categories":[1,26,219,97],"tags":[746,4865,743,4864,935,11221,11073,11186,11120,11238,347,11144,96],"_links":{"self":[{"href":"https:\/\/emlaktuel.com\/index.php?rest_route=\/wp\/v2\/posts\/7500"}],"collection":[{"href":"https:\/\/emlaktuel.com\/index.php?rest_route=\/wp\/v2\/posts"}],"about":[{"href":"https:\/\/emlaktuel.com\/index.php?rest_route=\/wp\/v2\/types\/post"}],"author":[{"embeddable":true,"href":"https:\/\/emlaktuel.com\/index.php?rest_route=\/wp\/v2\/users\/1"}],"replies":[{"embeddable":true,"href":"https:\/\/emlaktuel.com\/index.php?rest_route=%2Fwp%2Fv2%2Fcomments&post=7500"}],"version-history":[{"count":3,"href":"https:\/\/emlaktuel.com\/index.php?rest_route=\/wp\/v2\/posts\/7500\/revisions"}],"predecessor-version":[{"id":7504,"href":"https:\/\/emlaktuel.com\/index.php?rest_route=\/wp\/v2\/posts\/7500\/revisions\/7504"}],"wp:featuredmedia":[{"embeddable":true,"href":"https:\/\/emlaktuel.com\/index.php?rest_route=\/wp\/v2\/media\/7501"}],"wp:attachment":[{"href":"https:\/\/emlaktuel.com\/index.php?rest_route=%2Fwp%2Fv2%2Fmedia&parent=7500"}],"wp:term":[{"taxonomy":"category","embeddable":true,"href":"https:\/\/emlaktuel.com\/index.php?rest_route=%2Fwp%2Fv2%2Fcategories&post=7500"},{"taxonomy":"post_tag","embeddable":true,"href":"https:\/\/emlaktuel.com\/index.php?rest_route=%2Fwp%2Fv2%2Ftags&post=7500"}],"curies":[{"name":"wp","href":"https:\/\/api.w.org\/{rel}","templated":true}]}}