{"id":7314,"date":"2016-11-03T13:07:36","date_gmt":"2016-11-03T10:07:36","guid":{"rendered":"http:\/\/emlaktuel.com\/?p=7314"},"modified":"2018-07-05T15:09:36","modified_gmt":"2018-07-05T12:09:36","slug":"6-yeni-metro-ihalesi-14-aralikta-yapilacak","status":"publish","type":"post","link":"https:\/\/emlaktuel.com\/?p=7314","title":{"rendered":"6 yeni metro ihalesi 14 Aral\u0131k&#8217;ta yap\u0131lacak!"},"content":{"rendered":"<h1 class=\"news-detail-title selectionShareable\">\u0130stanbul\u2019un metro \u00e7al\u0131\u015fmalar\u0131n\u0131 zirveye \u00e7\u0131karacak alt\u0131 farkl\u0131 hatt\u0131n ihalesi tek seferde yap\u0131lacak. 14 Aral\u0131k\u2019ta 10 milyar liral\u0131k Bah\u00e7e\u015fehir, Sultanbeyli, Yenido\u011fan, Halkal\u0131, Kaya\u015fehir, G\u00f6ztepe ve Tuzla metro ihaleleri d\u00fczenlenecek.<\/h1>\n<div class=\"clear\"><\/div>\n<div>\n<p>\u0130stanbul&#8217;un rayl\u0131 sistemler ser\u00fcveninde tarihi bir g\u00fcn ya\u015fanacak. Y\u0131llard\u0131r devam eden metro \u00e7al\u0131\u015fmalar\u0131n\u0131 zirveye \u00e7\u0131karacak alt\u0131 farkl\u0131 metro hatt\u0131n\u0131n ihalesi ayn\u0131 g\u00fcn yap\u0131lacak. 14 Aral\u0131k&#8217;ta \u0130stanbul B\u00fcy\u00fck\u015fehir Belediyesi&#8217;nin ger\u00e7ekle\u015ftirece\u011fi ihaleler kapsam\u0131nda, Bah\u00e7e\u015fehir, Sultanbeyli, Yenido\u011fan, Halkal\u0131, Kaya\u015fehir, G\u00f6ztepe ve Tuzla&#8217;ya ula\u015facak metro hatlar\u0131n\u0131n ihalesi yap\u0131lacak. Ortalama \u00fc\u00e7 y\u0131l s\u00fcrecek \u00e7al\u0131\u015fmalar sonucunda devreye girecek metro hatlar\u0131n\u0131n yap\u0131m de\u011ferinin 10 milyar liray\u0131 a\u015fmas\u0131 bekleniyor. Yap\u0131m\u0131 s\u00fcren Mahmutbey- Mecidiyek\u00f6y metro hatt\u0131 2017&#8217;de, Kabata\u015f ba\u011flant\u0131s\u0131 ise 2018&#8217;de hizmete al\u0131nacak. \u00dcsk\u00fcdar\u00c7ekmek\u00f6y aras\u0131nda devam eden metro projesi ise Ocak 2017&#8217;de yolcu ta\u015f\u0131yacak. Gebze-Halkal\u0131 aras\u0131nda hizmet verecek \u00a0Marmaray\u00a0 ise 2018&#8217;de seferlere ba\u015flayacak.<\/p>\n<h2>SAAT BA\u015eI \u0130HALE YAPILACAK<\/h2>\n<p>\u0130stanbul&#8217;da yeni metro hatlar\u0131n\u0131n ihalesi de ayn\u0131 g\u00fcn yap\u0131lacak. \u0130lk olarak G\u00fcng\u00f6ren&#8217;deki belediye binas\u0131nda sabah 09.30&#8217;da Kaynarca-Pendik- Tuzla hatt\u0131n\u0131n ihalesi ger\u00e7ekle\u015fecek. 1080 g\u00fcn i\u00e7erisinde tamamlanacak metro hatt\u0131, 12 km uzunlu\u011funda olacak. Saat 10.30&#8217;da ise \u00dcmraniye- Ata\u015fehir-G\u00f6ztepe g\u00fczerg\u00e2h\u0131n\u0131n ihalesi yap\u0131lacak. 13 km uzunlu\u011fundaki proje, 1020 g\u00fcn i\u00e7erisinde bitirilecek. Metro hatlar\u0131 ihalesinin \u00fc\u00e7\u00fcnc\u00fcs\u00fc, \u00c7ekmek\u00f6y -Sancaktepe- Sultanbeyli Metrosu ile Sar\u0131gazi (Hastane)- Ta\u015fdelen-Yenido\u011fan Metrosu i\u00e7in yap\u0131lacak. 17.8 km&#8217;lik hatt\u0131n \u00e7al\u0131\u015fmas\u0131 1020 g\u00fcn devam edecek. Avrupa yakas\u0131nda da Mahmutbey&#8217;den gelen metro hatt\u0131n\u0131 Esenyurt&#8217;a kadar uzatacak projenin ihalesi Saat 14.00&#8217;te ger\u00e7ekle\u015ftirilecek. 18.5 km uzunlu\u011funda 11 istasyondan olu\u015fan proje, bin 80 g\u00fcn i\u00e7erisinde tamamlanacak. Ba\u015fak\u015fehir&#8217;e kadar devam eden metroyu yeni yerle\u015fim yeri Kaya\u015fehir&#8217;e y\u00f6nlendiren metro hatt\u0131 i\u00e7in ise, saat 15.00&#8217;te ihale yap\u0131lacak. 6 km olacak metro hatt\u0131 900 g\u00fcnde bitirilecek. \u0130stanbul&#8217;un rayl\u0131 sistemlerinin tarihi g\u00fcn\u00fcnde en son ihale, Kirazl\u0131-Halkal\u0131 aras\u0131ndaki g\u00fczerg\u00e2h i\u00e7in yap\u0131lacak. Dokuz istasyondan ge\u00e7ecek 9.7 km&#8217;lik hatt\u0131n yap\u0131m\u0131, 1020 g\u00fcn s\u00fcrecek.<\/p>\n<p>Sabah<\/p>\n<\/div>\n","protected":false},"excerpt":{"rendered":"<p>\u0130stanbul\u2019un metro \u00e7al\u0131\u015fmalar\u0131n\u0131 zirveye \u00e7\u0131karacak alt\u0131 farkl\u0131 hatt\u0131n ihalesi tek seferde yap\u0131lacak. 14 Aral\u0131k\u2019ta 10 milyar liral\u0131k Bah\u00e7e\u015fehir, Sultanbeyli, Yenido\u011fan, Halkal\u0131, Kaya\u015fehir, G\u00f6ztepe ve Tuzla metro ihaleleri d\u00fczenlenecek. \u0130stanbul&#8217;un rayl\u0131 sistemler ser\u00fcveninde tarihi bir g\u00fcn ya\u015fanacak. Y\u0131llard\u0131r devam eden metro \u00e7al\u0131\u015fmalar\u0131n\u0131 zirveye \u00e7\u0131karacak alt\u0131 farkl\u0131 metro hatt\u0131n\u0131n ihalesi ayn\u0131 g\u00fcn yap\u0131lacak. 14 Aral\u0131k&#8217;ta \u0130stanbul B\u00fcy\u00fck\u015fehir [&hellip;]<\/p>\n","protected":false},"author":1,"featured_media":1851,"comment_status":"open","ping_status":"open","sticky":false,"template":"","format":"standard","meta":{"ngg_post_thumbnail":0},"categories":[221,26,97],"tags":[4711,11431,4767,487,133,73,4437,4712,4713,11247,4716,4715,478,4474,894,11097,4585,4714],"_links":{"self":[{"href":"https:\/\/emlaktuel.com\/index.php?rest_route=\/wp\/v2\/posts\/7314"}],"collection":[{"href":"https:\/\/emlaktuel.com\/index.php?rest_route=\/wp\/v2\/posts"}],"about":[{"href":"https:\/\/emlaktuel.com\/index.php?rest_route=\/wp\/v2\/types\/post"}],"author":[{"embeddable":true,"href":"https:\/\/emlaktuel.com\/index.php?rest_route=\/wp\/v2\/users\/1"}],"replies":[{"embeddable":true,"href":"https:\/\/emlaktuel.com\/index.php?rest_route=%2Fwp%2Fv2%2Fcomments&post=7314"}],"version-history":[{"count":2,"href":"https:\/\/emlaktuel.com\/index.php?rest_route=\/wp\/v2\/posts\/7314\/revisions"}],"predecessor-version":[{"id":7316,"href":"https:\/\/emlaktuel.com\/index.php?rest_route=\/wp\/v2\/posts\/7314\/revisions\/7316"}],"wp:featuredmedia":[{"embeddable":true,"href":"https:\/\/emlaktuel.com\/index.php?rest_route=\/wp\/v2\/media\/1851"}],"wp:attachment":[{"href":"https:\/\/emlaktuel.com\/index.php?rest_route=%2Fwp%2Fv2%2Fmedia&parent=7314"}],"wp:term":[{"taxonomy":"category","embeddable":true,"href":"https:\/\/emlaktuel.com\/index.php?rest_route=%2Fwp%2Fv2%2Fcategories&post=7314"},{"taxonomy":"post_tag","embeddable":true,"href":"https:\/\/emlaktuel.com\/index.php?rest_route=%2Fwp%2Fv2%2Ftags&post=7314"}],"curies":[{"name":"wp","href":"https:\/\/api.w.org\/{rel}","templated":true}]}}