{"id":7227,"date":"2016-10-31T13:13:27","date_gmt":"2016-10-31T10:13:27","guid":{"rendered":"http:\/\/emlaktuel.com\/?p=7227"},"modified":"2018-07-05T15:08:29","modified_gmt":"2018-07-05T12:08:29","slug":"emay-insaattan-2017de-3-yeni-proje","status":"publish","type":"post","link":"https:\/\/emlaktuel.com\/?p=7227","title":{"rendered":"Emay \u0130n\u015faat&#8217;tan 2017&#8217;de 3 yeni proje!"},"content":{"rendered":"<h1 class=\"news-detail-title selectionShareable\">Bug\u00fcne kadar 10 bin konutu sahiplerine teslim eden Emay \u0130n\u015faat, 2017&#8217;de de yat\u0131r\u0131mlar\u0131na devam edecek. Emay \u0130n\u015faat Y\u00f6netim Kurulu \u00dcyesi Hakan \u00c7a\u011flar, fazla yo\u011funlu\u011fun olmad\u0131\u011f\u0131 b\u00f6lgelerde proje geli\u015ftirmeye dikkat ettiklerini belirtti<\/h1>\n<div class=\"clear\">\u00a0Gayrimenkul sekt\u00f6r\u00fcnde son y\u0131llarda ciddi tart\u0131\u015fmalara neden olan &#8220;Konut fiyatlar\u0131nda balon var m\u0131?&#8221; konusu, g\u00fcndemdeki yerini koruyor.<\/div>\n<div>\n<p>Emay \u0130n\u015faat Y\u00f6netim Kurulu \u00dcyesi Hakan \u00c7a\u011flar&#8217;a g\u00f6re T\u00fcrkiye&#8217;de gayrimenkul fiyatlar\u0131 \u015fu an uygun seviyelerde seyrediyor. \u00c7a\u011flar, ayn\u0131 zamanda, fiyatlarda bir art\u0131\u015f ya\u015fanmad\u0131\u011f\u0131na dikkat \u00e7ekerek 2016&#8217;da konut fiyatlar\u0131n\u0131n dolar baz\u0131nda 10 sene \u00f6nceki fiyatlarla e\u015fde\u011fer oldu\u011funu dile getiriyor. Hakan \u00c7a\u011flar, konut fiyatlar\u0131nda balon konusunu \u015f\u00f6yle de\u011ferlendirdi: &#8220;Mesela biz Yalova&#8217;daki projemizin metrekaresini 4 bin-4 bin 500 TL aral\u0131\u011f\u0131nda sat\u0131\u015fa \u00e7\u0131karaca\u011f\u0131z. Bu a\u015fa\u011f\u0131 yukar\u0131 1 bin 300 dolara denk geliyor. 2006&#8217;da da konutlar bu fiyatlardan sat\u0131l\u0131yordu. \u0130stanbul&#8217;a da bakt\u0131\u011f\u0131m\u0131z zaman bug\u00fcn metrekare fiyatlar\u0131 ortalama 7 bin TL yani 2 bin-2 bin 500 dolar civar\u0131nda. 10 sene \u00f6nce de fiyatlar yakla\u015f\u0131k bu seviyelerdeydi.&#8221;<\/p>\n<h2>\u00a0&#8216;SERBEST P\u0130YASA F\u0130YATLARI DENGELER&#8217;<\/h2>\n<p>Hakan \u00c7a\u011flar, serbest piyasa ko\u015fullar\u0131n\u0131n hi\u00e7bir zaman sivri hareketlere izin vermeyece\u011fini belirterek, piyasa ko\u015fullar\u0131nda ani geli\u015fen her hareketin mutlaka kar\u015f\u0131l\u0131\u011f\u0131n\u0131 bularak dengelenece\u011fini kaydetti.<\/p>\n<p>\u00c7a\u011flar, &#8220;Serbest piyasada ani olan her hareket kar\u015f\u0131l\u0131\u011f\u0131n\u0131 mutlaka g\u00f6r\u00fcr. Yanma rakip gelir, fiyatlar piyasa i\u00e7inde birbirini dengeler&#8221; diye konu\u015ftu.<\/p>\n<h2>1.3 milyar dolarl\u0131k yat\u0131r\u0131m yapacak<\/h2>\n<p>Bug\u00fcne kadar 10 bin konutu sahiplerine teslim eden Emay \u0130n\u015faat, 2017&#8217;de de yat\u0131r\u0131mlar\u0131na devam edecek. Emay in\u015faat olarak kentsel d\u00f6n\u00fc\u015f\u00fcmde konut stokunun artmad\u0131\u011f\u0131 ve fazla yo\u011funlu\u011fun olmad\u0131\u011f\u0131 b\u00f6lgelerde proje geli\u015ftirmeye dikkat ettiklerini belirten \u00c7a\u011flar, &#8220;Nisan 2017&#8217;de \u0130stanbul Maslak Ayaza\u011fa&#8217;da bin 500 konutluk bir projeye ba\u015flayaca\u011f\u0131z. Bu b\u00f6lgeye ilk giren firmalardan biriyiz. 400 milyon dolar yat\u0131r\u0131m bedeline sahip Yalova Kentplus projemiz de bu \u015fekilde konut sto\u011funun \u00e7ok olmad\u0131\u011f\u0131 bir yerde&#8221; dedi. \u00c7a\u011flar, Ayaza\u011fa&#8217;da y\u00fckselecek projenin 500 milyon dolar yat\u0131r\u0131m bedeliyle hayata ge\u00e7ece\u011fini kaydetti. Emay \u0130n\u015faat&#8217;\u0131n 2017 y\u0131l\u0131nda \u0130stanbul&#8217;da yapaca\u011f\u0131 bir di\u011fer proje ise \u015ei\u015fli-Fulya b\u00f6lgesinde yer al\u0131yor. Projenin 300 milyon dolarl\u0131k yat\u0131r\u0131m de\u011ferine sahip olaca\u011f\u0131 \u00f6ng\u00f6r\u00fcl\u00fcyor. \u00c7a\u011flar, Kentplus Kad\u0131k\u00f6y projesinin 2. etab\u0131n\u0131n ise 120 milyon dolar yat\u0131r\u0131m bedeliyle hayata ge\u00e7ece\u011fini belirtti. Emay&#8217;\u0131n 2017&#8217;de hayata ge\u00e7irece\u011fi bu 3 projenin toplam yat\u0131r\u0131m bedeli 1.3 milyar dolar olarak hesaplan\u0131yor.<\/p>\n<p>Habert\u00fcrk<\/p>\n<\/div>\n","protected":false},"excerpt":{"rendered":"<p>Bug\u00fcne kadar 10 bin konutu sahiplerine teslim eden Emay \u0130n\u015faat, 2017&#8217;de de yat\u0131r\u0131mlar\u0131na devam edecek. Emay \u0130n\u015faat Y\u00f6netim Kurulu \u00dcyesi Hakan \u00c7a\u011flar, fazla yo\u011funlu\u011fun olmad\u0131\u011f\u0131 b\u00f6lgelerde proje geli\u015ftirmeye dikkat ettiklerini belirtti \u00a0Gayrimenkul sekt\u00f6r\u00fcnde son y\u0131llarda ciddi tart\u0131\u015fmalara neden olan &#8220;Konut fiyatlar\u0131nda balon var m\u0131?&#8221; konusu, g\u00fcndemdeki yerini koruyor. Emay \u0130n\u015faat Y\u00f6netim Kurulu \u00dcyesi Hakan \u00c7a\u011flar&#8217;a [&hellip;]<\/p>\n","protected":false},"author":1,"featured_media":7231,"comment_status":"open","ping_status":"open","sticky":false,"template":"","format":"standard","meta":{"ngg_post_thumbnail":0},"categories":[1,26,219,220,97],"tags":[11528,4658,4659,1923,67,88,80,1275,106,4473],"_links":{"self":[{"href":"https:\/\/emlaktuel.com\/index.php?rest_route=\/wp\/v2\/posts\/7227"}],"collection":[{"href":"https:\/\/emlaktuel.com\/index.php?rest_route=\/wp\/v2\/posts"}],"about":[{"href":"https:\/\/emlaktuel.com\/index.php?rest_route=\/wp\/v2\/types\/post"}],"author":[{"embeddable":true,"href":"https:\/\/emlaktuel.com\/index.php?rest_route=\/wp\/v2\/users\/1"}],"replies":[{"embeddable":true,"href":"https:\/\/emlaktuel.com\/index.php?rest_route=%2Fwp%2Fv2%2Fcomments&post=7227"}],"version-history":[{"count":2,"href":"https:\/\/emlaktuel.com\/index.php?rest_route=\/wp\/v2\/posts\/7227\/revisions"}],"predecessor-version":[{"id":7230,"href":"https:\/\/emlaktuel.com\/index.php?rest_route=\/wp\/v2\/posts\/7227\/revisions\/7230"}],"wp:featuredmedia":[{"embeddable":true,"href":"https:\/\/emlaktuel.com\/index.php?rest_route=\/wp\/v2\/media\/7231"}],"wp:attachment":[{"href":"https:\/\/emlaktuel.com\/index.php?rest_route=%2Fwp%2Fv2%2Fmedia&parent=7227"}],"wp:term":[{"taxonomy":"category","embeddable":true,"href":"https:\/\/emlaktuel.com\/index.php?rest_route=%2Fwp%2Fv2%2Fcategories&post=7227"},{"taxonomy":"post_tag","embeddable":true,"href":"https:\/\/emlaktuel.com\/index.php?rest_route=%2Fwp%2Fv2%2Ftags&post=7227"}],"curies":[{"name":"wp","href":"https:\/\/api.w.org\/{rel}","templated":true}]}}